{"id":12066,"date":"2021-11-10T21:09:22","date_gmt":"2021-11-10T20:09:22","guid":{"rendered":"https:\/\/agora.xtec.cat\/ceiprieraderibes\/?p=12066"},"modified":"2021-11-10T21:54:22","modified_gmt":"2021-11-10T20:54:22","slug":"cambra-fosca","status":"publish","type":"post","link":"https:\/\/agora.xtec.cat\/ceiprieraderibes\/portada\/cambra-fosca\/","title":{"rendered":"Cambra Fosca."},"content":{"rendered":"<p>Bon dia, fam\u00edlies,<\/p>\n<p>Nosaltres hem transformat la nostra classe en una cambra fosca<br \/>\nperqu\u00e8 estem fent fotografia en curs. Una de les primeres activitats que<br \/>\nhi ha\u00a0\u00e9s fer una cambra fosca per saber l\u2019origen de la c\u00e0mera<br \/>\nfotogr\u00e0fica.<br \/>\nLa cambra fosca normalment es fa en una capsa petita, com de<br \/>\nsabates, per\u00f2 nosaltres hem decidit fer-ho a tota la classe. A m\u00e9s hem<br \/>\napr\u00e8s molt respecte a la llum que ara explicarem de diverses maneres.<br \/>\nA les finestres de la classe vam posar cartr\u00f3 amb l\u2019objectiu de qu\u00e8 no<br \/>\nentr\u00e9s res de llum.<br \/>\nVam fer un petit forat al cartr\u00f3 (que \u00e9s diu estenop) perqu\u00e8 entri la llum<br \/>\ni davant vam posar una \u201cpantalla\u201d (que tamb\u00e9 la vam fer nosaltres). Vam<br \/>\ndescobrir que l\u2019estenop fa l\u2019efecte de un projector, per\u00f2 la imatge \u00e9s<br \/>\nveu invertida. A continuaci\u00f3 us expliquem perqu\u00e8 passa aix\u00f2:<\/p>\n<p>&nbsp;<\/p>\n<table style=\"border-collapse: collapse;width: 86.0262%;height: 219px\">\n<tbody>\n<tr>\n<td style=\"width: 50%\">&nbsp;<\/p>\n<p><a href=\"https:\/\/agora.xtec.cat\/ceiprieraderibes\/wp-content\/uploads\/usu901\/2021\/11\/cambrafosca1.png\"><img loading=\"lazy\" decoding=\"async\" class=\"alignleft wp-image-12067 \" src=\"https:\/\/agora.xtec.cat\/ceiprieraderibes\/wp-content\/uploads\/usu901\/2021\/11\/cambrafosca1-300x126.png\" alt=\"\" width=\"357\" height=\"150\" srcset=\"https:\/\/agora.xtec.cat\/ceiprieraderibes\/wp-content\/uploads\/usu901\/2021\/11\/cambrafosca1-300x126.png 300w, https:\/\/agora.xtec.cat\/ceiprieraderibes\/wp-content\/uploads\/usu901\/2021\/11\/cambrafosca1-1024x430.png 1024w, https:\/\/agora.xtec.cat\/ceiprieraderibes\/wp-content\/uploads\/usu901\/2021\/11\/cambrafosca1-768x323.png 768w, https:\/\/agora.xtec.cat\/ceiprieraderibes\/wp-content\/uploads\/usu901\/2021\/11\/cambrafosca1.png 1176w\" sizes=\"auto, (max-width: 357px) 100vw, 357px\" \/><\/a><\/p>\n<p>&nbsp;<\/td>\n<td style=\"width: 50%\"><a href=\"https:\/\/agora.xtec.cat\/ceiprieraderibes\/wp-content\/uploads\/usu901\/2021\/11\/cambra-fosca-1.jpg\"><img loading=\"lazy\" decoding=\"async\" class=\"size-medium wp-image-12068 aligncenter\" src=\"https:\/\/agora.xtec.cat\/ceiprieraderibes\/wp-content\/uploads\/usu901\/2021\/11\/cambra-fosca-1-300x213.jpg\" alt=\"\" width=\"300\" height=\"213\" srcset=\"https:\/\/agora.xtec.cat\/ceiprieraderibes\/wp-content\/uploads\/usu901\/2021\/11\/cambra-fosca-1-300x213.jpg 300w, https:\/\/agora.xtec.cat\/ceiprieraderibes\/wp-content\/uploads\/usu901\/2021\/11\/cambra-fosca-1-1024x727.jpg 1024w, https:\/\/agora.xtec.cat\/ceiprieraderibes\/wp-content\/uploads\/usu901\/2021\/11\/cambra-fosca-1-768x545.jpg 768w, https:\/\/agora.xtec.cat\/ceiprieraderibes\/wp-content\/uploads\/usu901\/2021\/11\/cambra-fosca-1.jpg 1525w\" sizes=\"auto, (max-width: 300px) 100vw, 300px\" \/><\/a><\/td>\n<\/tr>\n<\/tbody>\n<\/table>\n<p>La llum entra en l\u00ednia recta pel forat, la de dalt va directament cap a<br \/>\nbaix, la del mig segueix al mig i la de baix se&#8217;n va cap a dalt.<br \/>\nLa llum solar rebota als objectes. El fet de deixar nom\u00e9s un forat<br \/>\nperqu\u00e8 entri la llum fa que la imatge es vegi invertida. \u00c9s igual que el<br \/>\nfuncionament dels nostres ulls.<br \/>\nPer enfocar la imatge ens vam ajudar d\u2019una lupa, que fa la funci\u00f3 de<br \/>\nl\u2019objectiu.<\/p>\n<p>Que com ho vam fer?<\/p>\n<p>Mireu, mireu &#8230;<\/p>\n\n\t\t<style type=\"text\/css\">\n\t\t\t#gallery-1 {\n\t\t\t\tmargin: auto;\n\t\t\t}\n\t\t\t#gallery-1 .gallery-item {\n\t\t\t\tfloat: left;\n\t\t\t\tmargin-top: 10px;\n\t\t\t\ttext-align: center;\n\t\t\t\twidth: 25%;\n\t\t\t}\n\t\t\t#gallery-1 img {\n\t\t\t\tborder: 2px solid #cfcfcf;\n\t\t\t}\n\t\t\t#gallery-1 .gallery-caption {\n\t\t\t\tmargin-left: 0;\n\t\t\t}\n\t\t\t\/* see gallery_shortcode() in wp-includes\/media.php *\/\n\t\t<\/style>\n\t\t<div id='gallery-1' class='gallery galleryid-12066 gallery-columns-4 gallery-size-thumbnail'><dl class='gallery-item'>\n\t\t\t<dt class='gallery-icon landscape'>\n\t\t\t\t<a href='https:\/\/agora.xtec.cat\/ceiprieraderibes\/portada\/cambra-fosca\/attachment\/cambra2\/'><img loading=\"lazy\" decoding=\"async\" width=\"150\" height=\"150\" src=\"https:\/\/agora.xtec.cat\/ceiprieraderibes\/wp-content\/uploads\/usu901\/2021\/11\/cambra2-150x150.jpg\" class=\"attachment-thumbnail size-thumbnail\" alt=\"\" aria-describedby=\"gallery-1-12071\" \/><\/a>\n\t\t\t<\/dt>\n\t\t\t\t<dd class='wp-caption-text gallery-caption' id='gallery-1-12071'>\n\t\t\t\t.\n\t\t\t\t<\/dd><\/dl><dl class='gallery-item'>\n\t\t\t<dt class='gallery-icon landscape'>\n\t\t\t\t<a href='https:\/\/agora.xtec.cat\/ceiprieraderibes\/portada\/cambra-fosca\/attachment\/cambra3\/'><img loading=\"lazy\" decoding=\"async\" width=\"150\" height=\"150\" src=\"https:\/\/agora.xtec.cat\/ceiprieraderibes\/wp-content\/uploads\/usu901\/2021\/11\/cambra3-150x150.jpg\" class=\"attachment-thumbnail size-thumbnail\" alt=\"\" aria-describedby=\"gallery-1-12072\" \/><\/a>\n\t\t\t<\/dt>\n\t\t\t\t<dd class='wp-caption-text gallery-caption' id='gallery-1-12072'>\n\t\t\t\t.\n\t\t\t\t<\/dd><\/dl><dl class='gallery-item'>\n\t\t\t<dt class='gallery-icon portrait'>\n\t\t\t\t<a href='https:\/\/agora.xtec.cat\/ceiprieraderibes\/portada\/cambra-fosca\/attachment\/cambra4\/'><img loading=\"lazy\" decoding=\"async\" width=\"150\" height=\"150\" src=\"https:\/\/agora.xtec.cat\/ceiprieraderibes\/wp-content\/uploads\/usu901\/2021\/11\/cambra4-150x150.jpg\" class=\"attachment-thumbnail size-thumbnail\" alt=\"\" aria-describedby=\"gallery-1-12073\" \/><\/a>\n\t\t\t<\/dt>\n\t\t\t\t<dd class='wp-caption-text gallery-caption' id='gallery-1-12073'>\n\t\t\t\t.\n\t\t\t\t<\/dd><\/dl><dl class='gallery-item'>\n\t\t\t<dt class='gallery-icon landscape'>\n\t\t\t\t<a href='https:\/\/agora.xtec.cat\/ceiprieraderibes\/portada\/cambra-fosca\/attachment\/cambra5\/'><img loading=\"lazy\" decoding=\"async\" width=\"150\" height=\"150\" src=\"https:\/\/agora.xtec.cat\/ceiprieraderibes\/wp-content\/uploads\/usu901\/2021\/11\/cambra5-150x150.jpg\" class=\"attachment-thumbnail size-thumbnail\" alt=\"\" aria-describedby=\"gallery-1-12074\" \/><\/a>\n\t\t\t<\/dt>\n\t\t\t\t<dd class='wp-caption-text gallery-caption' id='gallery-1-12074'>\n\t\t\t\t.\n\t\t\t\t<\/dd><\/dl><br style=\"clear: both\" \/>\n\t\t<\/div>\n\n<p>Aquesta \u00e9s la nostra cambra fosca i esperem que us hagi agradat.<\/p>\n","protected":false},"excerpt":{"rendered":"<p>Som els alumnes de 6\u00e8 espai 5 i avui ens disposem a<br \/>\npresentar-vos la cambra fosca.&hellip;  <a href=\"https:\/\/agora.xtec.cat\/ceiprieraderibes\/portada\/cambra-fosca\/\" title=\"Read Cambra Fosca.\">Llegeix m\u00e9s\u00bb<\/a><\/p>\n","protected":false},"author":1,"featured_media":12067,"comment_status":"open","ping_status":"closed","sticky":false,"template":"","format":"standard","meta":{"_bbp_topic_count":0,"_bbp_reply_count":0,"_bbp_total_topic_count":0,"_bbp_total_reply_count":0,"_bbp_voice_count":0,"_bbp_anonymous_reply_count":0,"_bbp_topic_count_hidden":0,"_bbp_reply_count_hidden":0,"_bbp_forum_subforum_count":0,"footnotes":""},"categories":[49,48,47,4],"tags":[],"class_list":["post-12066","post","type-post","status-publish","format-standard","has-post-thumbnail","hentry","category-generacio-2010","category-generacio-2011","category-generacio-2012","category-portada"],"post_mailing_queue_ids":[],"_links":{"self":[{"href":"https:\/\/agora.xtec.cat\/ceiprieraderibes\/wp-json\/wp\/v2\/posts\/12066","targetHints":{"allow":["GET"]}}],"collection":[{"href":"https:\/\/agora.xtec.cat\/ceiprieraderibes\/wp-json\/wp\/v2\/posts"}],"about":[{"href":"https:\/\/agora.xtec.cat\/ceiprieraderibes\/wp-json\/wp\/v2\/types\/post"}],"author":[{"embeddable":true,"href":"https:\/\/agora.xtec.cat\/ceiprieraderibes\/wp-json\/wp\/v2\/users\/1"}],"replies":[{"embeddable":true,"href":"https:\/\/agora.xtec.cat\/ceiprieraderibes\/wp-json\/wp\/v2\/comments?post=12066"}],"version-history":[{"count":3,"href":"https:\/\/agora.xtec.cat\/ceiprieraderibes\/wp-json\/wp\/v2\/posts\/12066\/revisions"}],"predecessor-version":[{"id":12075,"href":"https:\/\/agora.xtec.cat\/ceiprieraderibes\/wp-json\/wp\/v2\/posts\/12066\/revisions\/12075"}],"wp:featuredmedia":[{"embeddable":true,"href":"https:\/\/agora.xtec.cat\/ceiprieraderibes\/wp-json\/wp\/v2\/media\/12067"}],"wp:attachment":[{"href":"https:\/\/agora.xtec.cat\/ceiprieraderibes\/wp-json\/wp\/v2\/media?parent=12066"}],"wp:term":[{"taxonomy":"category","embeddable":true,"href":"https:\/\/agora.xtec.cat\/ceiprieraderibes\/wp-json\/wp\/v2\/categories?post=12066"},{"taxonomy":"post_tag","embeddable":true,"href":"https:\/\/agora.xtec.cat\/ceiprieraderibes\/wp-json\/wp\/v2\/tags?post=12066"}],"curies":[{"name":"wp","href":"https:\/\/api.w.org\/{rel}","templated":true}]}}