{"id":12023,"date":"2021-10-27T13:48:29","date_gmt":"2021-10-27T11:48:29","guid":{"rendered":"https:\/\/agora.xtec.cat\/ceiprieraderibes\/?p=12023"},"modified":"2021-10-27T13:48:29","modified_gmt":"2021-10-27T11:48:29","slug":"vaga-28-10","status":"publish","type":"post","link":"https:\/\/agora.xtec.cat\/ceiprieraderibes\/portada\/vaga-28-10\/","title":{"rendered":"VAGA 28\/10"},"content":{"rendered":"<p>Benvolgudes fam\u00edlies en relaci\u00f3 a la vaga del proper dia 28 d&#8217;octubre preguem a les fam\u00edlies que vulguin donar els seus fills de baixa ho facin el m\u00e9s aviat possible, per tal de tenir una previsi\u00f3 del menjar.<\/p>\n<p>El servei de menjador funcionar\u00e0 amb normalitat i els infants que aquell dia no facin \u00fas del servei de menjador es descomptar\u00e0 com una falta justificada sempre i quan s&#8217;hagi avisat amb antelaci\u00f3 (abans de les 10:30h)<\/p>\n<p>&nbsp;<\/p>\n<p>Servei de menjador<\/p>\n","protected":false},"excerpt":{"rendered":"<p>Benvolgudes fam\u00edlies en relaci\u00f3 a la vaga del proper dia 28 d&#8217;octubre preguem a les fam\u00edlies que vulguin donar els seus fills de baixa ho facin el m\u00e9s aviat possible, per tal de tenir una previsi\u00f3 del menjar.<br \/>\nEl servei de menjador funcionar\u00e0 amb normalitat i&hellip;  <a href=\"https:\/\/agora.xtec.cat\/ceiprieraderibes\/portada\/vaga-28-10\/\" title=\"Read VAGA 28\/10\">Llegeix m\u00e9s\u00bb<\/a><\/p>\n","protected":false},"author":356,"featured_media":10648,"comment_status":"open","ping_status":"closed","sticky":false,"template":"","format":"standard","meta":{"_bbp_topic_count":0,"_bbp_reply_count":0,"_bbp_total_topic_count":0,"_bbp_total_reply_count":0,"_bbp_voice_count":0,"_bbp_anonymous_reply_count":0,"_bbp_topic_count_hidden":0,"_bbp_reply_count_hidden":0,"_bbp_forum_subforum_count":0,"footnotes":""},"categories":[57,4],"tags":[],"class_list":["post-12023","post","type-post","status-publish","format-standard","has-post-thumbnail","hentry","category-menjador-jocs-taula","category-portada"],"post_mailing_queue_ids":[],"_links":{"self":[{"href":"https:\/\/agora.xtec.cat\/ceiprieraderibes\/wp-json\/wp\/v2\/posts\/12023","targetHints":{"allow":["GET"]}}],"collection":[{"href":"https:\/\/agora.xtec.cat\/ceiprieraderibes\/wp-json\/wp\/v2\/posts"}],"about":[{"href":"https:\/\/agora.xtec.cat\/ceiprieraderibes\/wp-json\/wp\/v2\/types\/post"}],"author":[{"embeddable":true,"href":"https:\/\/agora.xtec.cat\/ceiprieraderibes\/wp-json\/wp\/v2\/users\/356"}],"replies":[{"embeddable":true,"href":"https:\/\/agora.xtec.cat\/ceiprieraderibes\/wp-json\/wp\/v2\/comments?post=12023"}],"version-history":[{"count":1,"href":"https:\/\/agora.xtec.cat\/ceiprieraderibes\/wp-json\/wp\/v2\/posts\/12023\/revisions"}],"predecessor-version":[{"id":12024,"href":"https:\/\/agora.xtec.cat\/ceiprieraderibes\/wp-json\/wp\/v2\/posts\/12023\/revisions\/12024"}],"wp:featuredmedia":[{"embeddable":true,"href":"https:\/\/agora.xtec.cat\/ceiprieraderibes\/wp-json\/wp\/v2\/media\/10648"}],"wp:attachment":[{"href":"https:\/\/agora.xtec.cat\/ceiprieraderibes\/wp-json\/wp\/v2\/media?parent=12023"}],"wp:term":[{"taxonomy":"category","embeddable":true,"href":"https:\/\/agora.xtec.cat\/ceiprieraderibes\/wp-json\/wp\/v2\/categories?post=12023"},{"taxonomy":"post_tag","embeddable":true,"href":"https:\/\/agora.xtec.cat\/ceiprieraderibes\/wp-json\/wp\/v2\/tags?post=12023"}],"curies":[{"name":"wp","href":"https:\/\/api.w.org\/{rel}","templated":true}]}}