{"id":11975,"date":"2021-10-05T11:03:19","date_gmt":"2021-10-05T09:03:19","guid":{"rendered":"https:\/\/agora.xtec.cat\/ceiprieraderibes\/?p=11975"},"modified":"2021-10-05T14:32:10","modified_gmt":"2021-10-05T12:32:10","slug":"menu-doctubre-5","status":"publish","type":"post","link":"https:\/\/agora.xtec.cat\/ceiprieraderibes\/portada\/menu-doctubre-5\/","title":{"rendered":"MEN\u00da D&#8217;OCTUBRE"},"content":{"rendered":"<p>&nbsp;<\/p>\n<p>Benvolgudes fam\u00edlies aqu\u00ed teniu el men\u00fa d&#8217;octubre.<\/p>\n<p><strong><span style=\"font-family: inherit;font-size: 1em\">Important!!!<\/span><\/strong><\/p>\n<p>El dinar del dia 13 s&#8217;ha canviat per el dia 14<\/p>\n<p><a href=\"https:\/\/agora.xtec.cat\/ceiprieraderibes\/wp-content\/uploads\/usu901\/2021\/10\/2-MENU-OCTUBRE-2021-VILANOVA-I-CUBELLES-2_page-0001.jpg\"><img loading=\"lazy\" decoding=\"async\" class=\"alignnone wp-image-11972\" src=\"https:\/\/agora.xtec.cat\/ceiprieraderibes\/wp-content\/uploads\/usu901\/2021\/10\/2-MENU-OCTUBRE-2021-VILANOVA-I-CUBELLES-2_page-0001-300x212.jpg\" alt=\"\" width=\"283\" height=\"200\" srcset=\"https:\/\/agora.xtec.cat\/ceiprieraderibes\/wp-content\/uploads\/usu901\/2021\/10\/2-MENU-OCTUBRE-2021-VILANOVA-I-CUBELLES-2_page-0001-300x212.jpg 300w, https:\/\/agora.xtec.cat\/ceiprieraderibes\/wp-content\/uploads\/usu901\/2021\/10\/2-MENU-OCTUBRE-2021-VILANOVA-I-CUBELLES-2_page-0001-1024x724.jpg 1024w, https:\/\/agora.xtec.cat\/ceiprieraderibes\/wp-content\/uploads\/usu901\/2021\/10\/2-MENU-OCTUBRE-2021-VILANOVA-I-CUBELLES-2_page-0001-768x543.jpg 768w, https:\/\/agora.xtec.cat\/ceiprieraderibes\/wp-content\/uploads\/usu901\/2021\/10\/2-MENU-OCTUBRE-2021-VILANOVA-I-CUBELLES-2_page-0001-1536x1086.jpg 1536w, https:\/\/agora.xtec.cat\/ceiprieraderibes\/wp-content\/uploads\/usu901\/2021\/10\/2-MENU-OCTUBRE-2021-VILANOVA-I-CUBELLES-2_page-0001.jpg 1754w\" sizes=\"auto, (max-width: 283px) 100vw, 283px\" \/><\/a><a href=\"https:\/\/agora.xtec.cat\/ceiprieraderibes\/wp-content\/uploads\/usu901\/2021\/10\/2-MENU-OCTUBRE-2021-VILANOVA-I-CUBELLES-2_page-0002.jpg\"><img loading=\"lazy\" decoding=\"async\" class=\"alignnone size-medium wp-image-11979\" src=\"https:\/\/agora.xtec.cat\/ceiprieraderibes\/wp-content\/uploads\/usu901\/2021\/10\/2-MENU-OCTUBRE-2021-VILANOVA-I-CUBELLES-2_page-0002-300x212.jpg\" alt=\"\" width=\"300\" height=\"212\" srcset=\"https:\/\/agora.xtec.cat\/ceiprieraderibes\/wp-content\/uploads\/usu901\/2021\/10\/2-MENU-OCTUBRE-2021-VILANOVA-I-CUBELLES-2_page-0002-300x212.jpg 300w, https:\/\/agora.xtec.cat\/ceiprieraderibes\/wp-content\/uploads\/usu901\/2021\/10\/2-MENU-OCTUBRE-2021-VILANOVA-I-CUBELLES-2_page-0002-1024x724.jpg 1024w, https:\/\/agora.xtec.cat\/ceiprieraderibes\/wp-content\/uploads\/usu901\/2021\/10\/2-MENU-OCTUBRE-2021-VILANOVA-I-CUBELLES-2_page-0002-768x543.jpg 768w, https:\/\/agora.xtec.cat\/ceiprieraderibes\/wp-content\/uploads\/usu901\/2021\/10\/2-MENU-OCTUBRE-2021-VILANOVA-I-CUBELLES-2_page-0002-1536x1086.jpg 1536w, https:\/\/agora.xtec.cat\/ceiprieraderibes\/wp-content\/uploads\/usu901\/2021\/10\/2-MENU-OCTUBRE-2021-VILANOVA-I-CUBELLES-2_page-0002.jpg 1754w\" sizes=\"auto, (max-width: 300px) 100vw, 300px\" \/><\/a><\/p>\n","protected":false},"excerpt":{"rendered":"<p>&nbsp;<br \/>\nBenvolgudes fam\u00edlies aqu\u00ed teniu el men\u00fa d&#8217;octubre.<br \/>\nImportant!!!<br \/>\nEl dinar del dia 13 s&#8217;ha canviat per el dia 14<br \/>\n<a href=\"https:\/\/agora.xtec.cat\/ceiprieraderibes\/wp-content\/uploads\/usu901\/2021\/10\/2-MENU-OCTUBRE-2021-VILANOVA-I-CUBELLES-2_page-0001.jpg\"><\/a><a href=\"https:\/\/agora.xtec.cat\/ceiprieraderibes\/wp-content\/uploads\/usu901\/2021\/10\/2-MENU-OCTUBRE-2021-VILANOVA-I-CUBELLES-2_page-0002.jpg\"><\/a><\/p>\n","protected":false},"author":356,"featured_media":10648,"comment_status":"open","ping_status":"closed","sticky":false,"template":"","format":"standard","meta":{"_bbp_topic_count":0,"_bbp_reply_count":0,"_bbp_total_topic_count":0,"_bbp_total_reply_count":0,"_bbp_voice_count":0,"_bbp_anonymous_reply_count":0,"_bbp_topic_count_hidden":0,"_bbp_reply_count_hidden":0,"_bbp_forum_subforum_count":0,"footnotes":""},"categories":[57,4],"tags":[],"class_list":["post-11975","post","type-post","status-publish","format-standard","has-post-thumbnail","hentry","category-menjador-jocs-taula","category-portada"],"post_mailing_queue_ids":[],"_links":{"self":[{"href":"https:\/\/agora.xtec.cat\/ceiprieraderibes\/wp-json\/wp\/v2\/posts\/11975","targetHints":{"allow":["GET"]}}],"collection":[{"href":"https:\/\/agora.xtec.cat\/ceiprieraderibes\/wp-json\/wp\/v2\/posts"}],"about":[{"href":"https:\/\/agora.xtec.cat\/ceiprieraderibes\/wp-json\/wp\/v2\/types\/post"}],"author":[{"embeddable":true,"href":"https:\/\/agora.xtec.cat\/ceiprieraderibes\/wp-json\/wp\/v2\/users\/356"}],"replies":[{"embeddable":true,"href":"https:\/\/agora.xtec.cat\/ceiprieraderibes\/wp-json\/wp\/v2\/comments?post=11975"}],"version-history":[{"count":3,"href":"https:\/\/agora.xtec.cat\/ceiprieraderibes\/wp-json\/wp\/v2\/posts\/11975\/revisions"}],"predecessor-version":[{"id":11983,"href":"https:\/\/agora.xtec.cat\/ceiprieraderibes\/wp-json\/wp\/v2\/posts\/11975\/revisions\/11983"}],"wp:featuredmedia":[{"embeddable":true,"href":"https:\/\/agora.xtec.cat\/ceiprieraderibes\/wp-json\/wp\/v2\/media\/10648"}],"wp:attachment":[{"href":"https:\/\/agora.xtec.cat\/ceiprieraderibes\/wp-json\/wp\/v2\/media?parent=11975"}],"wp:term":[{"taxonomy":"category","embeddable":true,"href":"https:\/\/agora.xtec.cat\/ceiprieraderibes\/wp-json\/wp\/v2\/categories?post=11975"},{"taxonomy":"post_tag","embeddable":true,"href":"https:\/\/agora.xtec.cat\/ceiprieraderibes\/wp-json\/wp\/v2\/tags?post=11975"}],"curies":[{"name":"wp","href":"https:\/\/api.w.org\/{rel}","templated":true}]}}