{"id":11916,"date":"2021-09-08T18:46:46","date_gmt":"2021-09-08T16:46:46","guid":{"rendered":"https:\/\/agora.xtec.cat\/ceiprieraderibes\/?p=11916"},"modified":"2021-09-08T18:46:46","modified_gmt":"2021-09-08T16:46:46","slug":"presentacio-curs-2021-2022","status":"publish","type":"post","link":"https:\/\/agora.xtec.cat\/ceiprieraderibes\/general\/presentacio-curs-2021-2022\/","title":{"rendered":"Presentaci\u00f3 Curs 2021\/2022"},"content":{"rendered":"<p dir=\"ltr\">Benvolgudes fam\u00edlies.<\/p>\n<p dir=\"ltr\">L\u2019inici de curs ja s&#8217;apropa! Us convidem el proper dijous dia 9 de setembre a la presentaci\u00f3 del curs on podreu con\u00e8ixer als i les mestres referents de cada nivell i les informacions necess\u00e0ries per iniciar el curs.<\/p>\n<p dir=\"ltr\">Sabeu que la pand\u00e8mia ens fa reinventar la manera de fer les coses i ajustar-les a all\u00f2 que marca la normativa. En aquest cas, ja que la norma ens ho permet, la presentaci\u00f3 de curs la farem per torns i de manera presencial a l&#8217;escola. Demanem de la vostra col\u00b7laboraci\u00f3 i responsabilitat per tal de poder-la fer seguint la normativa sanit\u00e0ria establerta.<\/p>\n<p dir=\"ltr\">Normativa de seguretat:<\/p>\n<ul>\n<li dir=\"ltr\">\n<p dir=\"ltr\" role=\"presentation\">Respectar la dist\u00e0ncia m\u00ednima de seguretat.<\/p>\n<\/li>\n<li dir=\"ltr\">\n<p dir=\"ltr\" role=\"presentation\">Assistir a la reuni\u00f3 un \u00fanic acompanyant per infant. Aquest haur\u00e0 d\u2019estar assegut\/uda amb vosaltres per tal de garantir la dist\u00e0ncia de seguretat entre els assistents.<\/p>\n<\/li>\n<li dir=\"ltr\">\n<p dir=\"ltr\" role=\"presentation\">A partir de 6 anys portar posada la mascareta (tot i ser a l&#8217;exterior).<\/p>\n<\/li>\n<\/ul>\n<p dir=\"ltr\">Els torns ser\u00e1n els seg\u00fcents :<\/p>\n<ul>\n<li dir=\"ltr\">\n<p dir=\"ltr\" role=\"presentation\">19h. Presentaci\u00f3 de Segon Cicle a la pista de futbol. L\u2019entrada ser\u00e0 pel gual de l\u2019escola.<\/p>\n<\/li>\n<li dir=\"ltr\">\n<p dir=\"ltr\" role=\"presentation\">19:30h. Presentaci\u00f3 d\u2019Infantil a la pista de b\u00e0squet. L\u2019entrada ser\u00e0 per la porta de la pista de b\u00e0squet.<\/p>\n<\/li>\n<li dir=\"ltr\">\n<p dir=\"ltr\" role=\"presentation\">20h. Presentaci\u00f3 de Primer Cicle a la pista de futbol. L\u2019entrada ser\u00e0 pel gual de l\u2019escola.<\/p>\n<\/li>\n<\/ul>\n<p dir=\"ltr\">Segur que entre tots i totes podem fer que aquest sigui, d&#8217;igual manera, un moment molt emocionant de retrobament.<\/p>\n<p dir=\"ltr\">Molt\u00edssimes gr\u00e0cies anticipades per la vostra responsabilitat.<\/p>\n<p>&nbsp;<\/p>\n<p dir=\"ltr\">L&#8217;equip docent de l&#8217;Escola Riera de Ribes.<\/p>\n","protected":false},"excerpt":{"rendered":"<p>Benvolgudes fam\u00edlies.<br \/>\nL\u2019inici de curs ja s&#8217;apropa! Us convidem el proper dijous dia 9 de setembre a la presentaci\u00f3 del curs on podreu con\u00e8ixer als i les mestres referents de cada nivell i les informacions necess\u00e0ries per iniciar el curs.<br \/>\nSabeu que la pand\u00e8mia ens fa reinventar&hellip;  <a href=\"https:\/\/agora.xtec.cat\/ceiprieraderibes\/general\/presentacio-curs-2021-2022\/\" title=\"Read Presentaci\u00f3 Curs 2021\/2022\">Llegeix m\u00e9s\u00bb<\/a><\/p>\n","protected":false},"author":175,"featured_media":0,"comment_status":"open","ping_status":"closed","sticky":false,"template":"","format":"standard","meta":{"_bbp_topic_count":0,"_bbp_reply_count":0,"_bbp_total_topic_count":0,"_bbp_total_reply_count":0,"_bbp_voice_count":0,"_bbp_anonymous_reply_count":0,"_bbp_topic_count_hidden":0,"_bbp_reply_count_hidden":0,"_bbp_forum_subforum_count":0,"footnotes":""},"categories":[1,4],"tags":[],"class_list":["post-11916","post","type-post","status-publish","format-standard","hentry","category-general","category-portada"],"post_mailing_queue_ids":[],"_links":{"self":[{"href":"https:\/\/agora.xtec.cat\/ceiprieraderibes\/wp-json\/wp\/v2\/posts\/11916","targetHints":{"allow":["GET"]}}],"collection":[{"href":"https:\/\/agora.xtec.cat\/ceiprieraderibes\/wp-json\/wp\/v2\/posts"}],"about":[{"href":"https:\/\/agora.xtec.cat\/ceiprieraderibes\/wp-json\/wp\/v2\/types\/post"}],"author":[{"embeddable":true,"href":"https:\/\/agora.xtec.cat\/ceiprieraderibes\/wp-json\/wp\/v2\/users\/175"}],"replies":[{"embeddable":true,"href":"https:\/\/agora.xtec.cat\/ceiprieraderibes\/wp-json\/wp\/v2\/comments?post=11916"}],"version-history":[{"count":1,"href":"https:\/\/agora.xtec.cat\/ceiprieraderibes\/wp-json\/wp\/v2\/posts\/11916\/revisions"}],"predecessor-version":[{"id":11917,"href":"https:\/\/agora.xtec.cat\/ceiprieraderibes\/wp-json\/wp\/v2\/posts\/11916\/revisions\/11917"}],"wp:attachment":[{"href":"https:\/\/agora.xtec.cat\/ceiprieraderibes\/wp-json\/wp\/v2\/media?parent=11916"}],"wp:term":[{"taxonomy":"category","embeddable":true,"href":"https:\/\/agora.xtec.cat\/ceiprieraderibes\/wp-json\/wp\/v2\/categories?post=11916"},{"taxonomy":"post_tag","embeddable":true,"href":"https:\/\/agora.xtec.cat\/ceiprieraderibes\/wp-json\/wp\/v2\/tags?post=11916"}],"curies":[{"name":"wp","href":"https:\/\/api.w.org\/{rel}","templated":true}]}}