{"id":11871,"date":"2021-06-26T10:54:08","date_gmt":"2021-06-26T08:54:08","guid":{"rendered":"http:\/\/agora.xtec.cat\/ceiprieraderibes\/?p=11871"},"modified":"2021-06-26T10:54:52","modified_gmt":"2021-06-26T08:54:52","slug":"pas-a-pas-cinema-en-curs","status":"publish","type":"post","link":"https:\/\/agora.xtec.cat\/ceiprieraderibes\/portada\/pas-a-pas-cinema-en-curs\/","title":{"rendered":"Pas a Pas- CINEMA en CURS"},"content":{"rendered":"<p style=\"text-align: justify;\"><span style=\"font-weight: 400;\">Com sabeu des de fa anys, la nostra escola participa del projecte \u201cCINEMA en CURS\u201d un programa de pedagogia del cinema i amb el cinema en escoles i instituts, amb un doble objectiu: apropar infants i joves a l\u2019art cinematogr\u00e0fic i explorar les pot\u00e8ncies pedag\u00f2giques del cinema en l\u2019\u00e0mbit educatiu. Iniciat a Catalunya el 2005, ha anat creixent en tots els \u00e0mbits, ha rebut reconeixements arreu, i actualment es desenvolupa tamb\u00e9 a Gal\u00edcia, Madrid, el Pa\u00eds Basc, Alemanya i Xile, a m\u00e9s d\u2019algunes experi\u00e8ncies a M\u00e8xic, Eslov\u00e8nia i Litu\u00e0nia.\u00a0<\/span><\/p>\n<p style=\"text-align: justify;\"><span style=\"font-weight: 400;\">I aix\u00ed doncs, despr\u00e9s d\u2019un curs de cinema, els passat 9 i 18 de juny, el grup de 6\u00e8 de l\u2019espai 6 v\u00e0rem presentar el nostre film \u201cPas a pas\u201d a la Filmoteca de Catalunya i a Cine Ribes respectivament.<\/span><\/p>\n<p style=\"text-align: justify;\"><span style=\"font-weight: 400;\">Van ser unes jornades molt emocionants ja que a la Filmoteca el vam presentar conjuntament amb altres alumnes (tamb\u00e9 participants d\u2019aquest projecte) on el discurs era compartit (parlar, sentir i estimar el cinema) diferent per\u00f2 molt emocionant tamb\u00e9, va ser la presentaci\u00f3 a Cine Ribes on el discurs anava dirigit a les fam\u00edlies i a d\u2019altres companys\/es de 6\u00e8.\u00a0<\/span><\/p>\n<p style=\"text-align: justify;\"><span style=\"font-weight: 400;\">Amb aquest article volem compartir algunes reflexions que vam fer a l\u2019aula despr\u00e9s de viure l\u2019experi\u00e8ncia de fer cinema a l\u2019escola.\u00a0<\/span><\/p>\n<p style=\"text-align: justify;\"><span style=\"font-weight: 400;\">\u201cLa jornada que vam viure ahir va ser un dels dies m\u00e9s emocionants de la meva inf\u00e0ncia. Va ser molt emocionant veure la nostra pel\u00b7l\u00edcula en una pantalla gran. Veure tot el nostre esfor\u00e7 i insist\u00e8ncia plasmats en la nostra pel\u00b7l\u00edcula\u201d.<\/span><\/p>\n<p style=\"text-align: justify;\"><b>Martina R. de M.<\/b><\/p>\n<p style=\"text-align: justify;\"><span style=\"font-weight: 400;\">\u201cDurant la projecci\u00f3 de la nostra pel\u00b7l\u00edcula em vaig sentir orgull\u00f3s d\u2019haver tingut l\u2019oportunitat de filmar\u201d.<\/span><\/p>\n<p style=\"text-align: justify;\"><b>Lluc P.<\/b><\/p>\n<p style=\"text-align: justify;\"><span style=\"font-weight: 400;\">\u201cEstar a la Filmoteca i al cine de Ribes m\u2019ha semblat molt agradable perqu\u00e8 m\u2019ha fet sentir especial\u201d.<\/span><\/p>\n<p style=\"text-align: justify;\"><b>Martina G.<\/b><\/p>\n<p style=\"text-align: justify;\"><span style=\"font-weight: 400;\">\u201cPer mi ha estat molt emocionant sortir a parlar davant de tothom\u201d.<\/span><\/p>\n<p style=\"text-align: justify;\"><b>Asier I.<\/b><\/p>\n<p style=\"text-align: justify;\"><span style=\"font-weight: 400;\">\u201c A les projeccions m\u2019he sentit molt nerviosa per parlar davant de tothom per\u00f2 al final estava molt m\u00e9s tranquil\u00b7la\u201d.<\/span><\/p>\n<p style=\"text-align: justify;\"><b>Laia M.<\/b><\/p>\n<p style=\"text-align: justify;\"><span style=\"font-weight: 400;\">\u201cMe ha gustado mucho el esfuerzo de toda la gente\u201d<\/span><\/p>\n<p style=\"text-align: justify;\"><b>Pablo H.<\/b><\/p>\n<p style=\"text-align: justify;\"><span style=\"font-weight: 400;\">\u201cJo estava molt nerviosa i va ser molt emocionant veure les pel\u00b7l\u00edcules dels altres sabent que gaireb\u00e9 hav\u00edem fet el mateix recorregut per concebre el film. Per mi el moment m\u00e9s emocionant va ser veure la nostra pel\u00b7l\u00edcula en pantalla gran\u201d.<\/span><\/p>\n<p style=\"text-align: justify;\"><b>Emma B.<\/b><\/p>\n<p style=\"text-align: justify;\"><span style=\"font-weight: 400;\">\u201cDurant les projeccions m\u2019he sentit cineasta, emocionada, nerviosa&#8230;\u201d<\/span><\/p>\n<p style=\"text-align: justify;\"><b>Emma La P.<\/b><\/p>\n<p style=\"text-align: justify;\"><span style=\"font-weight: 400;\">\u201cJo em vaig sentir molt a gust, el moment m\u00e9s emocionant va ser veure les pel\u00b7l\u00edcules dels altres i tamb\u00e9 la nostra\u201d.<\/span><\/p>\n<p style=\"text-align: justify;\"><b>Marta M.<\/b><\/p>\n<p style=\"text-align: justify;\"><span style=\"font-weight: 400;\">\u201c Em va agradar molt anar a la Filmoteca i les pel\u00b7l\u00edcules. Em vaig sentir molt b\u00e9. Per mi el moment m\u00e9s emocionant va ser quan van sortir a presentar el seu film els nois dels diferents pa\u00efsos de l\u2019\u00c0frica, quan van explicar el seu cam\u00ed fins a Catalunya i com havien treballat en el seu film\u201d.<\/span><\/p>\n<p style=\"text-align: justify;\"><b>Claudi A.<\/b><\/p>\n<p>&nbsp;<\/p>\n<p><b>Filmoteca de Catalunya<\/b><\/p>\n\n\t\t<style type=\"text\/css\">\n\t\t\t#gallery-1 {\n\t\t\t\tmargin: auto;\n\t\t\t}\n\t\t\t#gallery-1 .gallery-item {\n\t\t\t\tfloat: left;\n\t\t\t\tmargin-top: 10px;\n\t\t\t\ttext-align: center;\n\t\t\t\twidth: 50%;\n\t\t\t}\n\t\t\t#gallery-1 img {\n\t\t\t\tborder: 2px solid #cfcfcf;\n\t\t\t}\n\t\t\t#gallery-1 .gallery-caption {\n\t\t\t\tmargin-left: 0;\n\t\t\t}\n\t\t\t\/* see gallery_shortcode() in wp-includes\/media.php *\/\n\t\t<\/style>\n\t\t<div id='gallery-1' class='gallery galleryid-11871 gallery-columns-2 gallery-size-medium'><dl class='gallery-item'>\n\t\t\t<dt class='gallery-icon landscape'>\n\t\t\t\t<a href='https:\/\/agora.xtec.cat\/ceiprieraderibes\/portada\/pas-a-pas-cinema-en-curs\/attachment\/1-20\/'><img loading=\"lazy\" decoding=\"async\" width=\"300\" height=\"225\" src=\"https:\/\/agora.xtec.cat\/ceiprieraderibes\/wp-content\/uploads\/usu901\/2021\/06\/1-300x225.jpeg\" class=\"attachment-medium size-medium\" alt=\"\" srcset=\"https:\/\/agora.xtec.cat\/ceiprieraderibes\/wp-content\/uploads\/usu901\/2021\/06\/1-300x225.jpeg 300w, https:\/\/agora.xtec.cat\/ceiprieraderibes\/wp-content\/uploads\/usu901\/2021\/06\/1-768x576.jpeg 768w, https:\/\/agora.xtec.cat\/ceiprieraderibes\/wp-content\/uploads\/usu901\/2021\/06\/1-1024x768.jpeg 1024w, https:\/\/agora.xtec.cat\/ceiprieraderibes\/wp-content\/uploads\/usu901\/2021\/06\/1-200x150.jpeg 200w, https:\/\/agora.xtec.cat\/ceiprieraderibes\/wp-content\/uploads\/usu901\/2021\/06\/1.jpeg 2048w\" sizes=\"auto, (max-width: 300px) 100vw, 300px\" \/><\/a>\n\t\t\t<\/dt><\/dl><dl class='gallery-item'>\n\t\t\t<dt class='gallery-icon portrait'>\n\t\t\t\t<a href='https:\/\/agora.xtec.cat\/ceiprieraderibes\/portada\/pas-a-pas-cinema-en-curs\/attachment\/3-16\/'><img loading=\"lazy\" decoding=\"async\" width=\"225\" height=\"300\" src=\"https:\/\/agora.xtec.cat\/ceiprieraderibes\/wp-content\/uploads\/usu901\/2021\/06\/3-225x300.jpeg\" class=\"attachment-medium size-medium\" alt=\"\" srcset=\"https:\/\/agora.xtec.cat\/ceiprieraderibes\/wp-content\/uploads\/usu901\/2021\/06\/3-225x300.jpeg 225w, https:\/\/agora.xtec.cat\/ceiprieraderibes\/wp-content\/uploads\/usu901\/2021\/06\/3.jpeg 768w\" sizes=\"auto, (max-width: 225px) 100vw, 225px\" \/><\/a>\n\t\t\t<\/dt><\/dl><br style=\"clear: both\" \/>\n\t\t<\/div>\n\n<p><b>Cinema Ribes<\/b><\/p>\n\n\t\t<style type=\"text\/css\">\n\t\t\t#gallery-2 {\n\t\t\t\tmargin: auto;\n\t\t\t}\n\t\t\t#gallery-2 .gallery-item {\n\t\t\t\tfloat: left;\n\t\t\t\tmargin-top: 10px;\n\t\t\t\ttext-align: center;\n\t\t\t\twidth: 50%;\n\t\t\t}\n\t\t\t#gallery-2 img {\n\t\t\t\tborder: 2px solid #cfcfcf;\n\t\t\t}\n\t\t\t#gallery-2 .gallery-caption {\n\t\t\t\tmargin-left: 0;\n\t\t\t}\n\t\t\t\/* see gallery_shortcode() in wp-includes\/media.php *\/\n\t\t<\/style>\n\t\t<div id='gallery-2' class='gallery galleryid-11871 gallery-columns-2 gallery-size-medium'><dl class='gallery-item'>\n\t\t\t<dt class='gallery-icon landscape'>\n\t\t\t\t<a href='https:\/\/agora.xtec.cat\/ceiprieraderibes\/portada\/pas-a-pas-cinema-en-curs\/attachment\/7-6\/'><img loading=\"lazy\" decoding=\"async\" width=\"300\" height=\"224\" src=\"https:\/\/agora.xtec.cat\/ceiprieraderibes\/wp-content\/uploads\/usu901\/2021\/06\/7-300x224.jpeg\" class=\"attachment-medium size-medium\" alt=\"\" srcset=\"https:\/\/agora.xtec.cat\/ceiprieraderibes\/wp-content\/uploads\/usu901\/2021\/06\/7-300x224.jpeg 300w, https:\/\/agora.xtec.cat\/ceiprieraderibes\/wp-content\/uploads\/usu901\/2021\/06\/7-768x574.jpeg 768w, https:\/\/agora.xtec.cat\/ceiprieraderibes\/wp-content\/uploads\/usu901\/2021\/06\/7-1024x766.jpeg 1024w, https:\/\/agora.xtec.cat\/ceiprieraderibes\/wp-content\/uploads\/usu901\/2021\/06\/7-200x150.jpeg 200w, https:\/\/agora.xtec.cat\/ceiprieraderibes\/wp-content\/uploads\/usu901\/2021\/06\/7.jpeg 2000w\" sizes=\"auto, (max-width: 300px) 100vw, 300px\" \/><\/a>\n\t\t\t<\/dt><\/dl><dl class='gallery-item'>\n\t\t\t<dt class='gallery-icon landscape'>\n\t\t\t\t<a href='https:\/\/agora.xtec.cat\/ceiprieraderibes\/portada\/pas-a-pas-cinema-en-curs\/attachment\/4-12\/'><img loading=\"lazy\" decoding=\"async\" width=\"300\" height=\"225\" src=\"https:\/\/agora.xtec.cat\/ceiprieraderibes\/wp-content\/uploads\/usu901\/2021\/06\/4-300x225.jpeg\" class=\"attachment-medium size-medium\" alt=\"\" srcset=\"https:\/\/agora.xtec.cat\/ceiprieraderibes\/wp-content\/uploads\/usu901\/2021\/06\/4-300x225.jpeg 300w, https:\/\/agora.xtec.cat\/ceiprieraderibes\/wp-content\/uploads\/usu901\/2021\/06\/4-768x576.jpeg 768w, https:\/\/agora.xtec.cat\/ceiprieraderibes\/wp-content\/uploads\/usu901\/2021\/06\/4-1024x769.jpeg 1024w, https:\/\/agora.xtec.cat\/ceiprieraderibes\/wp-content\/uploads\/usu901\/2021\/06\/4-200x150.jpeg 200w, https:\/\/agora.xtec.cat\/ceiprieraderibes\/wp-content\/uploads\/usu901\/2021\/06\/4.jpeg 1600w\" sizes=\"auto, (max-width: 300px) 100vw, 300px\" \/><\/a>\n\t\t\t<\/dt><\/dl><br style=\"clear: both\" \/><dl class='gallery-item'>\n\t\t\t<dt class='gallery-icon landscape'>\n\t\t\t\t<a href='https:\/\/agora.xtec.cat\/ceiprieraderibes\/portada\/pas-a-pas-cinema-en-curs\/attachment\/5-11\/'><img loading=\"lazy\" decoding=\"async\" width=\"300\" height=\"224\" src=\"https:\/\/agora.xtec.cat\/ceiprieraderibes\/wp-content\/uploads\/usu901\/2021\/06\/5-300x224.jpeg\" class=\"attachment-medium size-medium\" alt=\"\" srcset=\"https:\/\/agora.xtec.cat\/ceiprieraderibes\/wp-content\/uploads\/usu901\/2021\/06\/5-300x224.jpeg 300w, https:\/\/agora.xtec.cat\/ceiprieraderibes\/wp-content\/uploads\/usu901\/2021\/06\/5-768x574.jpeg 768w, https:\/\/agora.xtec.cat\/ceiprieraderibes\/wp-content\/uploads\/usu901\/2021\/06\/5-1024x766.jpeg 1024w, https:\/\/agora.xtec.cat\/ceiprieraderibes\/wp-content\/uploads\/usu901\/2021\/06\/5-200x150.jpeg 200w, https:\/\/agora.xtec.cat\/ceiprieraderibes\/wp-content\/uploads\/usu901\/2021\/06\/5.jpeg 2000w\" sizes=\"auto, (max-width: 300px) 100vw, 300px\" \/><\/a>\n\t\t\t<\/dt><\/dl><dl class='gallery-item'>\n\t\t\t<dt class='gallery-icon landscape'>\n\t\t\t\t<a href='https:\/\/agora.xtec.cat\/ceiprieraderibes\/portada\/pas-a-pas-cinema-en-curs\/attachment\/6-11\/'><img loading=\"lazy\" decoding=\"async\" width=\"300\" height=\"224\" src=\"https:\/\/agora.xtec.cat\/ceiprieraderibes\/wp-content\/uploads\/usu901\/2021\/06\/6-300x224.jpeg\" class=\"attachment-medium size-medium\" alt=\"\" srcset=\"https:\/\/agora.xtec.cat\/ceiprieraderibes\/wp-content\/uploads\/usu901\/2021\/06\/6-300x224.jpeg 300w, https:\/\/agora.xtec.cat\/ceiprieraderibes\/wp-content\/uploads\/usu901\/2021\/06\/6-768x574.jpeg 768w, https:\/\/agora.xtec.cat\/ceiprieraderibes\/wp-content\/uploads\/usu901\/2021\/06\/6-1024x766.jpeg 1024w, https:\/\/agora.xtec.cat\/ceiprieraderibes\/wp-content\/uploads\/usu901\/2021\/06\/6-200x150.jpeg 200w, https:\/\/agora.xtec.cat\/ceiprieraderibes\/wp-content\/uploads\/usu901\/2021\/06\/6.jpeg 2000w\" sizes=\"auto, (max-width: 300px) 100vw, 300px\" \/><\/a>\n\t\t\t<\/dt><\/dl><br style=\"clear: both\" \/>\n\t\t<\/div>\n\n<p style=\"text-align: justify;\"><span style=\"font-weight: 400;\">Per acabar volem agrair a la nostra escola per donar-nos l\u2019oportunitat de participar en aquest projecte on hem apr\u00e8s a respectar-nos, a no trepitjar-nos quan parlem. Hem apr\u00e8s que la suma d\u2019idees no \u00e9s la soluci\u00f3 sin\u00f3 que de les idees de tots surt una de nova, una de molt millor perqu\u00e8 en ella hi ha l\u2019ess\u00e8ncia de tots\/es nosaltres. Hem apr\u00e8s a consensuar, a deixar anar una idea (per molt bona que ens assembli) pel b\u00e9 del grup i de la nostra pel\u00b7l\u00edcula. Hem apr\u00e8s dels altres i amb els altres. Hem apr\u00e8s a ser cineastes, sonidistes, directors, ajudants de direcci\u00f3, fot\u00f2grafs&#8230; Hem apr\u00e8s a mirar la vida amb ulls de cinesta.<\/span><\/p>\n<p style=\"text-align: justify;\"><span style=\"font-weight: 400;\">Tamb\u00e9 volem agrair a les nostres fam\u00edlies tot l\u2019esfor\u00e7 que han fet. I, per acabar, volem agrair a Abaoa_q per haver tingut una idea tan bona aquesta de fer cinema a les escoles.\u00a0<\/span><\/p>\n<p><a href=\"https:\/\/drive.google.com\/file\/d\/1M5iQ_lhsiyJ1wOWjSs80moQJaP769Fc-\/view?usp=sharing\">Pas a Pas- CINEMA EN CURS 2021<\/a><\/p>\n","protected":false},"excerpt":{"rendered":"<p>Com sabeu des de fa anys, la nostra escola participa del projecte \u201cCINEMA en CURS\u201d un programa de pedagogia del cinema i amb el cinema en escoles i instituts, amb un doble objectiu: apropar infants i joves a l\u2019art cinematogr\u00e0fic i explorar les pot\u00e8ncies pedag\u00f2giques&hellip;  <a href=\"https:\/\/agora.xtec.cat\/ceiprieraderibes\/portada\/pas-a-pas-cinema-en-curs\/\" title=\"Read Pas a Pas- CINEMA en CURS\">Llegeix m\u00e9s\u00bb<\/a><\/p>\n","protected":false},"author":175,"featured_media":11883,"comment_status":"open","ping_status":"closed","sticky":false,"template":"","format":"standard","meta":{"_bbp_topic_count":0,"_bbp_reply_count":0,"_bbp_total_topic_count":0,"_bbp_total_reply_count":0,"_bbp_voice_count":0,"_bbp_anonymous_reply_count":0,"_bbp_topic_count_hidden":0,"_bbp_reply_count_hidden":0,"_bbp_forum_subforum_count":0,"footnotes":""},"categories":[50,4],"tags":[],"class_list":["post-11871","post","type-post","status-publish","format-standard","has-post-thumbnail","hentry","category-generacio-2009","category-portada"],"post_mailing_queue_ids":[],"_links":{"self":[{"href":"https:\/\/agora.xtec.cat\/ceiprieraderibes\/wp-json\/wp\/v2\/posts\/11871","targetHints":{"allow":["GET"]}}],"collection":[{"href":"https:\/\/agora.xtec.cat\/ceiprieraderibes\/wp-json\/wp\/v2\/posts"}],"about":[{"href":"https:\/\/agora.xtec.cat\/ceiprieraderibes\/wp-json\/wp\/v2\/types\/post"}],"author":[{"embeddable":true,"href":"https:\/\/agora.xtec.cat\/ceiprieraderibes\/wp-json\/wp\/v2\/users\/175"}],"replies":[{"embeddable":true,"href":"https:\/\/agora.xtec.cat\/ceiprieraderibes\/wp-json\/wp\/v2\/comments?post=11871"}],"version-history":[{"count":3,"href":"https:\/\/agora.xtec.cat\/ceiprieraderibes\/wp-json\/wp\/v2\/posts\/11871\/revisions"}],"predecessor-version":[{"id":11890,"href":"https:\/\/agora.xtec.cat\/ceiprieraderibes\/wp-json\/wp\/v2\/posts\/11871\/revisions\/11890"}],"wp:featuredmedia":[{"embeddable":true,"href":"https:\/\/agora.xtec.cat\/ceiprieraderibes\/wp-json\/wp\/v2\/media\/11883"}],"wp:attachment":[{"href":"https:\/\/agora.xtec.cat\/ceiprieraderibes\/wp-json\/wp\/v2\/media?parent=11871"}],"wp:term":[{"taxonomy":"category","embeddable":true,"href":"https:\/\/agora.xtec.cat\/ceiprieraderibes\/wp-json\/wp\/v2\/categories?post=11871"},{"taxonomy":"post_tag","embeddable":true,"href":"https:\/\/agora.xtec.cat\/ceiprieraderibes\/wp-json\/wp\/v2\/tags?post=11871"}],"curies":[{"name":"wp","href":"https:\/\/api.w.org\/{rel}","templated":true}]}}