{"id":11870,"date":"2021-06-23T14:59:02","date_gmt":"2021-06-23T12:59:02","guid":{"rendered":"http:\/\/agora.xtec.cat\/ceiprieraderibes\/?p=11870"},"modified":"2021-07-08T18:39:59","modified_gmt":"2021-07-08T16:39:59","slug":"lhora-perduda-cantata-2020-2021","status":"publish","type":"post","link":"https:\/\/agora.xtec.cat\/ceiprieraderibes\/general\/lhora-perduda-cantata-2020-2021\/","title":{"rendered":"L&#8217;hora perduda &#8211; Cantata 2020\/2021"},"content":{"rendered":"<p>Com cada any, des de l\u2019\u00e0mbit art\u00edstic i musical l\u2019escola prepara una nova cantata. Aquest any hem treballat al voltant de la cantata &#8220;L&#8217;hora perduda&#8221; i ha estat interpretada per l&#8217;alumnat de 1r fins a 6\u00e8. Els nens i nenes de 1r, 2n i 3r han cantat; 4t i 6\u00e8 han participat tocant els instruments; i 5\u00e8 han fet de narradors.<\/p>\n<p>Donada la situaci\u00f3 actual, hem hagut de fer diferents torns i hem trobat a faltar l&#8217;escalf de les fam\u00edlies amb nosaltres durant l&#8217;espectacle. Tot i aix\u00f2, ha estat una oportunitat per compartir amb els altres i per construir junts i juntes.<\/p>\n<p>Aix\u00ed doncs, aquest curs compartim amb tots vosaltres aquest moment tant esperat d&#8217;una forma diferent. A continuaci\u00f3 us deixem els enlla\u00e7os als v\u00eddeos dels tres torns per compartir-la amb totes les fam\u00edlies i alumnes. Esperem que us agradi i la gaudiu tant com els nens i nens que l&#8217;han preparat.<\/p>\n<p><a href=\"https:\/\/drive.google.com\/file\/d\/1EC76P4SSsi9YqlLzfcD5TTSUXHWaLziJ\/view?usp=sharing\" target=\"_blank\" rel=\"noopener noreferrer\">Primer torn<\/a><br \/>\n<iframe loading=\"lazy\" src=\"https:\/\/player.vimeo.com\/video\/564058332?badge=0&amp;autopause=0&amp;player_id=0&amp;app_id=58479\" width=\"960\" height=\"540\" frameborder=\"0\" title=\"video primer.mp4\"><\/iframe><\/p>\n<p><a href=\"https:\/\/drive.google.com\/file\/d\/1WxPEuCIKS-hoJafYRkIGIqtys4AXkWAd\/view?usp=sharing\" target=\"_blank\" rel=\"noopener noreferrer\">Segon torn<\/a><br \/>\n<iframe loading=\"lazy\" src=\"https:\/\/player.vimeo.com\/video\/566467882?badge=0&amp;autopause=0&amp;player_id=0&amp;app_id=58479\" width=\"960\" height=\"540\" frameborder=\"0\" title=\"video segon\"><\/iframe><br \/>\n&nbsp;<\/p>\n<p><a href=\"https:\/\/drive.google.com\/file\/d\/1TCVg5yb-lKuQhlALF_bLGM_eoY45x-3j\/view?usp=sharing\" target=\"_blank\" rel=\"noopener noreferrer\">Tercer torn<\/a><br \/>\n<iframe loading=\"lazy\" src=\"https:\/\/player.vimeo.com\/video\/572644479?badge=0&amp;autopause=0&amp;player_id=0&amp;app_id=58479\" width=\"960\" height=\"540\" frameborder=\"0\"><\/iframe><\/p>\n<p>&nbsp;<\/p>\n<p>Gr\u00e0cies a totes les persones que ho han fet possible i gr\u00e0cies tamb\u00e9 a l&#8217;ajut i col\u00b7laboraci\u00f3 de Soulventure en el proc\u00e9s de gravaci\u00f3 de la cantata.<\/p>\n","protected":false},"excerpt":{"rendered":"<p>Com cada any, des de l\u2019\u00e0mbit art\u00edstic i musical l\u2019escola prepara una nova cantata. Aquest any hem treballat al voltant de la cantata &#8220;L&#8217;hora perduda&#8221; i ha estat interpretada per l&#8217;alumnat de 1r fins a 6\u00e8. Els nens i nenes de 1r, 2n i 3r&hellip;  <a href=\"https:\/\/agora.xtec.cat\/ceiprieraderibes\/general\/lhora-perduda-cantata-2020-2021\/\" title=\"Read L&#8217;hora perduda &#8211; Cantata 2020\/2021\">Llegeix m\u00e9s\u00bb<\/a><\/p>\n","protected":false},"author":1,"featured_media":11878,"comment_status":"open","ping_status":"closed","sticky":false,"template":"","format":"standard","meta":{"_bbp_topic_count":0,"_bbp_reply_count":0,"_bbp_total_topic_count":0,"_bbp_total_reply_count":0,"_bbp_voice_count":0,"_bbp_anonymous_reply_count":0,"_bbp_topic_count_hidden":0,"_bbp_reply_count_hidden":0,"_bbp_forum_subforum_count":0,"footnotes":""},"categories":[50,49,48,47,157,177,1,4],"tags":[],"class_list":["post-11870","post","type-post","status-publish","format-standard","has-post-thumbnail","hentry","category-generacio-2009","category-generacio-2010","category-generacio-2011","category-generacio-2012","category-generacio-2013","category-generacio-2014","category-general","category-portada"],"post_mailing_queue_ids":[],"_links":{"self":[{"href":"https:\/\/agora.xtec.cat\/ceiprieraderibes\/wp-json\/wp\/v2\/posts\/11870","targetHints":{"allow":["GET"]}}],"collection":[{"href":"https:\/\/agora.xtec.cat\/ceiprieraderibes\/wp-json\/wp\/v2\/posts"}],"about":[{"href":"https:\/\/agora.xtec.cat\/ceiprieraderibes\/wp-json\/wp\/v2\/types\/post"}],"author":[{"embeddable":true,"href":"https:\/\/agora.xtec.cat\/ceiprieraderibes\/wp-json\/wp\/v2\/users\/1"}],"replies":[{"embeddable":true,"href":"https:\/\/agora.xtec.cat\/ceiprieraderibes\/wp-json\/wp\/v2\/comments?post=11870"}],"version-history":[{"count":3,"href":"https:\/\/agora.xtec.cat\/ceiprieraderibes\/wp-json\/wp\/v2\/posts\/11870\/revisions"}],"predecessor-version":[{"id":11909,"href":"https:\/\/agora.xtec.cat\/ceiprieraderibes\/wp-json\/wp\/v2\/posts\/11870\/revisions\/11909"}],"wp:featuredmedia":[{"embeddable":true,"href":"https:\/\/agora.xtec.cat\/ceiprieraderibes\/wp-json\/wp\/v2\/media\/11878"}],"wp:attachment":[{"href":"https:\/\/agora.xtec.cat\/ceiprieraderibes\/wp-json\/wp\/v2\/media?parent=11870"}],"wp:term":[{"taxonomy":"category","embeddable":true,"href":"https:\/\/agora.xtec.cat\/ceiprieraderibes\/wp-json\/wp\/v2\/categories?post=11870"},{"taxonomy":"post_tag","embeddable":true,"href":"https:\/\/agora.xtec.cat\/ceiprieraderibes\/wp-json\/wp\/v2\/tags?post=11870"}],"curies":[{"name":"wp","href":"https:\/\/api.w.org\/{rel}","templated":true}]}}