{"id":11861,"date":"2021-06-22T08:45:36","date_gmt":"2021-06-22T06:45:36","guid":{"rendered":"http:\/\/agora.xtec.cat\/ceiprieraderibes\/?p=11861"},"modified":"2021-06-21T23:53:39","modified_gmt":"2021-06-21T21:53:39","slug":"i-ara-si-que-ja-ens-toca-dir-adeu-6e","status":"publish","type":"post","link":"https:\/\/agora.xtec.cat\/ceiprieraderibes\/portada\/i-ara-si-que-ja-ens-toca-dir-adeu-6e\/","title":{"rendered":"I ara s\u00ed que ja ens toca dir ad\u00e9u\u2026- 6\u00e8"},"content":{"rendered":"<p style=\"text-align: justify;\"><span style=\"font-weight: 400;\">Som els alumnes de 6\u00e8 i us volem parlar sobre el musical que hem treballat aquest any: Grease!<\/span><\/p>\n<p style=\"text-align: justify;\"><span style=\"font-weight: 400;\">Per qui no ho s\u00e0piga, el musical \u00e9s un projecte que sempre fan els i les alumnes de sis\u00e8, per aprendre angl\u00e8s i tancar el curs.<\/span><\/p>\n<p style=\"text-align: justify;\"><span style=\"font-weight: 400;\">\u00c9s una molt bona manera d&#8217;acabar i tenir un record tots junts&#8230; a part del viatge \u00e9s clar!<\/span><\/p>\n<p style=\"text-align: justify;\"><span style=\"font-weight: 400;\">Tot i la incertesa que hem viscut durant el curs, res ens ha frenat i hem fet el musical en format digital!<\/span><\/p>\n<p style=\"text-align: justify;\"><span style=\"font-weight: 400;\">Sabem que no \u00e9s el mateix que representa-lo davant d&#8217;un p\u00fablic, per\u00f2 creiem que el fet de poder-lo gravar tamb\u00e9 t\u00e9 els seus avantatges.<\/span><\/p>\n<p style=\"text-align: justify;\"><span style=\"font-weight: 400;\">Ara us explicarem el proc\u00e9s d&#8217;elaboraci\u00f3:<\/span><\/p>\n<p style=\"text-align: justify;\"><span style=\"font-weight: 400;\">Primer de tot, vam visionar el musical. Despr\u00e9s vam fer la lectura del gui\u00f3 i el vam adaptar a la nostra edat.<\/span><\/p>\n<p style=\"text-align: justify;\"><span style=\"font-weight: 400;\">Durant la lectura del gui\u00f3, ens van sorgir diferents treballs de vocabulari i gram\u00e0tica i vam poder aprofundir en l&#8217;aprenentatge de la llengua angl\u00e8s de manera contextualitzada.<\/span><\/p>\n<p style=\"text-align: justify;\"><span style=\"font-weight: 400;\">Un cop ja l&#8217;hav\u00edem llegit i treballat, vam escollir els personatges i les escenes que vol\u00edem fer cada grup bombolla. La veritat \u00e9s que la tria va ser molt i molt f\u00e0cil i ens vam posar d&#8217;acord r\u00e0pidament.<\/span><\/p>\n<p style=\"text-align: justify;\"><span style=\"font-weight: 400;\">Cada grup bombolla s&#8217;encarregava de 3 escenes.<\/span><\/p>\n<p style=\"text-align: justify;\"><span style=\"font-weight: 400;\">A l&#8217;hora de la tria dels personatges, vam aconseguir tamb\u00e9 que tothom tingu\u00e9s cabuda en el musical i que se sent\u00eds c\u00f2mode amb all\u00f2 que estava fent.<\/span><\/p>\n<p style=\"text-align: justify;\"><span style=\"font-weight: 400;\">Seguidament, ens vam disposar a assajar. Durant aquesta part del proc\u00e9s vam treballar molt la interpretaci\u00f3 i la creaci\u00f3 dels balls. Quines m\u00fasiques m\u00e9s xules!<\/span><\/p>\n<p style=\"text-align: justify;\"><span style=\"font-weight: 400;\">Despr\u00e9s d&#8217;haver assajat, el temps ens apretava i vam comen\u00e7ar a gravar el musical. Hi ha molt\u00edssimes escenes d&#8217;exterior perqu\u00e8 ens vam haver d&#8217;adaptar a la normativa Covid.<\/span><\/p>\n<p style=\"text-align: justify;\"><span style=\"font-weight: 400;\">Podem dir que el musical l&#8217;hem fet tot de cap a peus els i les alumnes de 6\u00e8. Fins i tot, hem muntat els v\u00eddeos! L&#8217;edici\u00f3 i muntatge la vam poder dur a terme amb unes tauletes noves que vam estrenar i el programa d&#8217;edici\u00f3 CapCut.<\/span><\/p>\n<p style=\"text-align: justify;\"><span style=\"font-weight: 400;\">Per presentar el musical a les fam\u00edlies i, tamb\u00e9 veure&#8217;l nosaltres acabat de muntar sencer, vam pensar que una bona opci\u00f3 seria projectar-lo en el sopar de comiat de 6\u00e8 i seguidament publicar-lo al web de l&#8217;escola perqu\u00e8, qui vulgui, pugui veure&#8217;l.<\/span><\/p>\n<p style=\"text-align: justify;\"><span style=\"font-weight: 400;\">Estem molt orgullosos de la feina feta. Per a nosaltres ha sigut una experi\u00e8ncia molt bonica i divertida, on a part d&#8217;aprendre angl\u00e8s, hem gaudit molt\u00edssim. Segur que d&#8217;aqu\u00ed a uns anys riurem molt quan tornem a veure la nostra divertida versi\u00f3 de Grease.<\/span><\/p>\n<p style=\"text-align: justify;\"><span style=\"font-weight: 400;\">Us deixem un petit recull de fotos d&#8217;alguna de les escenes de la gravaci\u00f3.<\/span><\/p>\n<p style=\"text-align: justify;\"><span style=\"font-weight: 400;\">L&#8217;enlla\u00e7 per poder veure el v\u00eddeo sencer&#8230;.<strong> IS COMING SOON!<\/strong><\/span><\/p>\n<p style=\"text-align: justify;\"><span style=\"font-weight: 400;\">Gr\u00e0cies Riera, mai t&#8217;oblidarem!<\/span><\/p>\n\n\t\t<style type=\"text\/css\">\n\t\t\t#gallery-1 {\n\t\t\t\tmargin: auto;\n\t\t\t}\n\t\t\t#gallery-1 .gallery-item {\n\t\t\t\tfloat: left;\n\t\t\t\tmargin-top: 10px;\n\t\t\t\ttext-align: center;\n\t\t\t\twidth: 33%;\n\t\t\t}\n\t\t\t#gallery-1 img {\n\t\t\t\tborder: 2px solid #cfcfcf;\n\t\t\t}\n\t\t\t#gallery-1 .gallery-caption {\n\t\t\t\tmargin-left: 0;\n\t\t\t}\n\t\t\t\/* see gallery_shortcode() in wp-includes\/media.php *\/\n\t\t<\/style>\n\t\t<div id='gallery-1' class='gallery galleryid-11861 gallery-columns-3 gallery-size-medium'><dl class='gallery-item'>\n\t\t\t<dt class='gallery-icon landscape'>\n\t\t\t\t<a href='https:\/\/agora.xtec.cat\/ceiprieraderibes\/portada\/i-ara-si-que-ja-ens-toca-dir-adeu-6e\/attachment\/1-18\/'><img loading=\"lazy\" decoding=\"async\" width=\"300\" height=\"169\" src=\"https:\/\/agora.xtec.cat\/ceiprieraderibes\/wp-content\/uploads\/usu901\/2021\/06\/1-300x169.jpg\" class=\"attachment-medium size-medium\" alt=\"\" srcset=\"https:\/\/agora.xtec.cat\/ceiprieraderibes\/wp-content\/uploads\/usu901\/2021\/06\/1-300x169.jpg 300w, https:\/\/agora.xtec.cat\/ceiprieraderibes\/wp-content\/uploads\/usu901\/2021\/06\/1-768x432.jpg 768w, https:\/\/agora.xtec.cat\/ceiprieraderibes\/wp-content\/uploads\/usu901\/2021\/06\/1-1024x576.jpg 1024w, https:\/\/agora.xtec.cat\/ceiprieraderibes\/wp-content\/uploads\/usu901\/2021\/06\/1.jpg 1600w\" sizes=\"auto, (max-width: 300px) 100vw, 300px\" \/><\/a>\n\t\t\t<\/dt><\/dl><dl class='gallery-item'>\n\t\t\t<dt class='gallery-icon landscape'>\n\t\t\t\t<a href='https:\/\/agora.xtec.cat\/ceiprieraderibes\/portada\/i-ara-si-que-ja-ens-toca-dir-adeu-6e\/attachment\/3-14\/'><img loading=\"lazy\" decoding=\"async\" width=\"300\" height=\"179\" src=\"https:\/\/agora.xtec.cat\/ceiprieraderibes\/wp-content\/uploads\/usu901\/2021\/06\/3-300x179.jpg\" class=\"attachment-medium size-medium\" alt=\"\" srcset=\"https:\/\/agora.xtec.cat\/ceiprieraderibes\/wp-content\/uploads\/usu901\/2021\/06\/3-300x179.jpg 300w, https:\/\/agora.xtec.cat\/ceiprieraderibes\/wp-content\/uploads\/usu901\/2021\/06\/3-768x459.jpg 768w, https:\/\/agora.xtec.cat\/ceiprieraderibes\/wp-content\/uploads\/usu901\/2021\/06\/3-1024x612.jpg 1024w, https:\/\/agora.xtec.cat\/ceiprieraderibes\/wp-content\/uploads\/usu901\/2021\/06\/3.jpg 1255w\" sizes=\"auto, (max-width: 300px) 100vw, 300px\" \/><\/a>\n\t\t\t<\/dt><\/dl><dl class='gallery-item'>\n\t\t\t<dt class='gallery-icon landscape'>\n\t\t\t\t<a href='https:\/\/agora.xtec.cat\/ceiprieraderibes\/portada\/i-ara-si-que-ja-ens-toca-dir-adeu-6e\/attachment\/2-11\/'><img loading=\"lazy\" decoding=\"async\" width=\"300\" height=\"169\" src=\"https:\/\/agora.xtec.cat\/ceiprieraderibes\/wp-content\/uploads\/usu901\/2021\/06\/2-300x169.jpg\" class=\"attachment-medium size-medium\" alt=\"\" srcset=\"https:\/\/agora.xtec.cat\/ceiprieraderibes\/wp-content\/uploads\/usu901\/2021\/06\/2-300x169.jpg 300w, https:\/\/agora.xtec.cat\/ceiprieraderibes\/wp-content\/uploads\/usu901\/2021\/06\/2-768x432.jpg 768w, https:\/\/agora.xtec.cat\/ceiprieraderibes\/wp-content\/uploads\/usu901\/2021\/06\/2-1024x576.jpg 1024w, https:\/\/agora.xtec.cat\/ceiprieraderibes\/wp-content\/uploads\/usu901\/2021\/06\/2.jpg 1334w\" sizes=\"auto, (max-width: 300px) 100vw, 300px\" \/><\/a>\n\t\t\t<\/dt><\/dl><br style=\"clear: both\" \/>\n\t\t<\/div>\n\n","protected":false},"excerpt":{"rendered":"<p>Som els alumnes de 6\u00e8 i us volem parlar sobre el musical que hem treballat aquest any: Grease!<br \/>\nPer qui no ho s\u00e0piga, el musical \u00e9s un projecte que sempre fan els i les alumnes de sis\u00e8, per aprendre angl\u00e8s i tancar el curs.<br \/>\n\u00c9s una molt&hellip;  <a href=\"https:\/\/agora.xtec.cat\/ceiprieraderibes\/portada\/i-ara-si-que-ja-ens-toca-dir-adeu-6e\/\" title=\"Read I ara s\u00ed que ja ens toca dir ad\u00e9u\u2026- 6\u00e8\">Llegeix m\u00e9s\u00bb<\/a><\/p>\n","protected":false},"author":175,"featured_media":11862,"comment_status":"open","ping_status":"closed","sticky":false,"template":"","format":"standard","meta":{"_bbp_topic_count":0,"_bbp_reply_count":0,"_bbp_total_topic_count":0,"_bbp_total_reply_count":0,"_bbp_voice_count":0,"_bbp_anonymous_reply_count":0,"_bbp_topic_count_hidden":0,"_bbp_reply_count_hidden":0,"_bbp_forum_subforum_count":0,"footnotes":""},"categories":[50,4],"tags":[],"class_list":["post-11861","post","type-post","status-publish","format-standard","has-post-thumbnail","hentry","category-generacio-2009","category-portada"],"post_mailing_queue_ids":[],"_links":{"self":[{"href":"https:\/\/agora.xtec.cat\/ceiprieraderibes\/wp-json\/wp\/v2\/posts\/11861","targetHints":{"allow":["GET"]}}],"collection":[{"href":"https:\/\/agora.xtec.cat\/ceiprieraderibes\/wp-json\/wp\/v2\/posts"}],"about":[{"href":"https:\/\/agora.xtec.cat\/ceiprieraderibes\/wp-json\/wp\/v2\/types\/post"}],"author":[{"embeddable":true,"href":"https:\/\/agora.xtec.cat\/ceiprieraderibes\/wp-json\/wp\/v2\/users\/175"}],"replies":[{"embeddable":true,"href":"https:\/\/agora.xtec.cat\/ceiprieraderibes\/wp-json\/wp\/v2\/comments?post=11861"}],"version-history":[{"count":1,"href":"https:\/\/agora.xtec.cat\/ceiprieraderibes\/wp-json\/wp\/v2\/posts\/11861\/revisions"}],"predecessor-version":[{"id":11866,"href":"https:\/\/agora.xtec.cat\/ceiprieraderibes\/wp-json\/wp\/v2\/posts\/11861\/revisions\/11866"}],"wp:featuredmedia":[{"embeddable":true,"href":"https:\/\/agora.xtec.cat\/ceiprieraderibes\/wp-json\/wp\/v2\/media\/11862"}],"wp:attachment":[{"href":"https:\/\/agora.xtec.cat\/ceiprieraderibes\/wp-json\/wp\/v2\/media?parent=11861"}],"wp:term":[{"taxonomy":"category","embeddable":true,"href":"https:\/\/agora.xtec.cat\/ceiprieraderibes\/wp-json\/wp\/v2\/categories?post=11861"},{"taxonomy":"post_tag","embeddable":true,"href":"https:\/\/agora.xtec.cat\/ceiprieraderibes\/wp-json\/wp\/v2\/tags?post=11861"}],"curies":[{"name":"wp","href":"https:\/\/api.w.org\/{rel}","templated":true}]}}