{"id":11856,"date":"2021-06-23T10:00:07","date_gmt":"2021-06-23T08:00:07","guid":{"rendered":"http:\/\/agora.xtec.cat\/ceiprieraderibes\/?p=11856"},"modified":"2021-06-21T23:42:48","modified_gmt":"2021-06-21T21:42:48","slug":"per-que-existeix-lart-5e","status":"publish","type":"post","link":"https:\/\/agora.xtec.cat\/ceiprieraderibes\/portada\/per-que-existeix-lart-5e\/","title":{"rendered":"Per qu\u00e8 existeix l\u2019Art?- 5\u00e8"},"content":{"rendered":"<p style=\"text-align: justify;\"><span style=\"font-weight: 400;\">En aquest article us explicarem el\u00a0 proc\u00e9s de la pregunta interessant \u201cper qu\u00e8 existeix l\u2019art?\u201d<\/span><\/p>\n<p style=\"text-align: justify;\"><span style=\"font-weight: 400;\">Primer de tot\u00a0 vam escriure individualment, que ens agradaria aprendre a la pregunta i despr\u00e9s ho v\u00e0rem posar en com\u00fa.\u00a0<\/span><\/p>\n<p style=\"text-align: justify;\"><span style=\"font-weight: 400;\">Per saber si una escultura, un retrat, una pintura &#8230; \u00e9s una obra d\u2019art ha de transmetre sentiments.<\/span><\/p>\n<p style=\"text-align: justify;\"><span style=\"font-weight: 400;\">Vam comen\u00e7ar veient el diferents tipus d\u2019art, fins que v\u00e0rem voler enfocar la pregunta cap a l\u2019art a les diferent edats.<\/span><\/p>\n<p style=\"text-align: justify;\"><span style=\"font-weight: 400;\">Vam fer grups, cada grup es va centrar en una etapa de la hist\u00f2ria de l\u2019art.\u00a0 Al cap d\u2019uns dies treballant, v\u00e0rem fer les prestacions de l\u2019etapa escollida i per finalitzar v\u00e0rem haver de fer un esquema explicant al llarg de la nostra etapa art\u00edstica.\u00a0<\/span><\/p>\n<p style=\"text-align: justify;\"><span style=\"font-weight: 400;\">Per altre banda, v\u00e0rem fer pl\u00e0stica art\u00edstica amb fang, representant una part del cos, un altre dia v\u00e0rem fer fang blanc representant un element de la natura.<\/span><\/p>\n<p style=\"text-align: justify;\"><span style=\"font-weight: 400;\">El tutor ens va preguntar que vol\u00edem fer pel tancament de la pregunta, a partir de fer les representacions de la natura amb fang, ens van venir les ganes de fer art a la natura.<\/span><\/p>\n<p style=\"text-align: justify;\"><span style=\"font-weight: 400;\">L\u2019alumnat havia de portar un prototip, d\u2019aquesta manera ens podr\u00edem fer una idea de com seria. El tutor va posar com a deures buscar material per fer art a la natura.<\/span><\/p>\n<p style=\"text-align: justify;\"><span style=\"font-weight: 400;\">L\u2019alumnat va portar el material\u00a0 i vam comen\u00e7ar a construir (Mandales, m\u00f2bils i pinyes decorades) ho vam anar a presentar-ho al bosquet. Som conscients qu\u00e8 \u00e9s una art ef\u00edmer i que no perdurar\u00e0 molt de temps.\u00a0<\/span><\/p>\n\n\t\t<style type=\"text\/css\">\n\t\t\t#gallery-1 {\n\t\t\t\tmargin: auto;\n\t\t\t}\n\t\t\t#gallery-1 .gallery-item {\n\t\t\t\tfloat: left;\n\t\t\t\tmargin-top: 10px;\n\t\t\t\ttext-align: center;\n\t\t\t\twidth: 33%;\n\t\t\t}\n\t\t\t#gallery-1 img {\n\t\t\t\tborder: 2px solid #cfcfcf;\n\t\t\t}\n\t\t\t#gallery-1 .gallery-caption {\n\t\t\t\tmargin-left: 0;\n\t\t\t}\n\t\t\t\/* see gallery_shortcode() in wp-includes\/media.php *\/\n\t\t<\/style>\n\t\t<div id='gallery-1' class='gallery galleryid-11856 gallery-columns-3 gallery-size-medium'><dl class='gallery-item'>\n\t\t\t<dt class='gallery-icon landscape'>\n\t\t\t\t<a href='https:\/\/agora.xtec.cat\/ceiprieraderibes\/portada\/per-que-existeix-lart-5e\/attachment\/20210611_124303-1\/'><img loading=\"lazy\" decoding=\"async\" width=\"300\" height=\"225\" src=\"https:\/\/agora.xtec.cat\/ceiprieraderibes\/wp-content\/uploads\/usu901\/2021\/06\/20210611_124303-1-300x225.jpg\" class=\"attachment-medium size-medium\" alt=\"\" srcset=\"https:\/\/agora.xtec.cat\/ceiprieraderibes\/wp-content\/uploads\/usu901\/2021\/06\/20210611_124303-1-300x225.jpg 300w, https:\/\/agora.xtec.cat\/ceiprieraderibes\/wp-content\/uploads\/usu901\/2021\/06\/20210611_124303-1-768x576.jpg 768w, https:\/\/agora.xtec.cat\/ceiprieraderibes\/wp-content\/uploads\/usu901\/2021\/06\/20210611_124303-1-1024x768.jpg 1024w, https:\/\/agora.xtec.cat\/ceiprieraderibes\/wp-content\/uploads\/usu901\/2021\/06\/20210611_124303-1-200x150.jpg 200w, https:\/\/agora.xtec.cat\/ceiprieraderibes\/wp-content\/uploads\/usu901\/2021\/06\/20210611_124303-1.jpg 1632w\" sizes=\"auto, (max-width: 300px) 100vw, 300px\" \/><\/a>\n\t\t\t<\/dt><\/dl><dl class='gallery-item'>\n\t\t\t<dt class='gallery-icon landscape'>\n\t\t\t\t<a href='https:\/\/agora.xtec.cat\/ceiprieraderibes\/portada\/per-que-existeix-lart-5e\/attachment\/20210611_130644-1\/'><img loading=\"lazy\" decoding=\"async\" width=\"300\" height=\"225\" src=\"https:\/\/agora.xtec.cat\/ceiprieraderibes\/wp-content\/uploads\/usu901\/2021\/06\/20210611_130644-1-300x225.jpg\" class=\"attachment-medium size-medium\" alt=\"\" srcset=\"https:\/\/agora.xtec.cat\/ceiprieraderibes\/wp-content\/uploads\/usu901\/2021\/06\/20210611_130644-1-300x225.jpg 300w, https:\/\/agora.xtec.cat\/ceiprieraderibes\/wp-content\/uploads\/usu901\/2021\/06\/20210611_130644-1-768x576.jpg 768w, https:\/\/agora.xtec.cat\/ceiprieraderibes\/wp-content\/uploads\/usu901\/2021\/06\/20210611_130644-1-1024x768.jpg 1024w, https:\/\/agora.xtec.cat\/ceiprieraderibes\/wp-content\/uploads\/usu901\/2021\/06\/20210611_130644-1-200x150.jpg 200w, https:\/\/agora.xtec.cat\/ceiprieraderibes\/wp-content\/uploads\/usu901\/2021\/06\/20210611_130644-1.jpg 1632w\" sizes=\"auto, (max-width: 300px) 100vw, 300px\" \/><\/a>\n\t\t\t<\/dt><\/dl><dl class='gallery-item'>\n\t\t\t<dt class='gallery-icon landscape'>\n\t\t\t\t<a href='https:\/\/agora.xtec.cat\/ceiprieraderibes\/portada\/per-que-existeix-lart-5e\/attachment\/20210611_124621-1\/'><img loading=\"lazy\" decoding=\"async\" width=\"300\" height=\"225\" src=\"https:\/\/agora.xtec.cat\/ceiprieraderibes\/wp-content\/uploads\/usu901\/2021\/06\/20210611_124621-1-300x225.jpg\" class=\"attachment-medium size-medium\" alt=\"\" srcset=\"https:\/\/agora.xtec.cat\/ceiprieraderibes\/wp-content\/uploads\/usu901\/2021\/06\/20210611_124621-1-300x225.jpg 300w, https:\/\/agora.xtec.cat\/ceiprieraderibes\/wp-content\/uploads\/usu901\/2021\/06\/20210611_124621-1-768x576.jpg 768w, https:\/\/agora.xtec.cat\/ceiprieraderibes\/wp-content\/uploads\/usu901\/2021\/06\/20210611_124621-1-1024x768.jpg 1024w, https:\/\/agora.xtec.cat\/ceiprieraderibes\/wp-content\/uploads\/usu901\/2021\/06\/20210611_124621-1-200x150.jpg 200w, https:\/\/agora.xtec.cat\/ceiprieraderibes\/wp-content\/uploads\/usu901\/2021\/06\/20210611_124621-1.jpg 1632w\" sizes=\"auto, (max-width: 300px) 100vw, 300px\" \/><\/a>\n\t\t\t<\/dt><\/dl><br style=\"clear: both\" \/>\n\t\t<\/div>\n\n","protected":false},"excerpt":{"rendered":"<p>En aquest article us explicarem el\u00a0 proc\u00e9s de la pregunta interessant \u201cper qu\u00e8 existeix l\u2019art?\u201d<br \/>\nPrimer de tot\u00a0 vam escriure individualment, que ens agradaria aprendre a la pregunta i despr\u00e9s ho v\u00e0rem posar en com\u00fa.\u00a0<br \/>\nPer saber si una escultura, un retrat, una pintura &#8230; \u00e9s una&hellip;  <a href=\"https:\/\/agora.xtec.cat\/ceiprieraderibes\/portada\/per-que-existeix-lart-5e\/\" title=\"Read Per qu\u00e8 existeix l\u2019Art?- 5\u00e8\">Llegeix m\u00e9s\u00bb<\/a><\/p>\n","protected":false},"author":175,"featured_media":11859,"comment_status":"open","ping_status":"closed","sticky":false,"template":"","format":"standard","meta":{"_bbp_topic_count":0,"_bbp_reply_count":0,"_bbp_total_topic_count":0,"_bbp_total_reply_count":0,"_bbp_voice_count":0,"_bbp_anonymous_reply_count":0,"_bbp_topic_count_hidden":0,"_bbp_reply_count_hidden":0,"_bbp_forum_subforum_count":0,"footnotes":""},"categories":[49,4],"tags":[],"class_list":["post-11856","post","type-post","status-publish","format-standard","has-post-thumbnail","hentry","category-generacio-2010","category-portada"],"post_mailing_queue_ids":[],"_links":{"self":[{"href":"https:\/\/agora.xtec.cat\/ceiprieraderibes\/wp-json\/wp\/v2\/posts\/11856","targetHints":{"allow":["GET"]}}],"collection":[{"href":"https:\/\/agora.xtec.cat\/ceiprieraderibes\/wp-json\/wp\/v2\/posts"}],"about":[{"href":"https:\/\/agora.xtec.cat\/ceiprieraderibes\/wp-json\/wp\/v2\/types\/post"}],"author":[{"embeddable":true,"href":"https:\/\/agora.xtec.cat\/ceiprieraderibes\/wp-json\/wp\/v2\/users\/175"}],"replies":[{"embeddable":true,"href":"https:\/\/agora.xtec.cat\/ceiprieraderibes\/wp-json\/wp\/v2\/comments?post=11856"}],"version-history":[{"count":1,"href":"https:\/\/agora.xtec.cat\/ceiprieraderibes\/wp-json\/wp\/v2\/posts\/11856\/revisions"}],"predecessor-version":[{"id":11860,"href":"https:\/\/agora.xtec.cat\/ceiprieraderibes\/wp-json\/wp\/v2\/posts\/11856\/revisions\/11860"}],"wp:featuredmedia":[{"embeddable":true,"href":"https:\/\/agora.xtec.cat\/ceiprieraderibes\/wp-json\/wp\/v2\/media\/11859"}],"wp:attachment":[{"href":"https:\/\/agora.xtec.cat\/ceiprieraderibes\/wp-json\/wp\/v2\/media?parent=11856"}],"wp:term":[{"taxonomy":"category","embeddable":true,"href":"https:\/\/agora.xtec.cat\/ceiprieraderibes\/wp-json\/wp\/v2\/categories?post=11856"},{"taxonomy":"post_tag","embeddable":true,"href":"https:\/\/agora.xtec.cat\/ceiprieraderibes\/wp-json\/wp\/v2\/tags?post=11856"}],"curies":[{"name":"wp","href":"https:\/\/api.w.org\/{rel}","templated":true}]}}