{"id":11851,"date":"2021-06-22T09:00:33","date_gmt":"2021-06-22T07:00:33","guid":{"rendered":"http:\/\/agora.xtec.cat\/ceiprieraderibes\/?p=11851"},"modified":"2021-06-21T23:36:02","modified_gmt":"2021-06-21T21:36:02","slug":"cantania-5e","status":"publish","type":"post","link":"https:\/\/agora.xtec.cat\/ceiprieraderibes\/portada\/cantania-5e\/","title":{"rendered":"Cant\u00e0nia- 5\u00e8"},"content":{"rendered":"<p style=\"text-align: justify;\"><span style=\"font-weight: 400;\">Som el curs 5\u00e9 i aquest any hem fet la Cant\u00e0nia, la qual \u00e9s un espectacle musical on participen\u00a0 varies escoles i actors\/actrius per escenificar les can\u00e7ons.\u00a0<\/span><\/p>\n<p style=\"text-align: justify;\"><span style=\"font-weight: 400;\">Per fer-ho vam dedicar 3 mesos i molt d\u2019esfor\u00e7,\u00a0 ja que ho vam practicar tamb\u00e9 a casa perqu\u00e8 sort\u00eds molt b\u00e9.\u00a0<\/span><\/p>\n<p style=\"text-align: justify;\"><span style=\"font-weight: 400;\">Aquest espectacle el vam fer el dia 28 de Maig a l\u2019Auditori de Barcelona que comptava amb un espai molt ampli i bonic.\u00a0<\/span><\/p>\n<p style=\"text-align: justify;\"><span style=\"font-weight: 400;\">Al arribar vam dinar i vam fer un assaig general amb les altres escoles i la orquestra. Seguidament, van arribar les fam\u00edlies i va comen\u00e7ar el musical.\u00a0\u00a0<\/span><\/p>\n<p style=\"text-align: justify;\"><span style=\"font-weight: 400;\">Est\u00e0vem molt emocionats perqu\u00e8 vingueren les nostres fam\u00edlies a veure\u2019ns cantar. A m\u00e9s, a l\u2019espectacle hi havia molts efectes especials i una orquestra que tocava en directe. En conclusi\u00f3, va estar tot un \u00e8xit!\u00a0<\/span><\/p>\n<p style=\"text-align: justify;\"><span style=\"font-weight: 400;\">Estem molt orgullosos de tota la feina feta i animem als alumnes de 4t a que ho gaudeixin al proper curs!\u00a0<\/span><\/p>\n<p style=\"text-align: justify;\"><span style=\"font-weight: 400;\">Una abra\u00e7ada de 5\u00e9, esperem que us hagi interessat. Fins aviat!\u00a0<\/span><\/p>\n<p style=\"text-align: justify;\"><img loading=\"lazy\" decoding=\"async\" class=\"aligncenter wp-image-11852 size-medium\" src=\"https:\/\/agora.xtec.cat\/ceiprieraderibes\/wp-content\/uploads\/usu901\/2021\/06\/IMG-20210615-WA0001-300x225.jpg\" alt=\"\" width=\"300\" height=\"225\" srcset=\"https:\/\/agora.xtec.cat\/ceiprieraderibes\/wp-content\/uploads\/usu901\/2021\/06\/IMG-20210615-WA0001-300x225.jpg 300w, https:\/\/agora.xtec.cat\/ceiprieraderibes\/wp-content\/uploads\/usu901\/2021\/06\/IMG-20210615-WA0001-768x576.jpg 768w, https:\/\/agora.xtec.cat\/ceiprieraderibes\/wp-content\/uploads\/usu901\/2021\/06\/IMG-20210615-WA0001-1024x768.jpg 1024w, https:\/\/agora.xtec.cat\/ceiprieraderibes\/wp-content\/uploads\/usu901\/2021\/06\/IMG-20210615-WA0001-200x150.jpg 200w, https:\/\/agora.xtec.cat\/ceiprieraderibes\/wp-content\/uploads\/usu901\/2021\/06\/IMG-20210615-WA0001.jpg 1600w\" sizes=\"auto, (max-width: 300px) 100vw, 300px\" \/><\/p>\n","protected":false},"excerpt":{"rendered":"<p>Som el curs 5\u00e9 i aquest any hem fet la Cant\u00e0nia, la qual \u00e9s un espectacle musical on participen\u00a0 varies escoles i actors\/actrius per escenificar les can\u00e7ons.\u00a0<br \/>\nPer fer-ho vam dedicar 3 mesos i molt d\u2019esfor\u00e7,\u00a0 ja que ho vam practicar tamb\u00e9 a casa perqu\u00e8 sort\u00eds&hellip;  <a href=\"https:\/\/agora.xtec.cat\/ceiprieraderibes\/portada\/cantania-5e\/\" title=\"Read Cant\u00e0nia- 5\u00e8\">Llegeix m\u00e9s\u00bb<\/a><\/p>\n","protected":false},"author":175,"featured_media":11852,"comment_status":"open","ping_status":"closed","sticky":false,"template":"","format":"standard","meta":{"_bbp_topic_count":0,"_bbp_reply_count":0,"_bbp_total_topic_count":0,"_bbp_total_reply_count":0,"_bbp_voice_count":0,"_bbp_anonymous_reply_count":0,"_bbp_topic_count_hidden":0,"_bbp_reply_count_hidden":0,"_bbp_forum_subforum_count":0,"footnotes":""},"categories":[49,4],"tags":[],"class_list":["post-11851","post","type-post","status-publish","format-standard","has-post-thumbnail","hentry","category-generacio-2010","category-portada"],"post_mailing_queue_ids":[],"_links":{"self":[{"href":"https:\/\/agora.xtec.cat\/ceiprieraderibes\/wp-json\/wp\/v2\/posts\/11851","targetHints":{"allow":["GET"]}}],"collection":[{"href":"https:\/\/agora.xtec.cat\/ceiprieraderibes\/wp-json\/wp\/v2\/posts"}],"about":[{"href":"https:\/\/agora.xtec.cat\/ceiprieraderibes\/wp-json\/wp\/v2\/types\/post"}],"author":[{"embeddable":true,"href":"https:\/\/agora.xtec.cat\/ceiprieraderibes\/wp-json\/wp\/v2\/users\/175"}],"replies":[{"embeddable":true,"href":"https:\/\/agora.xtec.cat\/ceiprieraderibes\/wp-json\/wp\/v2\/comments?post=11851"}],"version-history":[{"count":3,"href":"https:\/\/agora.xtec.cat\/ceiprieraderibes\/wp-json\/wp\/v2\/posts\/11851\/revisions"}],"predecessor-version":[{"id":11855,"href":"https:\/\/agora.xtec.cat\/ceiprieraderibes\/wp-json\/wp\/v2\/posts\/11851\/revisions\/11855"}],"wp:featuredmedia":[{"embeddable":true,"href":"https:\/\/agora.xtec.cat\/ceiprieraderibes\/wp-json\/wp\/v2\/media\/11852"}],"wp:attachment":[{"href":"https:\/\/agora.xtec.cat\/ceiprieraderibes\/wp-json\/wp\/v2\/media?parent=11851"}],"wp:term":[{"taxonomy":"category","embeddable":true,"href":"https:\/\/agora.xtec.cat\/ceiprieraderibes\/wp-json\/wp\/v2\/categories?post=11851"},{"taxonomy":"post_tag","embeddable":true,"href":"https:\/\/agora.xtec.cat\/ceiprieraderibes\/wp-json\/wp\/v2\/tags?post=11851"}],"curies":[{"name":"wp","href":"https:\/\/api.w.org\/{rel}","templated":true}]}}