{"id":11841,"date":"2021-06-15T10:23:14","date_gmt":"2021-06-15T08:23:14","guid":{"rendered":"http:\/\/agora.xtec.cat\/ceiprieraderibes\/?p=11841"},"modified":"2021-06-15T10:23:14","modified_gmt":"2021-06-15T08:23:14","slug":"per-que-somiem-4t-espai-9","status":"publish","type":"post","link":"https:\/\/agora.xtec.cat\/ceiprieraderibes\/portada\/per-que-somiem-4t-espai-9\/","title":{"rendered":"Per qu\u00e8 somiem?- 4t Espai 9"},"content":{"rendered":"<p style=\"text-align: justify;\">Durant aquest \u00faltim trimestre, hem estat treballant i buscant informaci\u00f3 en \u00a0articles i documentals sobre els somnis amb l\u2019objectiu de formular la nostre pr\u00f2pia hip\u00f2tesi. Avui us volem exposar la nostra investigaci\u00f3.<\/p>\n<p style=\"text-align: justify;\">Vam comen\u00e7ar llegint articles i hip\u00f2tesis d\u2019altres cient\u00edfics. Vam aprendre la import\u00e0ncia de dormir perqu\u00e8 el nostre cos pugui funcionar b\u00e9.<\/p>\n<p style=\"text-align: justify;\">Hi han 5 etapes del son:<\/p>\n<p style=\"text-align: justify;\">Fase 1\u00a0 D\u2019endormiscament.<\/p>\n<p style=\"text-align: justify;\">Fase\u00a0 2\u00a0 Son lleuger.<\/p>\n<p style=\"text-align: justify;\">Fase 3\u00a0 Etapa transici\u00f3.<\/p>\n<p style=\"text-align: justify;\">Fase\u00a0 4\u00a0 Etapa de son profund o de son delta.<\/p>\n<p style=\"text-align: justify;\">Fase\u00a0 5\u00a0 Fase son REM (en angl\u00e8s Rapid Eye Movement) o MOR (en catal\u00e0 Moviment Ocular R\u00e0pid).<\/p>\n<p style=\"text-align: justify;\">Tot el proc\u00e9s dura uns 90 minuts i es repeteix 4 o 5 vegades.<\/p>\n<p style=\"text-align: justify;\">Durant la fase MOR \u00e9s quan somiem, si et despertes durant aquesta fase et recordes del somni per\u00f2 si et despertes despr\u00e9s, no et recordes.<\/p>\n<p style=\"text-align: justify;\">El somni \u00e9s una barreja de les coses que ens han passat durant el dia.<\/p>\n<p style=\"text-align: justify;\">En conclusi\u00f3, hem pogut entendre que dormir millora tant el nostre estat f\u00edsic com mental i que els somnis s\u00f3n el producte dels moments viscuts.<\/p>\n\n\t\t<style type=\"text\/css\">\n\t\t\t#gallery-1 {\n\t\t\t\tmargin: auto;\n\t\t\t}\n\t\t\t#gallery-1 .gallery-item {\n\t\t\t\tfloat: left;\n\t\t\t\tmargin-top: 10px;\n\t\t\t\ttext-align: center;\n\t\t\t\twidth: 33%;\n\t\t\t}\n\t\t\t#gallery-1 img {\n\t\t\t\tborder: 2px solid #cfcfcf;\n\t\t\t}\n\t\t\t#gallery-1 .gallery-caption {\n\t\t\t\tmargin-left: 0;\n\t\t\t}\n\t\t\t\/* see gallery_shortcode() in wp-includes\/media.php *\/\n\t\t<\/style>\n\t\t<div id='gallery-1' class='gallery galleryid-11841 gallery-columns-3 gallery-size-large'><dl class='gallery-item'>\n\t\t\t<dt class='gallery-icon landscape'>\n\t\t\t\t<a href='https:\/\/agora.xtec.cat\/ceiprieraderibes\/portada\/per-que-somiem-4t-espai-9\/attachment\/sin-titulo-7\/'><img loading=\"lazy\" decoding=\"async\" width=\"254\" height=\"168\" src=\"https:\/\/agora.xtec.cat\/ceiprieraderibes\/wp-content\/uploads\/usu901\/2021\/06\/Sin-t\u00edtulo.jpg\" class=\"attachment-large size-large\" alt=\"\" \/><\/a>\n\t\t\t<\/dt><\/dl><dl class='gallery-item'>\n\t\t\t<dt class='gallery-icon landscape'>\n\t\t\t\t<a href='https:\/\/agora.xtec.cat\/ceiprieraderibes\/portada\/per-que-somiem-4t-espai-9\/attachment\/sin-titulo3\/'><img loading=\"lazy\" decoding=\"async\" width=\"245\" height=\"136\" src=\"https:\/\/agora.xtec.cat\/ceiprieraderibes\/wp-content\/uploads\/usu901\/2021\/06\/Sin-t\u00edtulo3.jpg\" class=\"attachment-large size-large\" alt=\"\" \/><\/a>\n\t\t\t<\/dt><\/dl><dl class='gallery-item'>\n\t\t\t<dt class='gallery-icon landscape'>\n\t\t\t\t<a href='https:\/\/agora.xtec.cat\/ceiprieraderibes\/portada\/per-que-somiem-4t-espai-9\/attachment\/sin-titulo1\/'><img loading=\"lazy\" decoding=\"async\" width=\"288\" height=\"152\" src=\"https:\/\/agora.xtec.cat\/ceiprieraderibes\/wp-content\/uploads\/usu901\/2021\/06\/Sin-t\u00edtulo1.jpg\" class=\"attachment-large size-large\" alt=\"\" \/><\/a>\n\t\t\t<\/dt><\/dl><br style=\"clear: both\" \/>\n\t\t<\/div>\n\n","protected":false},"excerpt":{"rendered":"<p>Durant aquest \u00faltim trimestre, hem estat treballant i buscant informaci\u00f3 en \u00a0articles i documentals sobre els somnis amb l\u2019objectiu de formular la nostre pr\u00f2pia hip\u00f2tesi. Avui us volem exposar la nostra investigaci\u00f3.<br \/>\nVam comen\u00e7ar llegint articles i hip\u00f2tesis d\u2019altres cient\u00edfics. Vam aprendre la import\u00e0ncia de dormir&hellip;  <a href=\"https:\/\/agora.xtec.cat\/ceiprieraderibes\/portada\/per-que-somiem-4t-espai-9\/\" title=\"Read Per qu\u00e8 somiem?- 4t Espai 9\">Llegeix m\u00e9s\u00bb<\/a><\/p>\n","protected":false},"author":175,"featured_media":11843,"comment_status":"open","ping_status":"closed","sticky":false,"template":"","format":"standard","meta":{"_bbp_topic_count":0,"_bbp_reply_count":0,"_bbp_total_topic_count":0,"_bbp_total_reply_count":0,"_bbp_voice_count":0,"_bbp_anonymous_reply_count":0,"_bbp_topic_count_hidden":0,"_bbp_reply_count_hidden":0,"_bbp_forum_subforum_count":0,"footnotes":""},"categories":[48,4],"tags":[],"class_list":["post-11841","post","type-post","status-publish","format-standard","has-post-thumbnail","hentry","category-generacio-2011","category-portada"],"post_mailing_queue_ids":[],"_links":{"self":[{"href":"https:\/\/agora.xtec.cat\/ceiprieraderibes\/wp-json\/wp\/v2\/posts\/11841","targetHints":{"allow":["GET"]}}],"collection":[{"href":"https:\/\/agora.xtec.cat\/ceiprieraderibes\/wp-json\/wp\/v2\/posts"}],"about":[{"href":"https:\/\/agora.xtec.cat\/ceiprieraderibes\/wp-json\/wp\/v2\/types\/post"}],"author":[{"embeddable":true,"href":"https:\/\/agora.xtec.cat\/ceiprieraderibes\/wp-json\/wp\/v2\/users\/175"}],"replies":[{"embeddable":true,"href":"https:\/\/agora.xtec.cat\/ceiprieraderibes\/wp-json\/wp\/v2\/comments?post=11841"}],"version-history":[{"count":1,"href":"https:\/\/agora.xtec.cat\/ceiprieraderibes\/wp-json\/wp\/v2\/posts\/11841\/revisions"}],"predecessor-version":[{"id":11845,"href":"https:\/\/agora.xtec.cat\/ceiprieraderibes\/wp-json\/wp\/v2\/posts\/11841\/revisions\/11845"}],"wp:featuredmedia":[{"embeddable":true,"href":"https:\/\/agora.xtec.cat\/ceiprieraderibes\/wp-json\/wp\/v2\/media\/11843"}],"wp:attachment":[{"href":"https:\/\/agora.xtec.cat\/ceiprieraderibes\/wp-json\/wp\/v2\/media?parent=11841"}],"wp:term":[{"taxonomy":"category","embeddable":true,"href":"https:\/\/agora.xtec.cat\/ceiprieraderibes\/wp-json\/wp\/v2\/categories?post=11841"},{"taxonomy":"post_tag","embeddable":true,"href":"https:\/\/agora.xtec.cat\/ceiprieraderibes\/wp-json\/wp\/v2\/tags?post=11841"}],"curies":[{"name":"wp","href":"https:\/\/api.w.org\/{rel}","templated":true}]}}