{"id":1176,"date":"2015-02-06T10:44:21","date_gmt":"2015-02-06T09:44:21","guid":{"rendered":"http:\/\/www.rieraderibes.cat\/?p=1176"},"modified":"2016-05-19T21:43:30","modified_gmt":"2016-05-19T20:43:30","slug":"educar-amb-humor-carles-capdevila","status":"publish","type":"post","link":"https:\/\/agora.xtec.cat\/ceiprieraderibes\/portada\/educar-amb-humor-carles-capdevila\/","title":{"rendered":"\u201cEducar amb humor\u201d, Carles Capdevila"},"content":{"rendered":"<p>El darrer dijous, 27 de gener, la nostra escola va poder\u00a0 comptar amb la pres\u00e8ncia de <strong>Carles Capdevila<\/strong> (periodista, director del Diari Ara, i responsable dels programes Eduqueu les criatures de\u00a0 Catalunya Radio i de TV3). En Carles ens va parlar d&#8217; EDUCAR AMB HUMOR i ens va proposar fer-ho fent servir\u00a0 CINC SENTITS: el sentit com\u00fa, el sentit del rid\u00edcul,\u00a0 el sentit del deure, el sentit moral i el sentit de l\u00b4humor. Tot recordant-nos\u00a0 que hem escollit ser pares i que en som responsables, d\u2019aquest proc\u00e9s. En paraules d&#8217;en Carles: <em>\u201c hem d&#8217;estar conven\u00e7uts que educar \u00e9s apassionant i molt dif\u00edcil i que la \u00fanica forma d\u2019aconseguir-ho \u00e9s creure que \u00e9s el m\u00e9s important del m\u00f3n i a l\u2019hora divertint-te fent-ho&#8221;.<\/em><\/p>\n<p>Des de la Comissi\u00f3 Pedag\u00f2gica i la Comissi\u00f3 de Conviv\u00e8ncia volem expressar\u00a0 el nostre agra\u00efment per a la vostra participaci\u00f3.<\/p>\n\n\t\t<style type=\"text\/css\">\n\t\t\t#gallery-1 {\n\t\t\t\tmargin: auto;\n\t\t\t}\n\t\t\t#gallery-1 .gallery-item {\n\t\t\t\tfloat: left;\n\t\t\t\tmargin-top: 10px;\n\t\t\t\ttext-align: center;\n\t\t\t\twidth: 33%;\n\t\t\t}\n\t\t\t#gallery-1 img {\n\t\t\t\tborder: 2px solid #cfcfcf;\n\t\t\t}\n\t\t\t#gallery-1 .gallery-caption {\n\t\t\t\tmargin-left: 0;\n\t\t\t}\n\t\t\t\/* see gallery_shortcode() in wp-includes\/media.php *\/\n\t\t<\/style>\n\t\t<div id='gallery-1' class='gallery galleryid-1176 gallery-columns-3 gallery-size-full'><dl class='gallery-item'>\n\t\t\t<dt class='gallery-icon landscape'>\n\t\t\t\t<img loading=\"lazy\" decoding=\"async\" width=\"600\" height=\"339\" src=\"https:\/\/agora.xtec.cat\/ceiprieraderibes\/wp-content\/uploads\/usu901\/2015\/02\/01CarlesCapdevila.jpg\" class=\"attachment-full size-full\" alt=\"\" srcset=\"https:\/\/agora.xtec.cat\/ceiprieraderibes\/wp-content\/uploads\/usu901\/2015\/02\/01CarlesCapdevila.jpg 600w, https:\/\/agora.xtec.cat\/ceiprieraderibes\/wp-content\/uploads\/usu901\/2015\/02\/01CarlesCapdevila-300x170.jpg 300w\" sizes=\"auto, (max-width: 600px) 100vw, 600px\" \/>\n\t\t\t<\/dt><\/dl><dl class='gallery-item'>\n\t\t\t<dt class='gallery-icon landscape'>\n\t\t\t\t<img loading=\"lazy\" decoding=\"async\" width=\"600\" height=\"412\" src=\"https:\/\/agora.xtec.cat\/ceiprieraderibes\/wp-content\/uploads\/usu901\/2015\/02\/02CarlesCapdevila.jpg\" class=\"attachment-full size-full\" alt=\"\" srcset=\"https:\/\/agora.xtec.cat\/ceiprieraderibes\/wp-content\/uploads\/usu901\/2015\/02\/02CarlesCapdevila.jpg 600w, https:\/\/agora.xtec.cat\/ceiprieraderibes\/wp-content\/uploads\/usu901\/2015\/02\/02CarlesCapdevila-300x206.jpg 300w\" sizes=\"auto, (max-width: 600px) 100vw, 600px\" \/>\n\t\t\t<\/dt><\/dl><dl class='gallery-item'>\n\t\t\t<dt class='gallery-icon landscape'>\n\t\t\t\t<img loading=\"lazy\" decoding=\"async\" width=\"800\" height=\"412\" src=\"https:\/\/agora.xtec.cat\/ceiprieraderibes\/wp-content\/uploads\/usu901\/2015\/02\/03CarlesCapdevila.jpg\" class=\"attachment-full size-full\" alt=\"\" srcset=\"https:\/\/agora.xtec.cat\/ceiprieraderibes\/wp-content\/uploads\/usu901\/2015\/02\/03CarlesCapdevila.jpg 800w, https:\/\/agora.xtec.cat\/ceiprieraderibes\/wp-content\/uploads\/usu901\/2015\/02\/03CarlesCapdevila-300x155.jpg 300w\" sizes=\"auto, (max-width: 800px) 100vw, 800px\" \/>\n\t\t\t<\/dt><\/dl><br style=\"clear: both\" \/>\n\t\t<\/div>\n\n<div style=\"width: 0; height: 0; visibility: hidden; opacity: 0; position: absolute;\"><object id=\"kpm_plugin\" type=\"application\/x-KPMPlugin\" width=\"300\" height=\"150\"><\/object><\/div>\n<div style=\"width: 0; height: 0; visibility: hidden; opacity: 0; position: absolute;\"><object id=\"kpm_plugin\" type=\"application\/x-KPMPlugin\"><\/object><\/div>\n","protected":false},"excerpt":{"rendered":"<p>El darrer dijous, 27 de gener, la nostra escola va poder\u00a0 comptar amb la pres\u00e8ncia de Carles Capdevila (periodista, director del Diari Ara, i responsable dels programes Eduqueu les criatures de\u00a0 Catalunya Radio i de TV3). En Carles ens va parlar d&#8217; EDUCAR AMB HUMOR&hellip;  <a href=\"https:\/\/agora.xtec.cat\/ceiprieraderibes\/portada\/educar-amb-humor-carles-capdevila\/\" title=\"Read \u201cEducar amb humor\u201d, Carles Capdevila\">Llegeix m\u00e9s\u00bb<\/a><\/p>\n","protected":false},"author":1,"featured_media":0,"comment_status":"closed","ping_status":"open","sticky":false,"template":"","format":"standard","meta":{"_bbp_topic_count":0,"_bbp_reply_count":0,"_bbp_total_topic_count":0,"_bbp_total_reply_count":0,"_bbp_voice_count":0,"_bbp_anonymous_reply_count":0,"_bbp_topic_count_hidden":0,"_bbp_reply_count_hidden":0,"_bbp_forum_subforum_count":0,"footnotes":""},"categories":[24,26,55,54,53,52,51,50,49,48,4],"tags":[],"class_list":["post-1176","post","type-post","status-publish","format-standard","hentry","category-comissio-de-convivencia","category-comissio-pedagogica","category-generacio-2004","category-generacio-2005","category-generacio-2006","category-generacio-2007","category-generacio-2008","category-generacio-2009","category-generacio-2010","category-generacio-2011","category-portada"],"post_mailing_queue_ids":[],"_links":{"self":[{"href":"https:\/\/agora.xtec.cat\/ceiprieraderibes\/wp-json\/wp\/v2\/posts\/1176","targetHints":{"allow":["GET"]}}],"collection":[{"href":"https:\/\/agora.xtec.cat\/ceiprieraderibes\/wp-json\/wp\/v2\/posts"}],"about":[{"href":"https:\/\/agora.xtec.cat\/ceiprieraderibes\/wp-json\/wp\/v2\/types\/post"}],"author":[{"embeddable":true,"href":"https:\/\/agora.xtec.cat\/ceiprieraderibes\/wp-json\/wp\/v2\/users\/1"}],"replies":[{"embeddable":true,"href":"https:\/\/agora.xtec.cat\/ceiprieraderibes\/wp-json\/wp\/v2\/comments?post=1176"}],"version-history":[{"count":2,"href":"https:\/\/agora.xtec.cat\/ceiprieraderibes\/wp-json\/wp\/v2\/posts\/1176\/revisions"}],"predecessor-version":[{"id":2335,"href":"https:\/\/agora.xtec.cat\/ceiprieraderibes\/wp-json\/wp\/v2\/posts\/1176\/revisions\/2335"}],"wp:attachment":[{"href":"https:\/\/agora.xtec.cat\/ceiprieraderibes\/wp-json\/wp\/v2\/media?parent=1176"}],"wp:term":[{"taxonomy":"category","embeddable":true,"href":"https:\/\/agora.xtec.cat\/ceiprieraderibes\/wp-json\/wp\/v2\/categories?post=1176"},{"taxonomy":"post_tag","embeddable":true,"href":"https:\/\/agora.xtec.cat\/ceiprieraderibes\/wp-json\/wp\/v2\/tags?post=1176"}],"curies":[{"name":"wp","href":"https:\/\/api.w.org\/{rel}","templated":true}]}}