{"id":11718,"date":"2021-06-07T09:00:41","date_gmt":"2021-06-07T07:00:41","guid":{"rendered":"http:\/\/agora.xtec.cat\/ceiprieraderibes\/?p=11718"},"modified":"2021-06-09T13:15:01","modified_gmt":"2021-06-09T11:15:01","slug":"capitol-a-punt-4t-espai-8","status":"publish","type":"post","link":"https:\/\/agora.xtec.cat\/ceiprieraderibes\/portada\/capitol-a-punt-4t-espai-8\/","title":{"rendered":"Cap\u00edtol a punt- 4t Espai 8"},"content":{"rendered":"<p><span style=\"font-weight: 400;\">Ja hem acabat d\u2019enllestir el cap\u00edtol per l\u2019escriptor de la s\u00e8rie \u201cEls Futbol\u00edssims\u201d Roberto Santiago.\u00a0<\/span><\/p>\n<p style=\"text-align: justify;\"><span style=\"font-weight: 400;\">Som les noies i els nois de 4t de l\u2019espai 8. Ja us vam mostrar, durant el primer trimestre, la feina que hav\u00edem fet per tenir una \u201cLlibreta del Sol\u201d. Va coincidir que est\u00e0vem llegint un dels llibres d\u2019aquesta s\u00e8rie en que el protagonista manifesta el seu absolut rebuig per les matem\u00e0tiques tot dient que no serveixen per gaire. Nosaltres li vam escriure a l\u2019autor per explicar-li la nostra experi\u00e8ncia en aquesta situaci\u00f3 de la llibreta. Va ser una de les vegades en que hem vist que les matem\u00e0tiques s\u00f3n la vida i ara ens les estimem molt\u00edssim! Gaudim molt entenent el m\u00f3n gr\u00e0cies a aquests coneixements que ens han deixat els nostres avantpassats i que nosaltres re interpretem i reconstru\u00efm. Ens ho passem d\u2019all\u00f2 m\u00e9s b\u00e9 sentint-nos que aprenem i que les nostres idees tamb\u00e9 s\u00f3n importants, com les dels matem\u00e0tics de tota la vida. Ens va contestar i va manifestar la seva sorpresa. Li va encantar el que ens havia passat. Va encoratjar-nos a escriure-ho per la ficci\u00f3.<\/span><\/p>\n<p style=\"text-align: justify;\"><span style=\"font-weight: 400;\">I vam decidir escriure-li nosaltres mateixos una proposta de cap\u00edtol per a un nou llibre de la s\u00e8rie. En aquesta hist\u00f2ria, el personatge principal, en Paket, viu la nostra experi\u00e8ncia i s\u2019adona que les matem\u00e0tiques s\u00f3n la vida. Ara li hem enviat i esperem que es pugui publicar, si li agrada la idea.\u00a0<\/span><\/p>\n<p style=\"text-align: justify;\"><span style=\"font-weight: 400;\">Hem treballat molt per con\u00e8ixer com ho fan els escriptors. Un dels llibres que ens ha ajudat a aprendre\u2019n \u00e9s\u00a0 \u201cLes estructures elementals de la narrativa\u201d d\u2019Albert S\u00e1nchez Pi\u00f1ol, recentment publicat per l\u2019editorial La Campana. Tamb\u00e9 hem hagut d\u2019aprendre l\u2019estil escriptor del Roberto Santiago, analitzant alguns dels seus llibres de la s\u00e8rie i practicant diferents maneres d\u2019escriure.<\/span><\/p>\n<p style=\"text-align: justify;\"><span style=\"font-weight: 400;\">Us adjuntem el primer cap\u00edtol \u201cCanvis sobtats a la classe\u201d d\u2019aquets nou llibre que hem titulat \u201d<\/span><b><i>Aventures i misteris del nou curs<\/i><\/b><span style=\"font-weight: 400;\">\u201d. Hem fet la versi\u00f3 en llengua catalana i tamb\u00e9 la de llengua castellana, tal i com ell acostuma a publicar. Esperem que ho gaudiu tant com nosaltres!!!<\/span><\/p>\n\n\t\t<style type=\"text\/css\">\n\t\t\t#gallery-1 {\n\t\t\t\tmargin: auto;\n\t\t\t}\n\t\t\t#gallery-1 .gallery-item {\n\t\t\t\tfloat: left;\n\t\t\t\tmargin-top: 10px;\n\t\t\t\ttext-align: center;\n\t\t\t\twidth: 33%;\n\t\t\t}\n\t\t\t#gallery-1 img {\n\t\t\t\tborder: 2px solid #cfcfcf;\n\t\t\t}\n\t\t\t#gallery-1 .gallery-caption {\n\t\t\t\tmargin-left: 0;\n\t\t\t}\n\t\t\t\/* see gallery_shortcode() in wp-includes\/media.php *\/\n\t\t<\/style>\n\t\t<div id='gallery-1' class='gallery galleryid-11718 gallery-columns-3 gallery-size-medium'><dl class='gallery-item'>\n\t\t\t<dt class='gallery-icon landscape'>\n\t\t\t\t<a href='https:\/\/agora.xtec.cat\/ceiprieraderibes\/portada\/capitol-a-punt-4t-espai-8\/attachment\/1-1\/'><img loading=\"lazy\" decoding=\"async\" width=\"300\" height=\"225\" src=\"https:\/\/agora.xtec.cat\/ceiprieraderibes\/wp-content\/uploads\/usu901\/2021\/06\/1.1-300x225.jpg\" class=\"attachment-medium size-medium\" alt=\"\" srcset=\"https:\/\/agora.xtec.cat\/ceiprieraderibes\/wp-content\/uploads\/usu901\/2021\/06\/1.1-300x225.jpg 300w, https:\/\/agora.xtec.cat\/ceiprieraderibes\/wp-content\/uploads\/usu901\/2021\/06\/1.1-768x576.jpg 768w, https:\/\/agora.xtec.cat\/ceiprieraderibes\/wp-content\/uploads\/usu901\/2021\/06\/1.1-1024x768.jpg 1024w, https:\/\/agora.xtec.cat\/ceiprieraderibes\/wp-content\/uploads\/usu901\/2021\/06\/1.1-200x150.jpg 200w\" sizes=\"auto, (max-width: 300px) 100vw, 300px\" \/><\/a>\n\t\t\t<\/dt><\/dl><dl class='gallery-item'>\n\t\t\t<dt class='gallery-icon landscape'>\n\t\t\t\t<a href='https:\/\/agora.xtec.cat\/ceiprieraderibes\/portada\/capitol-a-punt-4t-espai-8\/attachment\/2-2-3\/'><img loading=\"lazy\" decoding=\"async\" width=\"300\" height=\"225\" src=\"https:\/\/agora.xtec.cat\/ceiprieraderibes\/wp-content\/uploads\/usu901\/2021\/06\/2.2-300x225.jpg\" class=\"attachment-medium size-medium\" alt=\"\" srcset=\"https:\/\/agora.xtec.cat\/ceiprieraderibes\/wp-content\/uploads\/usu901\/2021\/06\/2.2-300x225.jpg 300w, https:\/\/agora.xtec.cat\/ceiprieraderibes\/wp-content\/uploads\/usu901\/2021\/06\/2.2-768x576.jpg 768w, https:\/\/agora.xtec.cat\/ceiprieraderibes\/wp-content\/uploads\/usu901\/2021\/06\/2.2-1024x768.jpg 1024w, https:\/\/agora.xtec.cat\/ceiprieraderibes\/wp-content\/uploads\/usu901\/2021\/06\/2.2-200x150.jpg 200w\" sizes=\"auto, (max-width: 300px) 100vw, 300px\" \/><\/a>\n\t\t\t<\/dt><\/dl><dl class='gallery-item'>\n\t\t\t<dt class='gallery-icon landscape'>\n\t\t\t\t<a href='https:\/\/agora.xtec.cat\/ceiprieraderibes\/portada\/capitol-a-punt-4t-espai-8\/attachment\/3-2-3\/'><img loading=\"lazy\" decoding=\"async\" width=\"300\" height=\"225\" src=\"https:\/\/agora.xtec.cat\/ceiprieraderibes\/wp-content\/uploads\/usu901\/2021\/06\/3.2-300x225.jpg\" class=\"attachment-medium size-medium\" alt=\"\" srcset=\"https:\/\/agora.xtec.cat\/ceiprieraderibes\/wp-content\/uploads\/usu901\/2021\/06\/3.2-300x225.jpg 300w, https:\/\/agora.xtec.cat\/ceiprieraderibes\/wp-content\/uploads\/usu901\/2021\/06\/3.2-768x576.jpg 768w, https:\/\/agora.xtec.cat\/ceiprieraderibes\/wp-content\/uploads\/usu901\/2021\/06\/3.2-1024x768.jpg 1024w, https:\/\/agora.xtec.cat\/ceiprieraderibes\/wp-content\/uploads\/usu901\/2021\/06\/3.2-200x150.jpg 200w\" sizes=\"auto, (max-width: 300px) 100vw, 300px\" \/><\/a>\n\t\t\t<\/dt><\/dl><br style=\"clear: both\" \/>\n\t\t<\/div>\n\n<h6><a href=\"https:\/\/agora.xtec.cat\/ceiprieraderibes\/wp-content\/uploads\/usu901\/2021\/06\/Proposta-cap\u00edtol-1-en-catal\u00e0.docx\">Proposta cap\u00edtol 1 en catal\u00e0<\/a><\/h6>\n<h6><a href=\"https:\/\/agora.xtec.cat\/ceiprieraderibes\/wp-content\/uploads\/usu901\/2021\/06\/Propuesta-cap\u00edtulo-1-en-castellano.docx\">Propuesta cap\u00edtulo 1 en castellano<\/a><\/h6>\n","protected":false},"excerpt":{"rendered":"<p>Ja hem acabat d\u2019enllestir el cap\u00edtol per l\u2019escriptor de la s\u00e8rie \u201cEls Futbol\u00edssims\u201d Roberto Santiago.\u00a0<br \/>\nSom les noies i els nois de 4t de l\u2019espai 8. Ja us vam mostrar, durant el primer trimestre, la feina que hav\u00edem fet per tenir una \u201cLlibreta del Sol\u201d. Va&hellip;  <a href=\"https:\/\/agora.xtec.cat\/ceiprieraderibes\/portada\/capitol-a-punt-4t-espai-8\/\" title=\"Read Cap\u00edtol a punt- 4t Espai 8\">Llegeix m\u00e9s\u00bb<\/a><\/p>\n","protected":false},"author":175,"featured_media":11721,"comment_status":"open","ping_status":"closed","sticky":false,"template":"","format":"standard","meta":{"_bbp_topic_count":0,"_bbp_reply_count":0,"_bbp_total_topic_count":0,"_bbp_total_reply_count":0,"_bbp_voice_count":0,"_bbp_anonymous_reply_count":0,"_bbp_topic_count_hidden":0,"_bbp_reply_count_hidden":0,"_bbp_forum_subforum_count":0,"footnotes":""},"categories":[48,4],"tags":[],"class_list":["post-11718","post","type-post","status-publish","format-standard","has-post-thumbnail","hentry","category-generacio-2011","category-portada"],"post_mailing_queue_ids":[],"_links":{"self":[{"href":"https:\/\/agora.xtec.cat\/ceiprieraderibes\/wp-json\/wp\/v2\/posts\/11718","targetHints":{"allow":["GET"]}}],"collection":[{"href":"https:\/\/agora.xtec.cat\/ceiprieraderibes\/wp-json\/wp\/v2\/posts"}],"about":[{"href":"https:\/\/agora.xtec.cat\/ceiprieraderibes\/wp-json\/wp\/v2\/types\/post"}],"author":[{"embeddable":true,"href":"https:\/\/agora.xtec.cat\/ceiprieraderibes\/wp-json\/wp\/v2\/users\/175"}],"replies":[{"embeddable":true,"href":"https:\/\/agora.xtec.cat\/ceiprieraderibes\/wp-json\/wp\/v2\/comments?post=11718"}],"version-history":[{"count":4,"href":"https:\/\/agora.xtec.cat\/ceiprieraderibes\/wp-json\/wp\/v2\/posts\/11718\/revisions"}],"predecessor-version":[{"id":11833,"href":"https:\/\/agora.xtec.cat\/ceiprieraderibes\/wp-json\/wp\/v2\/posts\/11718\/revisions\/11833"}],"wp:featuredmedia":[{"embeddable":true,"href":"https:\/\/agora.xtec.cat\/ceiprieraderibes\/wp-json\/wp\/v2\/media\/11721"}],"wp:attachment":[{"href":"https:\/\/agora.xtec.cat\/ceiprieraderibes\/wp-json\/wp\/v2\/media?parent=11718"}],"wp:term":[{"taxonomy":"category","embeddable":true,"href":"https:\/\/agora.xtec.cat\/ceiprieraderibes\/wp-json\/wp\/v2\/categories?post=11718"},{"taxonomy":"post_tag","embeddable":true,"href":"https:\/\/agora.xtec.cat\/ceiprieraderibes\/wp-json\/wp\/v2\/tags?post=11718"}],"curies":[{"name":"wp","href":"https:\/\/api.w.org\/{rel}","templated":true}]}}