{"id":11706,"date":"2021-06-04T08:51:29","date_gmt":"2021-06-04T06:51:29","guid":{"rendered":"http:\/\/agora.xtec.cat\/ceiprieraderibes\/?p=11706"},"modified":"2021-06-04T08:56:10","modified_gmt":"2021-06-04T06:56:10","slug":"colonies-p5-1r","status":"publish","type":"post","link":"https:\/\/agora.xtec.cat\/ceiprieraderibes\/general\/colonies-p5-1r\/","title":{"rendered":"Col\u00f2nies P5-1r"},"content":{"rendered":"<p class=\"gmail_default\">Els dies 31 de maig i 1 de juny els nens i nenes de P5 i primer de prim\u00e0ria van marxar dos dies a gaudir d&#8217;unes col\u00f2nies a la poblaci\u00f3 de Pontons a Cal Diable.<\/p>\n<p class=\"gmail_default\">Van ser dies intensos i plens d&#8217;emocions i experi\u00e8ncies.<\/p>\n<p class=\"gmail_default\">Els animals de la granja de &#8220;Cal Diable&#8221; van ser els nostres amfitrions i amics aquests dies, ens van ensenyar a agafar cireres cuidant els arbres, a gaudir del bosc i la natura amb respecte i a viure apasionants aventures de nit amb en &#8220;banyetes&#8221; i les seves entremaliades.<\/p>\n<p class=\"gmail_default\">Les viv\u00e8ncies i la interacci\u00f3 entre els nens i nenes fora del seu entorn habitual s\u00f3n un dels principals motors i canals que afavoreixen l&#8217;aprenentatge de continguts, \u00e9s per aix\u00f2 que estem contents i satisfets de tota l&#8217;experi\u00e8ncia viscuda pels nostres grups, que entre altres coses, ajuda al fet que siguin cada dia una mica m\u00e9s aut\u00f2noms i conscients amb el que viuen i conviuen.<\/p>\n<p class=\"gmail_default\">Ja estem pensant en les properes!!<\/p>\n<p><a href=\"https:\/\/agora.xtec.cat\/ceiprieraderibes\/wp-content\/uploads\/usu901\/2021\/06\/IMG-20210602-WA0002.jpg\"><img loading=\"lazy\" decoding=\"async\" class=\"alignnone wp-image-11707 size-medium\" src=\"https:\/\/agora.xtec.cat\/ceiprieraderibes\/wp-content\/uploads\/usu901\/2021\/06\/IMG-20210602-WA0002-300x225.jpg\" alt=\"\" width=\"300\" height=\"225\" srcset=\"https:\/\/agora.xtec.cat\/ceiprieraderibes\/wp-content\/uploads\/usu901\/2021\/06\/IMG-20210602-WA0002-300x225.jpg 300w, https:\/\/agora.xtec.cat\/ceiprieraderibes\/wp-content\/uploads\/usu901\/2021\/06\/IMG-20210602-WA0002-768x576.jpg 768w, https:\/\/agora.xtec.cat\/ceiprieraderibes\/wp-content\/uploads\/usu901\/2021\/06\/IMG-20210602-WA0002-1024x768.jpg 1024w, https:\/\/agora.xtec.cat\/ceiprieraderibes\/wp-content\/uploads\/usu901\/2021\/06\/IMG-20210602-WA0002-200x150.jpg 200w, https:\/\/agora.xtec.cat\/ceiprieraderibes\/wp-content\/uploads\/usu901\/2021\/06\/IMG-20210602-WA0002.jpg 2000w\" sizes=\"auto, (max-width: 300px) 100vw, 300px\" \/><\/a> <a href=\"https:\/\/agora.xtec.cat\/ceiprieraderibes\/wp-content\/uploads\/usu901\/2021\/06\/IMG-20210602-WA0038.jpg\"><img loading=\"lazy\" decoding=\"async\" class=\"alignnone wp-image-11708 size-medium\" src=\"https:\/\/agora.xtec.cat\/ceiprieraderibes\/wp-content\/uploads\/usu901\/2021\/06\/IMG-20210602-WA0038-300x139.jpg\" alt=\"\" width=\"300\" height=\"139\" srcset=\"https:\/\/agora.xtec.cat\/ceiprieraderibes\/wp-content\/uploads\/usu901\/2021\/06\/IMG-20210602-WA0038-300x139.jpg 300w, https:\/\/agora.xtec.cat\/ceiprieraderibes\/wp-content\/uploads\/usu901\/2021\/06\/IMG-20210602-WA0038-768x355.jpg 768w, https:\/\/agora.xtec.cat\/ceiprieraderibes\/wp-content\/uploads\/usu901\/2021\/06\/IMG-20210602-WA0038-1024x473.jpg 1024w, https:\/\/agora.xtec.cat\/ceiprieraderibes\/wp-content\/uploads\/usu901\/2021\/06\/IMG-20210602-WA0038.jpg 2048w\" sizes=\"auto, (max-width: 300px) 100vw, 300px\" \/><\/a> <a href=\"https:\/\/agora.xtec.cat\/ceiprieraderibes\/wp-content\/uploads\/usu901\/2021\/06\/IMG-20210602-WA0039.jpg\"><img loading=\"lazy\" decoding=\"async\" class=\"alignnone wp-image-11709 size-medium\" src=\"https:\/\/agora.xtec.cat\/ceiprieraderibes\/wp-content\/uploads\/usu901\/2021\/06\/IMG-20210602-WA0039-300x225.jpg\" alt=\"\" width=\"300\" height=\"225\" srcset=\"https:\/\/agora.xtec.cat\/ceiprieraderibes\/wp-content\/uploads\/usu901\/2021\/06\/IMG-20210602-WA0039-300x225.jpg 300w, https:\/\/agora.xtec.cat\/ceiprieraderibes\/wp-content\/uploads\/usu901\/2021\/06\/IMG-20210602-WA0039-768x576.jpg 768w, https:\/\/agora.xtec.cat\/ceiprieraderibes\/wp-content\/uploads\/usu901\/2021\/06\/IMG-20210602-WA0039-1024x768.jpg 1024w, https:\/\/agora.xtec.cat\/ceiprieraderibes\/wp-content\/uploads\/usu901\/2021\/06\/IMG-20210602-WA0039-200x150.jpg 200w, https:\/\/agora.xtec.cat\/ceiprieraderibes\/wp-content\/uploads\/usu901\/2021\/06\/IMG-20210602-WA0039.jpg 1600w\" sizes=\"auto, (max-width: 300px) 100vw, 300px\" \/><\/a> <a href=\"https:\/\/agora.xtec.cat\/ceiprieraderibes\/wp-content\/uploads\/usu901\/2021\/06\/IMG-20210602-WA0033.jpg\"><img loading=\"lazy\" decoding=\"async\" class=\"alignnone wp-image-11710 size-medium\" src=\"https:\/\/agora.xtec.cat\/ceiprieraderibes\/wp-content\/uploads\/usu901\/2021\/06\/IMG-20210602-WA0033-300x169.jpg\" alt=\"\" width=\"300\" height=\"169\" srcset=\"https:\/\/agora.xtec.cat\/ceiprieraderibes\/wp-content\/uploads\/usu901\/2021\/06\/IMG-20210602-WA0033-300x169.jpg 300w, https:\/\/agora.xtec.cat\/ceiprieraderibes\/wp-content\/uploads\/usu901\/2021\/06\/IMG-20210602-WA0033-768x432.jpg 768w, https:\/\/agora.xtec.cat\/ceiprieraderibes\/wp-content\/uploads\/usu901\/2021\/06\/IMG-20210602-WA0033-1024x576.jpg 1024w, https:\/\/agora.xtec.cat\/ceiprieraderibes\/wp-content\/uploads\/usu901\/2021\/06\/IMG-20210602-WA0033.jpg 2048w\" sizes=\"auto, (max-width: 300px) 100vw, 300px\" \/><\/a> <a href=\"https:\/\/agora.xtec.cat\/ceiprieraderibes\/wp-content\/uploads\/usu901\/2021\/06\/IMG-20210602-WA0036.jpg\"><img loading=\"lazy\" decoding=\"async\" class=\"alignnone wp-image-11711 size-medium\" src=\"https:\/\/agora.xtec.cat\/ceiprieraderibes\/wp-content\/uploads\/usu901\/2021\/06\/IMG-20210602-WA0036-300x225.jpg\" alt=\"\" width=\"300\" height=\"225\" srcset=\"https:\/\/agora.xtec.cat\/ceiprieraderibes\/wp-content\/uploads\/usu901\/2021\/06\/IMG-20210602-WA0036-300x225.jpg 300w, https:\/\/agora.xtec.cat\/ceiprieraderibes\/wp-content\/uploads\/usu901\/2021\/06\/IMG-20210602-WA0036-768x576.jpg 768w, https:\/\/agora.xtec.cat\/ceiprieraderibes\/wp-content\/uploads\/usu901\/2021\/06\/IMG-20210602-WA0036-1024x768.jpg 1024w, https:\/\/agora.xtec.cat\/ceiprieraderibes\/wp-content\/uploads\/usu901\/2021\/06\/IMG-20210602-WA0036-200x150.jpg 200w, https:\/\/agora.xtec.cat\/ceiprieraderibes\/wp-content\/uploads\/usu901\/2021\/06\/IMG-20210602-WA0036.jpg 2000w\" sizes=\"auto, (max-width: 300px) 100vw, 300px\" \/><\/a> <a href=\"https:\/\/agora.xtec.cat\/ceiprieraderibes\/wp-content\/uploads\/usu901\/2021\/06\/IMG20210601112333.jpg\"><img loading=\"lazy\" decoding=\"async\" class=\"alignnone wp-image-11712 size-medium\" src=\"https:\/\/agora.xtec.cat\/ceiprieraderibes\/wp-content\/uploads\/usu901\/2021\/06\/IMG20210601112333-300x225.jpg\" alt=\"\" width=\"300\" height=\"225\" srcset=\"https:\/\/agora.xtec.cat\/ceiprieraderibes\/wp-content\/uploads\/usu901\/2021\/06\/IMG20210601112333-300x225.jpg 300w, https:\/\/agora.xtec.cat\/ceiprieraderibes\/wp-content\/uploads\/usu901\/2021\/06\/IMG20210601112333-768x576.jpg 768w, https:\/\/agora.xtec.cat\/ceiprieraderibes\/wp-content\/uploads\/usu901\/2021\/06\/IMG20210601112333-1024x768.jpg 1024w, https:\/\/agora.xtec.cat\/ceiprieraderibes\/wp-content\/uploads\/usu901\/2021\/06\/IMG20210601112333-200x150.jpg 200w, https:\/\/agora.xtec.cat\/ceiprieraderibes\/wp-content\/uploads\/usu901\/2021\/06\/IMG20210601112333.jpg 1613w\" sizes=\"auto, (max-width: 300px) 100vw, 300px\" \/><\/a><\/p>\n","protected":false},"excerpt":{"rendered":"<p>Els dies 31 de maig i 1 de juny els nens i nenes de P5 i primer de prim\u00e0ria van marxar dos dies a gaudir d&#8217;unes col\u00f2nies a la poblaci\u00f3 de Pontons a Cal Diable.<br \/>\nVan ser dies intensos i plens d&#8217;emocions i experi\u00e8ncies.<br \/>\nEls animals de&hellip;  <a href=\"https:\/\/agora.xtec.cat\/ceiprieraderibes\/general\/colonies-p5-1r\/\" title=\"Read Col\u00f2nies P5-1r\">Llegeix m\u00e9s\u00bb<\/a><\/p>\n","protected":false},"author":1,"featured_media":0,"comment_status":"open","ping_status":"closed","sticky":false,"template":"","format":"standard","meta":{"_bbp_topic_count":0,"_bbp_reply_count":0,"_bbp_total_topic_count":0,"_bbp_total_reply_count":0,"_bbp_voice_count":0,"_bbp_anonymous_reply_count":0,"_bbp_topic_count_hidden":0,"_bbp_reply_count_hidden":0,"_bbp_forum_subforum_count":0,"footnotes":""},"categories":[177,196,1,4],"tags":[],"class_list":["post-11706","post","type-post","status-publish","format-standard","hentry","category-generacio-2014","category-generacio-2015","category-general","category-portada"],"post_mailing_queue_ids":[],"_links":{"self":[{"href":"https:\/\/agora.xtec.cat\/ceiprieraderibes\/wp-json\/wp\/v2\/posts\/11706","targetHints":{"allow":["GET"]}}],"collection":[{"href":"https:\/\/agora.xtec.cat\/ceiprieraderibes\/wp-json\/wp\/v2\/posts"}],"about":[{"href":"https:\/\/agora.xtec.cat\/ceiprieraderibes\/wp-json\/wp\/v2\/types\/post"}],"author":[{"embeddable":true,"href":"https:\/\/agora.xtec.cat\/ceiprieraderibes\/wp-json\/wp\/v2\/users\/1"}],"replies":[{"embeddable":true,"href":"https:\/\/agora.xtec.cat\/ceiprieraderibes\/wp-json\/wp\/v2\/comments?post=11706"}],"version-history":[{"count":1,"href":"https:\/\/agora.xtec.cat\/ceiprieraderibes\/wp-json\/wp\/v2\/posts\/11706\/revisions"}],"predecessor-version":[{"id":11713,"href":"https:\/\/agora.xtec.cat\/ceiprieraderibes\/wp-json\/wp\/v2\/posts\/11706\/revisions\/11713"}],"wp:attachment":[{"href":"https:\/\/agora.xtec.cat\/ceiprieraderibes\/wp-json\/wp\/v2\/media?parent=11706"}],"wp:term":[{"taxonomy":"category","embeddable":true,"href":"https:\/\/agora.xtec.cat\/ceiprieraderibes\/wp-json\/wp\/v2\/categories?post=11706"},{"taxonomy":"post_tag","embeddable":true,"href":"https:\/\/agora.xtec.cat\/ceiprieraderibes\/wp-json\/wp\/v2\/tags?post=11706"}],"curies":[{"name":"wp","href":"https:\/\/api.w.org\/{rel}","templated":true}]}}