{"id":11692,"date":"2021-05-24T09:00:39","date_gmt":"2021-05-24T07:00:39","guid":{"rendered":"http:\/\/agora.xtec.cat\/ceiprieraderibes\/?p=11692"},"modified":"2021-05-22T22:37:43","modified_gmt":"2021-05-22T20:37:43","slug":"el-rey-melon-teatre-a-cinque","status":"publish","type":"post","link":"https:\/\/agora.xtec.cat\/ceiprieraderibes\/portada\/el-rey-melon-teatre-a-cinque\/","title":{"rendered":"El Rey Mel\u00f3n- Teatre a Cinqu\u00e8"},"content":{"rendered":"<p style=\"text-align: justify;\"><span style=\"font-weight: 400;\">Aquest curs el nivell de cinqu\u00e8 dins del temps que dediquem al m\u00f3n literari\u00a0 hem treballat el teatre, entre altres g\u00e8neres.\u00a0<\/span><\/p>\n<p style=\"text-align: justify;\"><span style=\"font-weight: 400;\">L\u2019obra que hem\u00a0 representat dins de l\u2019aula, i que no l\u2019hem pogut mostrar a les fam\u00edlies degut a la situaci\u00f3 sanit\u00e0ria actual,\u00a0 \u00e9s El Rey Mel\u00f3n de Joan Salvador.<\/span><\/p>\n<p style=\"text-align: justify;\"><span style=\"font-weight: 400;\">Us fem arribar dos enlla\u00e7os d\u2019aquesta anomenada obra. Una d\u2019elles \u00e9s una adaptaci\u00f3 que han fet els mateixos alumnes.<\/span><\/p>\n<p style=\"text-align: justify;\"><span style=\"font-weight: 400;\">Hem de felicitar a tots els i les alumnes ja que ho han fet molt b\u00e9 i a la vegada agrair als alumnes que han fet el muntatge dels v\u00eddeos.\u00a0<\/span><\/p>\n<p style=\"text-align: justify;\"><span style=\"font-weight: 400;\">Desitgem que ho gaudiu, com vam fer nosaltres.\u00a0<\/span><\/p>\n<ul>\n<li><a href=\"https:\/\/drive.google.com\/file\/d\/1FQbgnspmWfOqUzpogEvDiyfhuoMkt8K5\/view?usp=sharing\">El Rey Mel\u00f3n (Adaptaci\u00f3)<\/a><\/li>\n<li><a href=\"https:\/\/drive.google.com\/file\/d\/1zWft9G_orfLhY1MuaCX_XU8zwQMAq9nT\/view?usp=sharing\">El Rey Mel\u00f3n\u00a0<\/a><\/li>\n<\/ul>\n","protected":false},"excerpt":{"rendered":"<p>Aquest curs el nivell de cinqu\u00e8 dins del temps que dediquem al m\u00f3n literari\u00a0 hem treballat el teatre, entre altres g\u00e8neres.\u00a0<br \/>\nL\u2019obra que hem\u00a0 representat dins de l\u2019aula, i que no l\u2019hem pogut mostrar a les fam\u00edlies degut a la situaci\u00f3 sanit\u00e0ria actual,\u00a0 \u00e9s El Rey&hellip;  <a href=\"https:\/\/agora.xtec.cat\/ceiprieraderibes\/portada\/el-rey-melon-teatre-a-cinque\/\" title=\"Read El Rey Mel\u00f3n- Teatre a Cinqu\u00e8\">Llegeix m\u00e9s\u00bb<\/a><\/p>\n","protected":false},"author":175,"featured_media":11693,"comment_status":"open","ping_status":"closed","sticky":false,"template":"","format":"standard","meta":{"_bbp_topic_count":0,"_bbp_reply_count":0,"_bbp_total_topic_count":0,"_bbp_total_reply_count":0,"_bbp_voice_count":0,"_bbp_anonymous_reply_count":0,"_bbp_topic_count_hidden":0,"_bbp_reply_count_hidden":0,"_bbp_forum_subforum_count":0,"footnotes":""},"categories":[49,4],"tags":[],"class_list":["post-11692","post","type-post","status-publish","format-standard","has-post-thumbnail","hentry","category-generacio-2010","category-portada"],"post_mailing_queue_ids":[],"_links":{"self":[{"href":"https:\/\/agora.xtec.cat\/ceiprieraderibes\/wp-json\/wp\/v2\/posts\/11692","targetHints":{"allow":["GET"]}}],"collection":[{"href":"https:\/\/agora.xtec.cat\/ceiprieraderibes\/wp-json\/wp\/v2\/posts"}],"about":[{"href":"https:\/\/agora.xtec.cat\/ceiprieraderibes\/wp-json\/wp\/v2\/types\/post"}],"author":[{"embeddable":true,"href":"https:\/\/agora.xtec.cat\/ceiprieraderibes\/wp-json\/wp\/v2\/users\/175"}],"replies":[{"embeddable":true,"href":"https:\/\/agora.xtec.cat\/ceiprieraderibes\/wp-json\/wp\/v2\/comments?post=11692"}],"version-history":[{"count":2,"href":"https:\/\/agora.xtec.cat\/ceiprieraderibes\/wp-json\/wp\/v2\/posts\/11692\/revisions"}],"predecessor-version":[{"id":11695,"href":"https:\/\/agora.xtec.cat\/ceiprieraderibes\/wp-json\/wp\/v2\/posts\/11692\/revisions\/11695"}],"wp:featuredmedia":[{"embeddable":true,"href":"https:\/\/agora.xtec.cat\/ceiprieraderibes\/wp-json\/wp\/v2\/media\/11693"}],"wp:attachment":[{"href":"https:\/\/agora.xtec.cat\/ceiprieraderibes\/wp-json\/wp\/v2\/media?parent=11692"}],"wp:term":[{"taxonomy":"category","embeddable":true,"href":"https:\/\/agora.xtec.cat\/ceiprieraderibes\/wp-json\/wp\/v2\/categories?post=11692"},{"taxonomy":"post_tag","embeddable":true,"href":"https:\/\/agora.xtec.cat\/ceiprieraderibes\/wp-json\/wp\/v2\/tags?post=11692"}],"curies":[{"name":"wp","href":"https:\/\/api.w.org\/{rel}","templated":true}]}}