{"id":11677,"date":"2021-05-19T13:05:57","date_gmt":"2021-05-19T11:05:57","guid":{"rendered":"http:\/\/agora.xtec.cat\/ceiprieraderibes\/?p=11677"},"modified":"2021-05-19T13:08:03","modified_gmt":"2021-05-19T11:08:03","slug":"les-colonies-a-mas-banyeres","status":"publish","type":"post","link":"https:\/\/agora.xtec.cat\/ceiprieraderibes\/general\/les-colonies-a-mas-banyeres\/","title":{"rendered":"LES COL\u00d2NIES A MAS BANYERES"},"content":{"rendered":"<p>Els alumnes de 3r, junt amb els de 2n vam ser els primers de l&#8217;escola en marxar de col\u00f2nies. Sab\u00edem que enguany era molt dif\u00edcil perqu\u00e8 estava sent un curs diferent, gaireb\u00e9 hav\u00edem perdut l&#8217;esperan\u00e7a, per\u00f2 quan vam comen\u00e7ar a sentir la possibilitat d&#8217;anar-hi, ens va envair molta felicitat i il\u00b7lusi\u00f3, en ten\u00edem moltes ganes i aix\u00f2 hav\u00edem d&#8217;aprofitar-ho!<\/p>\n<p>Vam reunir-nos els 3 espais de 3r amb els 3 espais de segon a l&#8217;aire lliure, assegurant les dist\u00e0ncies. La finalitat, era la de contrastar i acordar com preparar\u00edem aquest proc\u00e9s previ a les col\u00f2nies i quins aspectes ens agradaria con\u00e8ixer i treballar abans d&#8217;anar cap al dest\u00ed.<\/p>\n<p>Van sorgir moltes propostes diferents i les vam repartir per treballar-les des de dins dels espais, l&#8217;objectiu era crear un dossier compartit per tothom i fet entre tots i totes que ens servis per gaudir al m\u00e0xim la nostra estada a la casa de Mas Banyeres, situada a Centelles (Osona).<\/p>\n<p>En el dossier es van treballar de manera transversal diferents \u00e0mbits, com per exemple el matem\u00e0tic. Amb recorreguts expressats en dist\u00e0ncies, c\u00e0lculs matem\u00e0tics de la distribuci\u00f3 dels alumnes en els autobusos, o en les habitacions i les lliteres. Tamb\u00e9 vam treballar el medi, veient per quines comarques i pobles hav\u00edem de passar o elaborant un recull de fauna que podr\u00edem trobar per la zona de centelles.<\/p>\n<p>A part tamb\u00e9 vam treballar l&#8217;\u00e0mbit ling\u00fc\u00edstic amb la creaci\u00f3 de textos instructius o informatius que tractaven la hist\u00f2ria de la casa o recordar acords i normes relacionades amb saber estar o tot all\u00f2 que ens feia falta portar.<\/p>\n<p>Un cop all\u00e0, vam gaudir d&#8217;activitats espectaculars com per exemple tir a l&#8217;arc, karts, llan\u00e7ar-nos per tirolines o jocs de nit en un ambient de desconnexi\u00f3 i natura molt agradable.<\/p>\n<p><a href=\"https:\/\/agora.xtec.cat\/ceiprieraderibes\/wp-content\/uploads\/usu901\/2021\/05\/1.png\"><img loading=\"lazy\" decoding=\"async\" class=\"alignnone wp-image-11679\" src=\"https:\/\/agora.xtec.cat\/ceiprieraderibes\/wp-content\/uploads\/usu901\/2021\/05\/1-146x300.png\" alt=\"\" width=\"161\" height=\"331\" \/>\u00a0<\/a> <a href=\"https:\/\/agora.xtec.cat\/ceiprieraderibes\/wp-content\/uploads\/usu901\/2021\/05\/2.png\"><img loading=\"lazy\" decoding=\"async\" class=\"alignnone wp-image-11680 \" src=\"https:\/\/agora.xtec.cat\/ceiprieraderibes\/wp-content\/uploads\/usu901\/2021\/05\/2-225x300.png\" alt=\"\" width=\"251\" height=\"335\" srcset=\"https:\/\/agora.xtec.cat\/ceiprieraderibes\/wp-content\/uploads\/usu901\/2021\/05\/2-225x300.png 225w, https:\/\/agora.xtec.cat\/ceiprieraderibes\/wp-content\/uploads\/usu901\/2021\/05\/2-768x1024.png 768w, https:\/\/agora.xtec.cat\/ceiprieraderibes\/wp-content\/uploads\/usu901\/2021\/05\/2.png 789w\" sizes=\"auto, (max-width: 251px) 100vw, 251px\" \/><\/a><\/p>\n<p><a href=\"https:\/\/agora.xtec.cat\/ceiprieraderibes\/wp-content\/uploads\/usu901\/2021\/05\/3.png\"><img loading=\"lazy\" decoding=\"async\" class=\"alignnone wp-image-11681\" src=\"https:\/\/agora.xtec.cat\/ceiprieraderibes\/wp-content\/uploads\/usu901\/2021\/05\/3-1024x498.png\" alt=\"\" width=\"479\" height=\"233\" srcset=\"https:\/\/agora.xtec.cat\/ceiprieraderibes\/wp-content\/uploads\/usu901\/2021\/05\/3.png 1024w, https:\/\/agora.xtec.cat\/ceiprieraderibes\/wp-content\/uploads\/usu901\/2021\/05\/3-300x146.png 300w, https:\/\/agora.xtec.cat\/ceiprieraderibes\/wp-content\/uploads\/usu901\/2021\/05\/3-768x374.png 768w\" sizes=\"auto, (max-width: 479px) 100vw, 479px\" \/><\/a><\/p>\n<p><a href=\"https:\/\/agora.xtec.cat\/ceiprieraderibes\/wp-content\/uploads\/usu901\/2021\/05\/4.png\"><img loading=\"lazy\" decoding=\"async\" class=\"alignnone wp-image-11682\" src=\"https:\/\/agora.xtec.cat\/ceiprieraderibes\/wp-content\/uploads\/usu901\/2021\/05\/4.png\" alt=\"\" width=\"480\" height=\"312\" srcset=\"https:\/\/agora.xtec.cat\/ceiprieraderibes\/wp-content\/uploads\/usu901\/2021\/05\/4.png 922w, https:\/\/agora.xtec.cat\/ceiprieraderibes\/wp-content\/uploads\/usu901\/2021\/05\/4-300x195.png 300w, https:\/\/agora.xtec.cat\/ceiprieraderibes\/wp-content\/uploads\/usu901\/2021\/05\/4-768x499.png 768w\" sizes=\"auto, (max-width: 480px) 100vw, 480px\" \/><\/a><\/p>\n<p><a href=\"https:\/\/agora.xtec.cat\/ceiprieraderibes\/wp-content\/uploads\/usu901\/2021\/05\/5.png\"><img loading=\"lazy\" decoding=\"async\" class=\"alignnone wp-image-11683\" src=\"https:\/\/agora.xtec.cat\/ceiprieraderibes\/wp-content\/uploads\/usu901\/2021\/05\/5.png\" alt=\"\" width=\"480\" height=\"312\" srcset=\"https:\/\/agora.xtec.cat\/ceiprieraderibes\/wp-content\/uploads\/usu901\/2021\/05\/5.png 922w, https:\/\/agora.xtec.cat\/ceiprieraderibes\/wp-content\/uploads\/usu901\/2021\/05\/5-300x195.png 300w, https:\/\/agora.xtec.cat\/ceiprieraderibes\/wp-content\/uploads\/usu901\/2021\/05\/5-768x499.png 768w\" sizes=\"auto, (max-width: 480px) 100vw, 480px\" \/><\/a><\/p>\n<p><a href=\"https:\/\/agora.xtec.cat\/ceiprieraderibes\/wp-content\/uploads\/usu901\/2021\/05\/6.png\"><img loading=\"lazy\" decoding=\"async\" class=\"alignnone wp-image-11684\" src=\"https:\/\/agora.xtec.cat\/ceiprieraderibes\/wp-content\/uploads\/usu901\/2021\/05\/6.png\" alt=\"\" width=\"480\" height=\"360\" srcset=\"https:\/\/agora.xtec.cat\/ceiprieraderibes\/wp-content\/uploads\/usu901\/2021\/05\/6.png 922w, https:\/\/agora.xtec.cat\/ceiprieraderibes\/wp-content\/uploads\/usu901\/2021\/05\/6-300x225.png 300w, https:\/\/agora.xtec.cat\/ceiprieraderibes\/wp-content\/uploads\/usu901\/2021\/05\/6-768x576.png 768w, https:\/\/agora.xtec.cat\/ceiprieraderibes\/wp-content\/uploads\/usu901\/2021\/05\/6-200x150.png 200w\" sizes=\"auto, (max-width: 480px) 100vw, 480px\" \/><\/a><\/p>\n<p><a href=\"https:\/\/agora.xtec.cat\/ceiprieraderibes\/wp-content\/uploads\/usu901\/2021\/05\/7.png\"><img loading=\"lazy\" decoding=\"async\" class=\"alignnone wp-image-11685\" src=\"https:\/\/agora.xtec.cat\/ceiprieraderibes\/wp-content\/uploads\/usu901\/2021\/05\/7.png\" alt=\"\" width=\"480\" height=\"640\" srcset=\"https:\/\/agora.xtec.cat\/ceiprieraderibes\/wp-content\/uploads\/usu901\/2021\/05\/7.png 692w, https:\/\/agora.xtec.cat\/ceiprieraderibes\/wp-content\/uploads\/usu901\/2021\/05\/7-225x300.png 225w\" sizes=\"auto, (max-width: 480px) 100vw, 480px\" \/><\/a><\/p>\n<p><a href=\"https:\/\/agora.xtec.cat\/ceiprieraderibes\/wp-content\/uploads\/usu901\/2021\/05\/8-2.jpg\"><img loading=\"lazy\" decoding=\"async\" class=\"alignnone wp-image-11686\" src=\"https:\/\/agora.xtec.cat\/ceiprieraderibes\/wp-content\/uploads\/usu901\/2021\/05\/8-2-1024x576.jpg\" alt=\"\" width=\"480\" height=\"270\" srcset=\"https:\/\/agora.xtec.cat\/ceiprieraderibes\/wp-content\/uploads\/usu901\/2021\/05\/8-2-1024x576.jpg 1024w, https:\/\/agora.xtec.cat\/ceiprieraderibes\/wp-content\/uploads\/usu901\/2021\/05\/8-2-300x169.jpg 300w, https:\/\/agora.xtec.cat\/ceiprieraderibes\/wp-content\/uploads\/usu901\/2021\/05\/8-2-768x432.jpg 768w, https:\/\/agora.xtec.cat\/ceiprieraderibes\/wp-content\/uploads\/usu901\/2021\/05\/8-2.jpg 1600w\" sizes=\"auto, (max-width: 480px) 100vw, 480px\" \/><\/a><\/p>\n<p>&nbsp;<\/p>\n","protected":false},"excerpt":{"rendered":"<p>Els alumnes de 3r, junt amb els de 2n vam ser els primers de l&#8217;escola en marxar de col\u00f2nies. Sab\u00edem que enguany era molt dif\u00edcil perqu\u00e8 estava sent un curs diferent, gaireb\u00e9 hav\u00edem perdut l&#8217;esperan\u00e7a, per\u00f2 quan vam comen\u00e7ar a sentir la possibilitat d&#8217;anar-hi, ens&hellip;  <a href=\"https:\/\/agora.xtec.cat\/ceiprieraderibes\/general\/les-colonies-a-mas-banyeres\/\" title=\"Read LES COL\u00d2NIES A MAS BANYERES\">Llegeix m\u00e9s\u00bb<\/a><\/p>\n","protected":false},"author":1,"featured_media":11684,"comment_status":"open","ping_status":"closed","sticky":false,"template":"","format":"standard","meta":{"_bbp_topic_count":0,"_bbp_reply_count":0,"_bbp_total_topic_count":0,"_bbp_total_reply_count":0,"_bbp_voice_count":0,"_bbp_anonymous_reply_count":0,"_bbp_topic_count_hidden":0,"_bbp_reply_count_hidden":0,"_bbp_forum_subforum_count":0,"footnotes":""},"categories":[47,1,4],"tags":[],"class_list":["post-11677","post","type-post","status-publish","format-standard","has-post-thumbnail","hentry","category-generacio-2012","category-general","category-portada"],"post_mailing_queue_ids":[],"_links":{"self":[{"href":"https:\/\/agora.xtec.cat\/ceiprieraderibes\/wp-json\/wp\/v2\/posts\/11677","targetHints":{"allow":["GET"]}}],"collection":[{"href":"https:\/\/agora.xtec.cat\/ceiprieraderibes\/wp-json\/wp\/v2\/posts"}],"about":[{"href":"https:\/\/agora.xtec.cat\/ceiprieraderibes\/wp-json\/wp\/v2\/types\/post"}],"author":[{"embeddable":true,"href":"https:\/\/agora.xtec.cat\/ceiprieraderibes\/wp-json\/wp\/v2\/users\/1"}],"replies":[{"embeddable":true,"href":"https:\/\/agora.xtec.cat\/ceiprieraderibes\/wp-json\/wp\/v2\/comments?post=11677"}],"version-history":[{"count":3,"href":"https:\/\/agora.xtec.cat\/ceiprieraderibes\/wp-json\/wp\/v2\/posts\/11677\/revisions"}],"predecessor-version":[{"id":11691,"href":"https:\/\/agora.xtec.cat\/ceiprieraderibes\/wp-json\/wp\/v2\/posts\/11677\/revisions\/11691"}],"wp:featuredmedia":[{"embeddable":true,"href":"https:\/\/agora.xtec.cat\/ceiprieraderibes\/wp-json\/wp\/v2\/media\/11684"}],"wp:attachment":[{"href":"https:\/\/agora.xtec.cat\/ceiprieraderibes\/wp-json\/wp\/v2\/media?parent=11677"}],"wp:term":[{"taxonomy":"category","embeddable":true,"href":"https:\/\/agora.xtec.cat\/ceiprieraderibes\/wp-json\/wp\/v2\/categories?post=11677"},{"taxonomy":"post_tag","embeddable":true,"href":"https:\/\/agora.xtec.cat\/ceiprieraderibes\/wp-json\/wp\/v2\/tags?post=11677"}],"curies":[{"name":"wp","href":"https:\/\/api.w.org\/{rel}","templated":true}]}}