{"id":11666,"date":"2021-05-17T08:50:07","date_gmt":"2021-05-17T06:50:07","guid":{"rendered":"http:\/\/agora.xtec.cat\/ceiprieraderibes\/?p=11666"},"modified":"2021-05-17T08:50:07","modified_gmt":"2021-05-17T06:50:07","slug":"mesurar-i-escriure-compartim-amb-els-altres","status":"publish","type":"post","link":"https:\/\/agora.xtec.cat\/ceiprieraderibes\/general\/mesurar-i-escriure-compartim-amb-els-altres\/","title":{"rendered":"Mesurar i escriure, compartim amb els altres"},"content":{"rendered":"<p>Durant el curs, i dins del marc de les Preguntes Interessants, van sorgint diferent interessos. Quan ens preguntem sobre alguna cosa, sorgeixen inevitablement diverses opinions i com a grup necessiten donar-hi resposta. El cam\u00ed que cada grup va teixint pot ser ben divers: els planetes, els ocells del nostres poble, el reciclatge,&#8230;. per\u00f2 en el fons s\u00f3n inquietuds que van portant a fer diverses descobertes que pel grup tenen molt de sentit. S\u00f3n moments que toca veure com ho van resoldre els nostres avantpassats, i buscar en com els diferents savis i experts al llarg de la historia van determinar unes estrat\u00e8gies per entendre i resoldre una situaci\u00f3.<\/p>\n<p>Aix\u00ed, un dels grups de 1r, van tenir la necessitat de saber com es mesuren els l\u00edquids. Amb Kg? Amb quina eina? Amb una cinta m\u00e8trica? Necessitaven endre\u00e7ar el que sabien i el que havien apr\u00e8s de nou, i ho van fer en una taula que van compartir amb els nens i nenes de les altres classes.<\/p>\n<p>Aix\u00ed, de la mateixa manera un altre grup de 1r va voler compartir amb els altres com ho fan quan escriuen. Pensar, dibuixar les lletres i revisar, s\u00f3n els tres moments que segueixen -cadasc\u00fa amb l\u2019ordre que necessiti- per fer un bon escrit segons explica la mestra de mestres, Montserrat Fons. Expliquen als companys que, incl\u00fas quan ja siguin adults, ho hauran de continuar fent d\u2019aquesta manera. I quins s\u00f3n els acords importants que els ajuden a fer una bona revisi\u00f3? Doncs es fixen en no deixar-se cap lletra, en posar un punt al final de la frase, i en separar paraules.<\/p>\n<p>A l\u2019escola sempre busquem moments on aquestes descobertes les puguem compartir amb els altres. Pensar com ho hem d\u2019explicar a uns altres nens i nenes ens fa pensar sobre com ho ha apr\u00e8s un mateix, i aquesta presa de consci\u00e8ncia ens fa coneixe\u2019ns com aprenents. I s\u00f3n tamb\u00e9 un bon recurs per futures situacions d\u2019aprenentatge que ens ser\u00e0 \u00fatil per ser cada cop m\u00e9s competents.<\/p>\n<p><a href=\"https:\/\/agora.xtec.cat\/ceiprieraderibes\/wp-content\/uploads\/usu901\/2021\/05\/Foto-1.jpg\"><img loading=\"lazy\" decoding=\"async\" class=\"alignnone wp-image-11667 size-large\" src=\"https:\/\/agora.xtec.cat\/ceiprieraderibes\/wp-content\/uploads\/usu901\/2021\/05\/Foto-1-1024x576.jpg\" alt=\"\" width=\"1024\" height=\"576\" srcset=\"https:\/\/agora.xtec.cat\/ceiprieraderibes\/wp-content\/uploads\/usu901\/2021\/05\/Foto-1-1024x576.jpg 1024w, https:\/\/agora.xtec.cat\/ceiprieraderibes\/wp-content\/uploads\/usu901\/2021\/05\/Foto-1-300x169.jpg 300w, https:\/\/agora.xtec.cat\/ceiprieraderibes\/wp-content\/uploads\/usu901\/2021\/05\/Foto-1-768x432.jpg 768w\" sizes=\"auto, (max-width: 1024px) 100vw, 1024px\" \/><\/a><a href=\"https:\/\/agora.xtec.cat\/ceiprieraderibes\/wp-content\/uploads\/usu901\/2021\/05\/Foto-2.jpg\"><img loading=\"lazy\" decoding=\"async\" class=\"alignnone wp-image-11668 size-large\" src=\"https:\/\/agora.xtec.cat\/ceiprieraderibes\/wp-content\/uploads\/usu901\/2021\/05\/Foto-2-1024x610.jpg\" alt=\"\" width=\"1024\" height=\"610\" srcset=\"https:\/\/agora.xtec.cat\/ceiprieraderibes\/wp-content\/uploads\/usu901\/2021\/05\/Foto-2-1024x610.jpg 1024w, https:\/\/agora.xtec.cat\/ceiprieraderibes\/wp-content\/uploads\/usu901\/2021\/05\/Foto-2-300x179.jpg 300w, https:\/\/agora.xtec.cat\/ceiprieraderibes\/wp-content\/uploads\/usu901\/2021\/05\/Foto-2-768x457.jpg 768w\" sizes=\"auto, (max-width: 1024px) 100vw, 1024px\" \/><\/a><a href=\"https:\/\/agora.xtec.cat\/ceiprieraderibes\/wp-content\/uploads\/usu901\/2021\/05\/Foto-3.jpg\"><img loading=\"lazy\" decoding=\"async\" class=\"alignnone wp-image-11669 size-large\" src=\"https:\/\/agora.xtec.cat\/ceiprieraderibes\/wp-content\/uploads\/usu901\/2021\/05\/Foto-3-576x1024.jpg\" alt=\"\" width=\"576\" height=\"1024\" srcset=\"https:\/\/agora.xtec.cat\/ceiprieraderibes\/wp-content\/uploads\/usu901\/2021\/05\/Foto-3-576x1024.jpg 576w, https:\/\/agora.xtec.cat\/ceiprieraderibes\/wp-content\/uploads\/usu901\/2021\/05\/Foto-3-169x300.jpg 169w, https:\/\/agora.xtec.cat\/ceiprieraderibes\/wp-content\/uploads\/usu901\/2021\/05\/Foto-3-768x1365.jpg 768w, https:\/\/agora.xtec.cat\/ceiprieraderibes\/wp-content\/uploads\/usu901\/2021\/05\/Foto-3.jpg 900w\" sizes=\"auto, (max-width: 576px) 100vw, 576px\" \/><\/a><\/p>\n","protected":false},"excerpt":{"rendered":"<p>Durant el curs, i dins del marc de les Preguntes Interessants, van sorgint diferent interessos. Quan ens preguntem sobre alguna cosa, sorgeixen inevitablement diverses opinions i com a grup necessiten donar-hi resposta. El cam\u00ed que cada grup va teixint pot ser ben divers: els planetes,&hellip;  <a href=\"https:\/\/agora.xtec.cat\/ceiprieraderibes\/general\/mesurar-i-escriure-compartim-amb-els-altres\/\" title=\"Read Mesurar i escriure, compartim amb els altres\">Llegeix m\u00e9s\u00bb<\/a><\/p>\n","protected":false},"author":1,"featured_media":11667,"comment_status":"open","ping_status":"closed","sticky":false,"template":"","format":"standard","meta":{"_bbp_topic_count":0,"_bbp_reply_count":0,"_bbp_total_topic_count":0,"_bbp_total_reply_count":0,"_bbp_voice_count":0,"_bbp_anonymous_reply_count":0,"_bbp_topic_count_hidden":0,"_bbp_reply_count_hidden":0,"_bbp_forum_subforum_count":0,"footnotes":""},"categories":[177,1,4],"tags":[],"class_list":["post-11666","post","type-post","status-publish","format-standard","has-post-thumbnail","hentry","category-generacio-2014","category-general","category-portada"],"post_mailing_queue_ids":[],"_links":{"self":[{"href":"https:\/\/agora.xtec.cat\/ceiprieraderibes\/wp-json\/wp\/v2\/posts\/11666","targetHints":{"allow":["GET"]}}],"collection":[{"href":"https:\/\/agora.xtec.cat\/ceiprieraderibes\/wp-json\/wp\/v2\/posts"}],"about":[{"href":"https:\/\/agora.xtec.cat\/ceiprieraderibes\/wp-json\/wp\/v2\/types\/post"}],"author":[{"embeddable":true,"href":"https:\/\/agora.xtec.cat\/ceiprieraderibes\/wp-json\/wp\/v2\/users\/1"}],"replies":[{"embeddable":true,"href":"https:\/\/agora.xtec.cat\/ceiprieraderibes\/wp-json\/wp\/v2\/comments?post=11666"}],"version-history":[{"count":3,"href":"https:\/\/agora.xtec.cat\/ceiprieraderibes\/wp-json\/wp\/v2\/posts\/11666\/revisions"}],"predecessor-version":[{"id":11672,"href":"https:\/\/agora.xtec.cat\/ceiprieraderibes\/wp-json\/wp\/v2\/posts\/11666\/revisions\/11672"}],"wp:featuredmedia":[{"embeddable":true,"href":"https:\/\/agora.xtec.cat\/ceiprieraderibes\/wp-json\/wp\/v2\/media\/11667"}],"wp:attachment":[{"href":"https:\/\/agora.xtec.cat\/ceiprieraderibes\/wp-json\/wp\/v2\/media?parent=11666"}],"wp:term":[{"taxonomy":"category","embeddable":true,"href":"https:\/\/agora.xtec.cat\/ceiprieraderibes\/wp-json\/wp\/v2\/categories?post=11666"},{"taxonomy":"post_tag","embeddable":true,"href":"https:\/\/agora.xtec.cat\/ceiprieraderibes\/wp-json\/wp\/v2\/tags?post=11666"}],"curies":[{"name":"wp","href":"https:\/\/api.w.org\/{rel}","templated":true}]}}