{"id":11628,"date":"2021-05-03T13:19:06","date_gmt":"2021-05-03T11:19:06","guid":{"rendered":"http:\/\/agora.xtec.cat\/ceiprieraderibes\/?p=11628"},"modified":"2021-05-03T13:25:11","modified_gmt":"2021-05-03T11:25:11","slug":"heu-mirat-mai-a-traves-dun-calidoscopi","status":"publish","type":"post","link":"https:\/\/agora.xtec.cat\/ceiprieraderibes\/general\/heu-mirat-mai-a-traves-dun-calidoscopi\/","title":{"rendered":"Heu mirat mai a trav\u00e9s d\u2019un calidoscopi?"},"content":{"rendered":"<p>Si \u00e9s aix\u00ed, ja sabreu que la seva gr\u00e0cia no \u00e9s mirar sempre els mateixos cristalls col\u00b7locats de la mateixa manera, sin\u00f3 admirar, observar, descobrir,&#8230; les mil figures que apareixen cada vegada que gires una miqueta el calidoscopi.<\/p>\n<p>Els alumnes de 2n de l\u2019espai 5 hem engegat una nova pregunta.<\/p>\n<p><strong>Totes les fam\u00edlies s\u00f3n iguals? O n\u2019hi ha tantes com figures apareixen en els calidoscopis?<\/strong><\/p>\n<p>Hem elaborat amb l\u2019ajuda de les fam\u00edlies el nostre arbre geneal\u00f2gic, seguint les pautes, els s\u00edmbols\u00a0 que pr\u00e8viament hav\u00edem treballat a l\u2019aula.<\/p>\n<p>Ara l\u2019estem compartint entre tots i totes i descobrim que hi ha tantes fam\u00edlies com figures apareixen en els calidoscopis, i ens fem conscients que la vida no \u00e9s m\u00e9s que un conjunt de milers de cristallets en constant canvi.<\/p>\n<p>Aix\u00ed, no nom\u00e9s estimem la diversitat sin\u00f3 que aprofitem qualsevol oportunitat per aprendre\u2019n m\u00e9s.<\/p>\n<p>Volem aprendre sobre les fam\u00edlies, de totes, tinguin el color i la forma que tinguin.<\/p>\n<p><a href=\"https:\/\/agora.xtec.cat\/ceiprieraderibes\/wp-content\/uploads\/usu901\/2021\/05\/WhatsApp-Image-2021-05-03-at-13.06.36.jpeg\"><img loading=\"lazy\" decoding=\"async\" class=\"alignnone wp-image-11629 size-medium\" src=\"https:\/\/agora.xtec.cat\/ceiprieraderibes\/wp-content\/uploads\/usu901\/2021\/05\/WhatsApp-Image-2021-05-03-at-13.06.36-224x300.jpeg\" alt=\"\" width=\"224\" height=\"300\" srcset=\"https:\/\/agora.xtec.cat\/ceiprieraderibes\/wp-content\/uploads\/usu901\/2021\/05\/WhatsApp-Image-2021-05-03-at-13.06.36-224x300.jpeg 224w, https:\/\/agora.xtec.cat\/ceiprieraderibes\/wp-content\/uploads\/usu901\/2021\/05\/WhatsApp-Image-2021-05-03-at-13.06.36-768x1027.jpeg 768w, https:\/\/agora.xtec.cat\/ceiprieraderibes\/wp-content\/uploads\/usu901\/2021\/05\/WhatsApp-Image-2021-05-03-at-13.06.36-766x1024.jpeg 766w, https:\/\/agora.xtec.cat\/ceiprieraderibes\/wp-content\/uploads\/usu901\/2021\/05\/WhatsApp-Image-2021-05-03-at-13.06.36.jpeg 1496w\" sizes=\"auto, (max-width: 224px) 100vw, 224px\" \/><\/a> <a href=\"https:\/\/agora.xtec.cat\/ceiprieraderibes\/wp-content\/uploads\/usu901\/2021\/05\/WhatsApp-Image-2021-05-03-at-13.06.37.jpeg\"><img loading=\"lazy\" decoding=\"async\" class=\"alignnone wp-image-11630 size-medium\" src=\"https:\/\/agora.xtec.cat\/ceiprieraderibes\/wp-content\/uploads\/usu901\/2021\/05\/WhatsApp-Image-2021-05-03-at-13.06.37-300x224.jpeg\" alt=\"\" width=\"300\" height=\"224\" srcset=\"https:\/\/agora.xtec.cat\/ceiprieraderibes\/wp-content\/uploads\/usu901\/2021\/05\/WhatsApp-Image-2021-05-03-at-13.06.37-300x224.jpeg 300w, https:\/\/agora.xtec.cat\/ceiprieraderibes\/wp-content\/uploads\/usu901\/2021\/05\/WhatsApp-Image-2021-05-03-at-13.06.37-768x574.jpeg 768w, https:\/\/agora.xtec.cat\/ceiprieraderibes\/wp-content\/uploads\/usu901\/2021\/05\/WhatsApp-Image-2021-05-03-at-13.06.37-1024x766.jpeg 1024w, https:\/\/agora.xtec.cat\/ceiprieraderibes\/wp-content\/uploads\/usu901\/2021\/05\/WhatsApp-Image-2021-05-03-at-13.06.37-200x150.jpeg 200w, https:\/\/agora.xtec.cat\/ceiprieraderibes\/wp-content\/uploads\/usu901\/2021\/05\/WhatsApp-Image-2021-05-03-at-13.06.37.jpeg 2000w\" sizes=\"auto, (max-width: 300px) 100vw, 300px\" \/><\/a><\/p>\n<p>&nbsp;<\/p>\n","protected":false},"excerpt":{"rendered":"<p>Si \u00e9s aix\u00ed, ja sabreu que la seva gr\u00e0cia no \u00e9s mirar sempre els mateixos cristalls col\u00b7locats de la mateixa manera, sin\u00f3 admirar, observar, descobrir,&#8230; les mil figures que apareixen cada vegada que gires una miqueta el calidoscopi.<br \/>\nEls alumnes de 2n de l\u2019espai 5 hem&hellip;  <a href=\"https:\/\/agora.xtec.cat\/ceiprieraderibes\/general\/heu-mirat-mai-a-traves-dun-calidoscopi\/\" title=\"Read Heu mirat mai a trav\u00e9s d\u2019un calidoscopi?\">Llegeix m\u00e9s\u00bb<\/a><\/p>\n","protected":false},"author":1,"featured_media":11635,"comment_status":"open","ping_status":"closed","sticky":false,"template":"","format":"standard","meta":{"_bbp_topic_count":0,"_bbp_reply_count":0,"_bbp_total_topic_count":0,"_bbp_total_reply_count":0,"_bbp_voice_count":0,"_bbp_anonymous_reply_count":0,"_bbp_topic_count_hidden":0,"_bbp_reply_count_hidden":0,"_bbp_forum_subforum_count":0,"footnotes":""},"categories":[157,1,4],"tags":[],"class_list":["post-11628","post","type-post","status-publish","format-standard","has-post-thumbnail","hentry","category-generacio-2013","category-general","category-portada"],"post_mailing_queue_ids":[],"_links":{"self":[{"href":"https:\/\/agora.xtec.cat\/ceiprieraderibes\/wp-json\/wp\/v2\/posts\/11628","targetHints":{"allow":["GET"]}}],"collection":[{"href":"https:\/\/agora.xtec.cat\/ceiprieraderibes\/wp-json\/wp\/v2\/posts"}],"about":[{"href":"https:\/\/agora.xtec.cat\/ceiprieraderibes\/wp-json\/wp\/v2\/types\/post"}],"author":[{"embeddable":true,"href":"https:\/\/agora.xtec.cat\/ceiprieraderibes\/wp-json\/wp\/v2\/users\/1"}],"replies":[{"embeddable":true,"href":"https:\/\/agora.xtec.cat\/ceiprieraderibes\/wp-json\/wp\/v2\/comments?post=11628"}],"version-history":[{"count":2,"href":"https:\/\/agora.xtec.cat\/ceiprieraderibes\/wp-json\/wp\/v2\/posts\/11628\/revisions"}],"predecessor-version":[{"id":11634,"href":"https:\/\/agora.xtec.cat\/ceiprieraderibes\/wp-json\/wp\/v2\/posts\/11628\/revisions\/11634"}],"wp:featuredmedia":[{"embeddable":true,"href":"https:\/\/agora.xtec.cat\/ceiprieraderibes\/wp-json\/wp\/v2\/media\/11635"}],"wp:attachment":[{"href":"https:\/\/agora.xtec.cat\/ceiprieraderibes\/wp-json\/wp\/v2\/media?parent=11628"}],"wp:term":[{"taxonomy":"category","embeddable":true,"href":"https:\/\/agora.xtec.cat\/ceiprieraderibes\/wp-json\/wp\/v2\/categories?post=11628"},{"taxonomy":"post_tag","embeddable":true,"href":"https:\/\/agora.xtec.cat\/ceiprieraderibes\/wp-json\/wp\/v2\/tags?post=11628"}],"curies":[{"name":"wp","href":"https:\/\/api.w.org\/{rel}","templated":true}]}}