{"id":11495,"date":"2021-03-22T14:27:28","date_gmt":"2021-03-22T13:27:28","guid":{"rendered":"http:\/\/agora.xtec.cat\/ceiprieraderibes\/?p=11495"},"modified":"2021-03-22T14:27:28","modified_gmt":"2021-03-22T13:27:28","slug":"preparant-la-cantata","status":"publish","type":"post","link":"https:\/\/agora.xtec.cat\/ceiprieraderibes\/general\/preparant-la-cantata\/","title":{"rendered":"Preparant la Cantata"},"content":{"rendered":"<p>Hola fam\u00edlies!<\/p>\n<p>Com ja sabeu portem des d\u2019inici de curs preparant la Cantata d\u2019enguany, \u201c<b>L\u2019Hora Perduda<\/b>\u201d, amb els poemes de la Joana Raspall, el text de la Clara Ripoll i la m\u00fasica d\u2019en Jordi Dom\u00e8nech.<\/p>\n<p>L\u2019obra explica la hist\u00f2ria d\u2019en Tic, un rellotge que en una nit de llamps i trons perd una hora. A partir d\u2019aqu\u00ed els seus amics intenten ajudar-lo a recuperar l\u2019Hora Perduda que passeja vivint un munt d\u2019aventures.<\/p>\n<p>Nosaltres\u00a0 a 3r estem assajant molt\u00edssim i aprenent molt continguts, en especial de l\u2019\u00e0rea de m\u00fasica; per\u00f2 no som els \u00fanics! La Cantata \u00e9s una estrat\u00e8gia que implica a molts companys i companyes de l\u2019escola. L\u2019alumnat de P5 s\u2019encarrega de la representaci\u00f3, tot Primer Cicle posem les nostres veus i l&#8217;alumnat de 4t i 6\u00e8 s\u00f3n les i els instrumentistes.<\/p>\n<p>Estem molt il\u00b7lusionats i il\u00b7lusionades aprenent les diferents can\u00e7ons i amb moltes ganes de poder-la realitzar el tercer trimestre.<\/p>\n<p>Aqu\u00ed us deixem unes fotos de l\u2019alumnat de 3r preparant-la.<\/p>\n<p><a href=\"https:\/\/agora.xtec.cat\/ceiprieraderibes\/wp-content\/uploads\/usu901\/2021\/03\/ESPAI-9.jpeg\"><img loading=\"lazy\" decoding=\"async\" class=\"alignnone wp-image-11496 \" src=\"https:\/\/agora.xtec.cat\/ceiprieraderibes\/wp-content\/uploads\/usu901\/2021\/03\/ESPAI-9-1024x365.jpeg\" alt=\"\" width=\"598\" height=\"213\" srcset=\"https:\/\/agora.xtec.cat\/ceiprieraderibes\/wp-content\/uploads\/usu901\/2021\/03\/ESPAI-9-1024x365.jpeg 1024w, https:\/\/agora.xtec.cat\/ceiprieraderibes\/wp-content\/uploads\/usu901\/2021\/03\/ESPAI-9-300x107.jpeg 300w, https:\/\/agora.xtec.cat\/ceiprieraderibes\/wp-content\/uploads\/usu901\/2021\/03\/ESPAI-9-768x273.jpeg 768w, https:\/\/agora.xtec.cat\/ceiprieraderibes\/wp-content\/uploads\/usu901\/2021\/03\/ESPAI-9.jpeg 2048w\" sizes=\"auto, (max-width: 598px) 100vw, 598px\" \/><\/a><\/p>\n<p><a href=\"https:\/\/agora.xtec.cat\/ceiprieraderibes\/wp-content\/uploads\/usu901\/2021\/03\/ESPAI-8.jpeg\"><img loading=\"lazy\" decoding=\"async\" class=\"alignnone wp-image-11497 \" src=\"https:\/\/agora.xtec.cat\/ceiprieraderibes\/wp-content\/uploads\/usu901\/2021\/03\/ESPAI-8-1024x498.jpeg\" alt=\"\" width=\"591\" height=\"287\" srcset=\"https:\/\/agora.xtec.cat\/ceiprieraderibes\/wp-content\/uploads\/usu901\/2021\/03\/ESPAI-8-1024x498.jpeg 1024w, https:\/\/agora.xtec.cat\/ceiprieraderibes\/wp-content\/uploads\/usu901\/2021\/03\/ESPAI-8-300x146.jpeg 300w, https:\/\/agora.xtec.cat\/ceiprieraderibes\/wp-content\/uploads\/usu901\/2021\/03\/ESPAI-8-768x373.jpeg 768w, https:\/\/agora.xtec.cat\/ceiprieraderibes\/wp-content\/uploads\/usu901\/2021\/03\/ESPAI-8.jpeg 1599w\" sizes=\"auto, (max-width: 591px) 100vw, 591px\" \/><\/a><\/p>\n<p><a href=\"https:\/\/agora.xtec.cat\/ceiprieraderibes\/wp-content\/uploads\/usu901\/2021\/03\/ESPAI-7.jpeg\"><img loading=\"lazy\" decoding=\"async\" class=\"alignnone wp-image-11498 \" src=\"https:\/\/agora.xtec.cat\/ceiprieraderibes\/wp-content\/uploads\/usu901\/2021\/03\/ESPAI-7-1024x229.jpeg\" alt=\"\" width=\"742\" height=\"166\" srcset=\"https:\/\/agora.xtec.cat\/ceiprieraderibes\/wp-content\/uploads\/usu901\/2021\/03\/ESPAI-7-1024x229.jpeg 1024w, https:\/\/agora.xtec.cat\/ceiprieraderibes\/wp-content\/uploads\/usu901\/2021\/03\/ESPAI-7-300x67.jpeg 300w, https:\/\/agora.xtec.cat\/ceiprieraderibes\/wp-content\/uploads\/usu901\/2021\/03\/ESPAI-7-768x172.jpeg 768w, https:\/\/agora.xtec.cat\/ceiprieraderibes\/wp-content\/uploads\/usu901\/2021\/03\/ESPAI-7.jpeg 2048w\" sizes=\"auto, (max-width: 742px) 100vw, 742px\" \/><\/a><\/p>\n","protected":false},"excerpt":{"rendered":"<p>Hola fam\u00edlies!<br \/>\nCom ja sabeu portem des d\u2019inici de curs preparant la Cantata d\u2019enguany, \u201cL\u2019Hora Perduda\u201d, amb els poemes de la Joana Raspall, el text de la Clara Ripoll i la m\u00fasica d\u2019en Jordi Dom\u00e8nech.<br \/>\nL\u2019obra explica la hist\u00f2ria d\u2019en Tic, un rellotge que en una nit&hellip;  <a href=\"https:\/\/agora.xtec.cat\/ceiprieraderibes\/general\/preparant-la-cantata\/\" title=\"Read Preparant la Cantata\">Llegeix m\u00e9s\u00bb<\/a><\/p>\n","protected":false},"author":1,"featured_media":11494,"comment_status":"open","ping_status":"closed","sticky":false,"template":"","format":"standard","meta":{"_bbp_topic_count":0,"_bbp_reply_count":0,"_bbp_total_topic_count":0,"_bbp_total_reply_count":0,"_bbp_voice_count":0,"_bbp_anonymous_reply_count":0,"_bbp_topic_count_hidden":0,"_bbp_reply_count_hidden":0,"_bbp_forum_subforum_count":0,"footnotes":""},"categories":[47,1,4],"tags":[],"class_list":["post-11495","post","type-post","status-publish","format-standard","has-post-thumbnail","hentry","category-generacio-2012","category-general","category-portada"],"post_mailing_queue_ids":[],"_links":{"self":[{"href":"https:\/\/agora.xtec.cat\/ceiprieraderibes\/wp-json\/wp\/v2\/posts\/11495","targetHints":{"allow":["GET"]}}],"collection":[{"href":"https:\/\/agora.xtec.cat\/ceiprieraderibes\/wp-json\/wp\/v2\/posts"}],"about":[{"href":"https:\/\/agora.xtec.cat\/ceiprieraderibes\/wp-json\/wp\/v2\/types\/post"}],"author":[{"embeddable":true,"href":"https:\/\/agora.xtec.cat\/ceiprieraderibes\/wp-json\/wp\/v2\/users\/1"}],"replies":[{"embeddable":true,"href":"https:\/\/agora.xtec.cat\/ceiprieraderibes\/wp-json\/wp\/v2\/comments?post=11495"}],"version-history":[{"count":4,"href":"https:\/\/agora.xtec.cat\/ceiprieraderibes\/wp-json\/wp\/v2\/posts\/11495\/revisions"}],"predecessor-version":[{"id":11503,"href":"https:\/\/agora.xtec.cat\/ceiprieraderibes\/wp-json\/wp\/v2\/posts\/11495\/revisions\/11503"}],"wp:featuredmedia":[{"embeddable":true,"href":"https:\/\/agora.xtec.cat\/ceiprieraderibes\/wp-json\/wp\/v2\/media\/11494"}],"wp:attachment":[{"href":"https:\/\/agora.xtec.cat\/ceiprieraderibes\/wp-json\/wp\/v2\/media?parent=11495"}],"wp:term":[{"taxonomy":"category","embeddable":true,"href":"https:\/\/agora.xtec.cat\/ceiprieraderibes\/wp-json\/wp\/v2\/categories?post=11495"},{"taxonomy":"post_tag","embeddable":true,"href":"https:\/\/agora.xtec.cat\/ceiprieraderibes\/wp-json\/wp\/v2\/tags?post=11495"}],"curies":[{"name":"wp","href":"https:\/\/api.w.org\/{rel}","templated":true}]}}