{"id":11456,"date":"2021-03-19T08:56:46","date_gmt":"2021-03-19T07:56:46","guid":{"rendered":"http:\/\/agora.xtec.cat\/ceiprieraderibes\/?p=11456"},"modified":"2021-03-19T08:56:46","modified_gmt":"2021-03-19T07:56:46","slug":"explorem-les-rieres-i-la-fauna-del-nostre-entorn","status":"publish","type":"post","link":"https:\/\/agora.xtec.cat\/ceiprieraderibes\/general\/explorem-les-rieres-i-la-fauna-del-nostre-entorn\/","title":{"rendered":"Explorem les rieres i la fauna del nostre entorn"},"content":{"rendered":"<p class=\"gmail_default\">Aquest dimecres 17 de mar\u00e7 els i les alumnes de l&#8217;Espai 2, espai 3 i espai 4 hem anat d&#8217;excursi\u00f3 per con\u00e8ixer la riera del nostre poble.<\/p>\n<p class=\"gmail_default\">Hem pogut veure &#8220;les timbes&#8221; que van excavar a la muntanya els anteriors habitants de Sant Pere de Ribes i visualitzar el lloc a on conflueixen la riera de Jafra, la riera de Vilafranca i la riera de Ribes.<\/p>\n<p class=\"gmail_default\">Durant l&#8217;exploraci\u00f3 hem vist i escoltar aus que viuen al nostre entorn, com per exemple la cotorra, el puput o la garsa, com an\u00e0vem molt b\u00e9 preparats amb prism\u00e0tics els hem vist molt a prop i ha estat genial.<\/p>\n<p class=\"gmail_default\">Tamb\u00e9 hem omplert una fitxa de camp amb totes les anotacions de la flora i la fauna que hem descobert.<\/p>\n<p class=\"gmail_default\">Hem passat un dia genial!<\/p>\n<p><a href=\"https:\/\/agora.xtec.cat\/ceiprieraderibes\/wp-content\/uploads\/usu901\/2021\/03\/IMG20210317114730.jpg\"><img loading=\"lazy\" decoding=\"async\" class=\"alignnone wp-image-11457 size-medium\" src=\"https:\/\/agora.xtec.cat\/ceiprieraderibes\/wp-content\/uploads\/usu901\/2021\/03\/IMG20210317114730-300x225.jpg\" alt=\"\" width=\"300\" height=\"225\" srcset=\"https:\/\/agora.xtec.cat\/ceiprieraderibes\/wp-content\/uploads\/usu901\/2021\/03\/IMG20210317114730-300x225.jpg 300w, https:\/\/agora.xtec.cat\/ceiprieraderibes\/wp-content\/uploads\/usu901\/2021\/03\/IMG20210317114730-768x576.jpg 768w, https:\/\/agora.xtec.cat\/ceiprieraderibes\/wp-content\/uploads\/usu901\/2021\/03\/IMG20210317114730-1024x768.jpg 1024w, https:\/\/agora.xtec.cat\/ceiprieraderibes\/wp-content\/uploads\/usu901\/2021\/03\/IMG20210317114730-200x150.jpg 200w, https:\/\/agora.xtec.cat\/ceiprieraderibes\/wp-content\/uploads\/usu901\/2021\/03\/IMG20210317114730.jpg 1627w\" sizes=\"auto, (max-width: 300px) 100vw, 300px\" \/><\/a> <a href=\"https:\/\/agora.xtec.cat\/ceiprieraderibes\/wp-content\/uploads\/usu901\/2021\/03\/IMG20210317123125.jpg\"><img loading=\"lazy\" decoding=\"async\" class=\"alignnone wp-image-11458 size-medium\" src=\"https:\/\/agora.xtec.cat\/ceiprieraderibes\/wp-content\/uploads\/usu901\/2021\/03\/IMG20210317123125-300x225.jpg\" alt=\"\" width=\"300\" height=\"225\" srcset=\"https:\/\/agora.xtec.cat\/ceiprieraderibes\/wp-content\/uploads\/usu901\/2021\/03\/IMG20210317123125-300x225.jpg 300w, https:\/\/agora.xtec.cat\/ceiprieraderibes\/wp-content\/uploads\/usu901\/2021\/03\/IMG20210317123125-768x576.jpg 768w, https:\/\/agora.xtec.cat\/ceiprieraderibes\/wp-content\/uploads\/usu901\/2021\/03\/IMG20210317123125-1024x768.jpg 1024w, https:\/\/agora.xtec.cat\/ceiprieraderibes\/wp-content\/uploads\/usu901\/2021\/03\/IMG20210317123125-200x150.jpg 200w, https:\/\/agora.xtec.cat\/ceiprieraderibes\/wp-content\/uploads\/usu901\/2021\/03\/IMG20210317123125.jpg 1613w\" sizes=\"auto, (max-width: 300px) 100vw, 300px\" \/><\/a> <a href=\"https:\/\/agora.xtec.cat\/ceiprieraderibes\/wp-content\/uploads\/usu901\/2021\/03\/IMG20210317103656.jpg\"><img loading=\"lazy\" decoding=\"async\" class=\"alignnone wp-image-11459 size-medium\" src=\"https:\/\/agora.xtec.cat\/ceiprieraderibes\/wp-content\/uploads\/usu901\/2021\/03\/IMG20210317103656-300x225.jpg\" alt=\"\" width=\"300\" height=\"225\" srcset=\"https:\/\/agora.xtec.cat\/ceiprieraderibes\/wp-content\/uploads\/usu901\/2021\/03\/IMG20210317103656-300x225.jpg 300w, https:\/\/agora.xtec.cat\/ceiprieraderibes\/wp-content\/uploads\/usu901\/2021\/03\/IMG20210317103656-768x576.jpg 768w, https:\/\/agora.xtec.cat\/ceiprieraderibes\/wp-content\/uploads\/usu901\/2021\/03\/IMG20210317103656-1024x768.jpg 1024w, https:\/\/agora.xtec.cat\/ceiprieraderibes\/wp-content\/uploads\/usu901\/2021\/03\/IMG20210317103656-200x150.jpg 200w, https:\/\/agora.xtec.cat\/ceiprieraderibes\/wp-content\/uploads\/usu901\/2021\/03\/IMG20210317103656.jpg 1571w\" sizes=\"auto, (max-width: 300px) 100vw, 300px\" \/><\/a><\/p>\n","protected":false},"excerpt":{"rendered":"<p>Aquest dimecres 17 de mar\u00e7 els i les alumnes de l&#8217;Espai 2, espai 3 i espai 4 hem anat d&#8217;excursi\u00f3 per con\u00e8ixer la riera del nostre poble.<br \/>\nHem pogut veure &#8220;les timbes&#8221; que van excavar a la muntanya els anteriors habitants de Sant Pere de Ribes&hellip;  <a href=\"https:\/\/agora.xtec.cat\/ceiprieraderibes\/general\/explorem-les-rieres-i-la-fauna-del-nostre-entorn\/\" title=\"Read Explorem les rieres i la fauna del nostre entorn\">Llegeix m\u00e9s\u00bb<\/a><\/p>\n","protected":false},"author":1,"featured_media":11459,"comment_status":"open","ping_status":"closed","sticky":false,"template":"","format":"standard","meta":{"_bbp_topic_count":0,"_bbp_reply_count":0,"_bbp_total_topic_count":0,"_bbp_total_reply_count":0,"_bbp_voice_count":0,"_bbp_anonymous_reply_count":0,"_bbp_topic_count_hidden":0,"_bbp_reply_count_hidden":0,"_bbp_forum_subforum_count":0,"footnotes":""},"categories":[47,157,177,1,4],"tags":[],"class_list":["post-11456","post","type-post","status-publish","format-standard","has-post-thumbnail","hentry","category-generacio-2012","category-generacio-2013","category-generacio-2014","category-general","category-portada"],"post_mailing_queue_ids":[],"_links":{"self":[{"href":"https:\/\/agora.xtec.cat\/ceiprieraderibes\/wp-json\/wp\/v2\/posts\/11456","targetHints":{"allow":["GET"]}}],"collection":[{"href":"https:\/\/agora.xtec.cat\/ceiprieraderibes\/wp-json\/wp\/v2\/posts"}],"about":[{"href":"https:\/\/agora.xtec.cat\/ceiprieraderibes\/wp-json\/wp\/v2\/types\/post"}],"author":[{"embeddable":true,"href":"https:\/\/agora.xtec.cat\/ceiprieraderibes\/wp-json\/wp\/v2\/users\/1"}],"replies":[{"embeddable":true,"href":"https:\/\/agora.xtec.cat\/ceiprieraderibes\/wp-json\/wp\/v2\/comments?post=11456"}],"version-history":[{"count":1,"href":"https:\/\/agora.xtec.cat\/ceiprieraderibes\/wp-json\/wp\/v2\/posts\/11456\/revisions"}],"predecessor-version":[{"id":11460,"href":"https:\/\/agora.xtec.cat\/ceiprieraderibes\/wp-json\/wp\/v2\/posts\/11456\/revisions\/11460"}],"wp:featuredmedia":[{"embeddable":true,"href":"https:\/\/agora.xtec.cat\/ceiprieraderibes\/wp-json\/wp\/v2\/media\/11459"}],"wp:attachment":[{"href":"https:\/\/agora.xtec.cat\/ceiprieraderibes\/wp-json\/wp\/v2\/media?parent=11456"}],"wp:term":[{"taxonomy":"category","embeddable":true,"href":"https:\/\/agora.xtec.cat\/ceiprieraderibes\/wp-json\/wp\/v2\/categories?post=11456"},{"taxonomy":"post_tag","embeddable":true,"href":"https:\/\/agora.xtec.cat\/ceiprieraderibes\/wp-json\/wp\/v2\/tags?post=11456"}],"curies":[{"name":"wp","href":"https:\/\/api.w.org\/{rel}","templated":true}]}}