{"id":11431,"date":"2021-03-10T08:45:43","date_gmt":"2021-03-10T07:45:43","guid":{"rendered":"http:\/\/agora.xtec.cat\/ceiprieraderibes\/?p=11431"},"modified":"2021-03-09T22:52:24","modified_gmt":"2021-03-09T21:52:24","slug":"primer-cicle-fa-un-viatge-musical","status":"publish","type":"post","link":"https:\/\/agora.xtec.cat\/ceiprieraderibes\/general\/primer-cicle-fa-un-viatge-musical\/","title":{"rendered":"Primer cicle fa un viatge musical"},"content":{"rendered":"<p>Aquest passat divendres, els nens i nenes de 1r Cicle hem assistit a l&#8217;audici\u00f3 &#8220;El viatge de la guitarra&#8221; amb Joan Pin\u00f3s.<br \/>\nHem fet un viatge a trav\u00e9s de diferents estils musicals i llocs del m\u00f3n, veient com ha anat evolucionant la guitarra a partir de les diferents cultures, \u00e8poques i necessitats de les persones.<br \/>\nA continuaci\u00f3 us deixem un petit tast del que vam poder descobrir i gaudir per tal que pogueu fer aquest viatge amb nosaltres. <\/p>\n<p><iframe loading=\"lazy\" title=\"Joan Pin\u00f3s.mp4\" src=\"https:\/\/player.vimeo.com\/video\/521365458?dnt=1&amp;app_id=122963\" width=\"500\" height=\"281\" frameborder=\"0\" allow=\"autoplay; fullscreen; picture-in-picture; clipboard-write\"><\/iframe><\/p>\n","protected":false},"excerpt":{"rendered":"<p>Aquest passat divendres, els nens i nenes de 1r Cicle hem assistit a l&#8217;audici\u00f3 &#8220;El viatge de la guitarra&#8221; amb Joan Pin\u00f3s.<br \/>\nHem fet un viatge a trav\u00e9s de diferents estils musicals i llocs del m\u00f3n, veient com ha anat evolucionant la guitarra a partir de&hellip;  <a href=\"https:\/\/agora.xtec.cat\/ceiprieraderibes\/general\/primer-cicle-fa-un-viatge-musical\/\" title=\"Read Primer cicle fa un viatge musical\">Llegeix m\u00e9s\u00bb<\/a><\/p>\n","protected":false},"author":1,"featured_media":0,"comment_status":"open","ping_status":"closed","sticky":false,"template":"","format":"standard","meta":{"_bbp_topic_count":0,"_bbp_reply_count":0,"_bbp_total_topic_count":0,"_bbp_total_reply_count":0,"_bbp_voice_count":0,"_bbp_anonymous_reply_count":0,"_bbp_topic_count_hidden":0,"_bbp_reply_count_hidden":0,"_bbp_forum_subforum_count":0,"footnotes":""},"categories":[47,157,177,1,4],"tags":[],"class_list":["post-11431","post","type-post","status-publish","format-standard","hentry","category-generacio-2012","category-generacio-2013","category-generacio-2014","category-general","category-portada"],"post_mailing_queue_ids":[],"_links":{"self":[{"href":"https:\/\/agora.xtec.cat\/ceiprieraderibes\/wp-json\/wp\/v2\/posts\/11431","targetHints":{"allow":["GET"]}}],"collection":[{"href":"https:\/\/agora.xtec.cat\/ceiprieraderibes\/wp-json\/wp\/v2\/posts"}],"about":[{"href":"https:\/\/agora.xtec.cat\/ceiprieraderibes\/wp-json\/wp\/v2\/types\/post"}],"author":[{"embeddable":true,"href":"https:\/\/agora.xtec.cat\/ceiprieraderibes\/wp-json\/wp\/v2\/users\/1"}],"replies":[{"embeddable":true,"href":"https:\/\/agora.xtec.cat\/ceiprieraderibes\/wp-json\/wp\/v2\/comments?post=11431"}],"version-history":[{"count":2,"href":"https:\/\/agora.xtec.cat\/ceiprieraderibes\/wp-json\/wp\/v2\/posts\/11431\/revisions"}],"predecessor-version":[{"id":11433,"href":"https:\/\/agora.xtec.cat\/ceiprieraderibes\/wp-json\/wp\/v2\/posts\/11431\/revisions\/11433"}],"wp:attachment":[{"href":"https:\/\/agora.xtec.cat\/ceiprieraderibes\/wp-json\/wp\/v2\/media?parent=11431"}],"wp:term":[{"taxonomy":"category","embeddable":true,"href":"https:\/\/agora.xtec.cat\/ceiprieraderibes\/wp-json\/wp\/v2\/categories?post=11431"},{"taxonomy":"post_tag","embeddable":true,"href":"https:\/\/agora.xtec.cat\/ceiprieraderibes\/wp-json\/wp\/v2\/tags?post=11431"}],"curies":[{"name":"wp","href":"https:\/\/api.w.org\/{rel}","templated":true}]}}