{"id":11425,"date":"2021-03-08T14:10:06","date_gmt":"2021-03-08T13:10:06","guid":{"rendered":"http:\/\/agora.xtec.cat\/ceiprieraderibes\/?p=11425"},"modified":"2021-03-08T14:10:06","modified_gmt":"2021-03-08T13:10:06","slug":"cap-a-on-va-la-tecnologia-6e","status":"publish","type":"post","link":"https:\/\/agora.xtec.cat\/ceiprieraderibes\/portada\/cap-a-on-va-la-tecnologia-6e\/","title":{"rendered":"Cap a on va la tecnologia?- 6\u00e8"},"content":{"rendered":"<p style=\"text-align: justify;\"><span style=\"font-weight: 400;\">Hola, som els nens i nenes de 6\u00e8 <\/span><span style=\"font-weight: 400;\">i estem fent la pregunta &#8220;Cap a on va la tecnologia?&#8221;.\u00a0<\/span><\/p>\n<p style=\"text-align: justify;\"><span style=\"font-weight: 400;\">Fa unes setmanes, vam veure el programa de TV3 \u201cNo pot ser\u201d que ens parlava sobre les ciutats intel\u00b7ligents.<\/span><\/p>\n<p style=\"text-align: justify;\"><span style=\"font-weight: 400;\">En aquest programa, entre moltes d\u2019altres coses, vam veure que si les cases es fabriquessin mitjan\u00e7ant la impressi\u00f3 3D, el cost de l&#8217;habitatge es reduiria un 40%.\u00a0<\/span><\/p>\n<p style=\"text-align: justify;\"><span style=\"font-weight: 400;\">No acab\u00e0vem de saber qu\u00e8 volia dir i \u00e9s per aix\u00f2, que ens vam proposar estudiar un cas real a Sant Pere de Ribes i aix\u00ed entendre-ho millor.\u00a0<\/span><\/p>\n<p style=\"text-align: justify;\"><span style=\"font-weight: 400;\">Primer de tot, vam observar un gr\u00e0fic on hi havia l&#8217;evoluci\u00f3 del preu mitj\u00e0 per m2 dels habitatges a Sant Pere de Ribes.<\/span><\/p>\n\n\t\t<style type=\"text\/css\">\n\t\t\t#gallery-1 {\n\t\t\t\tmargin: auto;\n\t\t\t}\n\t\t\t#gallery-1 .gallery-item {\n\t\t\t\tfloat: left;\n\t\t\t\tmargin-top: 10px;\n\t\t\t\ttext-align: center;\n\t\t\t\twidth: 50%;\n\t\t\t}\n\t\t\t#gallery-1 img {\n\t\t\t\tborder: 2px solid #cfcfcf;\n\t\t\t}\n\t\t\t#gallery-1 .gallery-caption {\n\t\t\t\tmargin-left: 0;\n\t\t\t}\n\t\t\t\/* see gallery_shortcode() in wp-includes\/media.php *\/\n\t\t<\/style>\n\t\t<div id='gallery-1' class='gallery galleryid-11425 gallery-columns-2 gallery-size-medium'><dl class='gallery-item'>\n\t\t\t<dt class='gallery-icon landscape'>\n\t\t\t\t<a href='https:\/\/agora.xtec.cat\/ceiprieraderibes\/portada\/cap-a-on-va-la-tecnologia-6e\/attachment\/2-2-2\/'><img loading=\"lazy\" decoding=\"async\" width=\"300\" height=\"224\" src=\"https:\/\/agora.xtec.cat\/ceiprieraderibes\/wp-content\/uploads\/usu901\/2021\/03\/2-2-300x224.jpg\" class=\"attachment-medium size-medium\" alt=\"\" srcset=\"https:\/\/agora.xtec.cat\/ceiprieraderibes\/wp-content\/uploads\/usu901\/2021\/03\/2-2-300x224.jpg 300w, https:\/\/agora.xtec.cat\/ceiprieraderibes\/wp-content\/uploads\/usu901\/2021\/03\/2-2-200x150.jpg 200w, https:\/\/agora.xtec.cat\/ceiprieraderibes\/wp-content\/uploads\/usu901\/2021\/03\/2-2.jpg 403w\" sizes=\"auto, (max-width: 300px) 100vw, 300px\" \/><\/a>\n\t\t\t<\/dt><\/dl><dl class='gallery-item'>\n\t\t\t<dt class='gallery-icon portrait'>\n\t\t\t\t<a href='https:\/\/agora.xtec.cat\/ceiprieraderibes\/portada\/cap-a-on-va-la-tecnologia-6e\/attachment\/1-2-2\/'><img loading=\"lazy\" decoding=\"async\" width=\"290\" height=\"300\" src=\"https:\/\/agora.xtec.cat\/ceiprieraderibes\/wp-content\/uploads\/usu901\/2021\/03\/1-2-290x300.jpg\" class=\"attachment-medium size-medium\" alt=\"\" srcset=\"https:\/\/agora.xtec.cat\/ceiprieraderibes\/wp-content\/uploads\/usu901\/2021\/03\/1-2-290x300.jpg 290w, https:\/\/agora.xtec.cat\/ceiprieraderibes\/wp-content\/uploads\/usu901\/2021\/03\/1-2.jpg 328w\" sizes=\"auto, (max-width: 290px) 100vw, 290px\" \/><\/a>\n\t\t\t<\/dt><\/dl><br style=\"clear: both\" \/>\n\t\t<\/div>\n\n<p style=\"text-align: justify;\"><span style=\"font-weight: 400;\">A partir d&#8217;aquestes dades, vam obtenir el preu d\u2019un habitatge de 80m2 constru\u00eft sense impressora 3D.<\/span><\/p>\n<p style=\"text-align: justify;\"><span style=\"font-weight: 400;\">Com que ens pregunt\u00e0vem quina seria aquesta reducci\u00f3 del preu del 40%, ens vam dividir en grups i vam comen\u00e7ar a fer c\u00e0lculs.<\/span><\/p>\n<p style=\"text-align: justify;\"><span style=\"font-weight: 400;\">Cadasc\u00fa va utilitzar les seves estrat\u00e8gies per a resoldre i l\u2019endem\u00e0 les vam compartir. <\/span><span style=\"font-weight: 400;\">Fer-nos una casa amb 3D ens surt molt m\u00e9s econ\u00f2mic que una amb maons.<\/span><\/p>\n<p style=\"text-align: justify;\"><img loading=\"lazy\" decoding=\"async\" class=\"alignleft wp-image-11428 size-medium\" src=\"https:\/\/agora.xtec.cat\/ceiprieraderibes\/wp-content\/uploads\/usu901\/2021\/03\/3-2-251x300.jpg\" alt=\"\" width=\"251\" height=\"300\" srcset=\"https:\/\/agora.xtec.cat\/ceiprieraderibes\/wp-content\/uploads\/usu901\/2021\/03\/3-2-251x300.jpg 251w, https:\/\/agora.xtec.cat\/ceiprieraderibes\/wp-content\/uploads\/usu901\/2021\/03\/3-2.jpg 289w\" sizes=\"auto, (max-width: 251px) 100vw, 251px\" \/><\/p>\n<p style=\"text-align: justify;\"><span style=\"font-weight: 400;\">Al comentar l\u2019exercici a casa, un dels grups va descobrir que tamb\u00e9 es podia resoldre l\u2019exercici mitjan\u00e7ant la regla de tres, que ens \u00e9s molt \u00fatil per a calcular de manera r\u00e0pida els percentatges.\u00a0\u00a0<\/span><\/p>\n<p style=\"text-align: justify;\"><span style=\"font-weight: 400;\">Com que el concepte dels percentatges ja el ten\u00edem for\u00e7a clar, anar un pas m\u00e9s enll\u00e0 i aplicar la regla de tres, ens va donar m\u00e9s seguretat i rapidesa a l\u2019hora de calcular.<\/span><\/p>\n<p style=\"text-align: justify;\"><span style=\"font-weight: 400;\">Just era \u00e8poca de rebaixes, aix\u00ed que analitzar els descomptes per aquelles coses que ens agradaria comprar, ens va ser molt \u00fatil.<\/span><\/p>\n<p style=\"text-align: justify;\"><span style=\"font-weight: 400;\">En conclusi\u00f3, vam entendre com calcular el % i els descomptes.<\/span><\/p>\n<p><img loading=\"lazy\" decoding=\"async\" class=\"aligncenter wp-image-11429 size-medium\" src=\"https:\/\/agora.xtec.cat\/ceiprieraderibes\/wp-content\/uploads\/usu901\/2021\/03\/4-2-300x221.jpg\" alt=\"\" width=\"300\" height=\"221\" srcset=\"https:\/\/agora.xtec.cat\/ceiprieraderibes\/wp-content\/uploads\/usu901\/2021\/03\/4-2-300x221.jpg 300w, https:\/\/agora.xtec.cat\/ceiprieraderibes\/wp-content\/uploads\/usu901\/2021\/03\/4-2.jpg 409w\" sizes=\"auto, (max-width: 300px) 100vw, 300px\" \/><\/p>\n","protected":false},"excerpt":{"rendered":"<p>Fa unes setmanes, vam veure el programa de TV3 \u201cNo pot ser\u201d que ens parlava sobre les ciutats intel\u00b7ligents.&hellip;  <a href=\"https:\/\/agora.xtec.cat\/ceiprieraderibes\/portada\/cap-a-on-va-la-tecnologia-6e\/\" title=\"Read Cap a on va la tecnologia?- 6\u00e8\">Llegeix m\u00e9s\u00bb<\/a><\/p>\n","protected":false},"author":175,"featured_media":11429,"comment_status":"open","ping_status":"closed","sticky":false,"template":"","format":"standard","meta":{"_bbp_topic_count":0,"_bbp_reply_count":0,"_bbp_total_topic_count":0,"_bbp_total_reply_count":0,"_bbp_voice_count":0,"_bbp_anonymous_reply_count":0,"_bbp_topic_count_hidden":0,"_bbp_reply_count_hidden":0,"_bbp_forum_subforum_count":0,"footnotes":""},"categories":[50,4],"tags":[],"class_list":["post-11425","post","type-post","status-publish","format-standard","has-post-thumbnail","hentry","category-generacio-2009","category-portada"],"post_mailing_queue_ids":[],"_links":{"self":[{"href":"https:\/\/agora.xtec.cat\/ceiprieraderibes\/wp-json\/wp\/v2\/posts\/11425","targetHints":{"allow":["GET"]}}],"collection":[{"href":"https:\/\/agora.xtec.cat\/ceiprieraderibes\/wp-json\/wp\/v2\/posts"}],"about":[{"href":"https:\/\/agora.xtec.cat\/ceiprieraderibes\/wp-json\/wp\/v2\/types\/post"}],"author":[{"embeddable":true,"href":"https:\/\/agora.xtec.cat\/ceiprieraderibes\/wp-json\/wp\/v2\/users\/175"}],"replies":[{"embeddable":true,"href":"https:\/\/agora.xtec.cat\/ceiprieraderibes\/wp-json\/wp\/v2\/comments?post=11425"}],"version-history":[{"count":1,"href":"https:\/\/agora.xtec.cat\/ceiprieraderibes\/wp-json\/wp\/v2\/posts\/11425\/revisions"}],"predecessor-version":[{"id":11430,"href":"https:\/\/agora.xtec.cat\/ceiprieraderibes\/wp-json\/wp\/v2\/posts\/11425\/revisions\/11430"}],"wp:featuredmedia":[{"embeddable":true,"href":"https:\/\/agora.xtec.cat\/ceiprieraderibes\/wp-json\/wp\/v2\/media\/11429"}],"wp:attachment":[{"href":"https:\/\/agora.xtec.cat\/ceiprieraderibes\/wp-json\/wp\/v2\/media?parent=11425"}],"wp:term":[{"taxonomy":"category","embeddable":true,"href":"https:\/\/agora.xtec.cat\/ceiprieraderibes\/wp-json\/wp\/v2\/categories?post=11425"},{"taxonomy":"post_tag","embeddable":true,"href":"https:\/\/agora.xtec.cat\/ceiprieraderibes\/wp-json\/wp\/v2\/tags?post=11425"}],"curies":[{"name":"wp","href":"https:\/\/api.w.org\/{rel}","templated":true}]}}