{"id":11376,"date":"2021-02-24T16:08:01","date_gmt":"2021-02-24T15:08:01","guid":{"rendered":"http:\/\/agora.xtec.cat\/ceiprieraderibes\/?p=11376"},"modified":"2021-02-24T16:08:01","modified_gmt":"2021-02-24T15:08:01","slug":"jugues-o-balles-carnaval-2021","status":"publish","type":"post","link":"https:\/\/agora.xtec.cat\/ceiprieraderibes\/general\/jugues-o-balles-carnaval-2021\/","title":{"rendered":"Jugues o Balles? Carnaval 2021"},"content":{"rendered":"<p>El passat dimarts dia 16 l&#8217;escola es va omplir de disfresses, m\u00fasica, color, alegria i molt de ritme.\u00a0Petits i grans vam poder gaudir de l&#8217;ess\u00e8ncia del carnaval que aquest any tenia com a tem\u00e0tica principal els jocs de taula i tradicionals.<\/p>\n<p>Us deixem els v\u00eddeos que vam gravar de les diferents coreografies que vam estar preparant.<\/p>\n<p>Grup mat\u00ed primer torn:<br \/>\nP3 Ester, P4 Marta, P5 N\u00faria, 1r Oscar, 2n M\u00f2nica, 3r Sergi, 4t Johanna, 5\u00e8 Lola, 6\u00e8 Carlos.<\/p>\n<p><iframe loading=\"lazy\" src=\"https:\/\/player.vimeo.com\/video\/515735444\" width=\"640\" height=\"363\" frameborder=\"0\"><\/iframe><\/p>\n<p>Grup mat\u00ed segon torn:<br \/>\nP3 Montse, P4 Noe, P5 Laura, 1r Sandra, 2n Estefania, 3r Maria 4t N\u00faria, 5\u00e8 Laura, 6\u00e8 Mar.<br \/>\n<iframe loading=\"lazy\" src=\"https:\/\/player.vimeo.com\/video\/515703779\" width=\"640\" height=\"363\" frameborder=\"0\"><\/iframe><\/p>\n<p>Grup tarda<br \/>\nP3 Sofia, P4 Rosa Maria, P5 Merc\u00e8, 1r Gemma, 2n Elena, 3rAndrea, 4t Marga, 5\u00e8 Jordi, 6\u00e8 N\u00faria<br \/>\n<iframe loading=\"lazy\" src=\"https:\/\/player.vimeo.com\/video\/515734653\" width=\"640\" height=\"352\" frameborder=\"0\"><\/iframe><\/p>\n","protected":false},"excerpt":{"rendered":"<p>El passat dimarts dia 16 l&#8217;escola es va omplir de disfresses, m\u00fasica, color, alegria i molt de ritme.\u00a0Petits i grans vam poder gaudir de l&#8217;ess\u00e8ncia del carnaval que aquest any tenia com a tem\u00e0tica principal els jocs de taula i tradicionals.<br \/>\nUs deixem els v\u00eddeos que&hellip;  <a href=\"https:\/\/agora.xtec.cat\/ceiprieraderibes\/general\/jugues-o-balles-carnaval-2021\/\" title=\"Read Jugues o Balles? Carnaval 2021\">Llegeix m\u00e9s\u00bb<\/a><\/p>\n","protected":false},"author":357,"featured_media":11377,"comment_status":"open","ping_status":"closed","sticky":false,"template":"","format":"standard","meta":{"_bbp_topic_count":0,"_bbp_reply_count":0,"_bbp_total_topic_count":0,"_bbp_total_reply_count":0,"_bbp_voice_count":0,"_bbp_anonymous_reply_count":0,"_bbp_topic_count_hidden":0,"_bbp_reply_count_hidden":0,"_bbp_forum_subforum_count":0,"footnotes":""},"categories":[53,50,49,48,47,157,177,196,201,228,1,4],"tags":[229],"class_list":["post-11376","post","type-post","status-publish","format-standard","has-post-thumbnail","hentry","category-generacio-2006","category-generacio-2009","category-generacio-2010","category-generacio-2011","category-generacio-2012","category-generacio-2013","category-generacio-2014","category-generacio-2015","category-generacio-2016","category-generacio-2017","category-general","category-portada","tag-carnaval"],"post_mailing_queue_ids":[],"_links":{"self":[{"href":"https:\/\/agora.xtec.cat\/ceiprieraderibes\/wp-json\/wp\/v2\/posts\/11376","targetHints":{"allow":["GET"]}}],"collection":[{"href":"https:\/\/agora.xtec.cat\/ceiprieraderibes\/wp-json\/wp\/v2\/posts"}],"about":[{"href":"https:\/\/agora.xtec.cat\/ceiprieraderibes\/wp-json\/wp\/v2\/types\/post"}],"author":[{"embeddable":true,"href":"https:\/\/agora.xtec.cat\/ceiprieraderibes\/wp-json\/wp\/v2\/users\/357"}],"replies":[{"embeddable":true,"href":"https:\/\/agora.xtec.cat\/ceiprieraderibes\/wp-json\/wp\/v2\/comments?post=11376"}],"version-history":[{"count":2,"href":"https:\/\/agora.xtec.cat\/ceiprieraderibes\/wp-json\/wp\/v2\/posts\/11376\/revisions"}],"predecessor-version":[{"id":11379,"href":"https:\/\/agora.xtec.cat\/ceiprieraderibes\/wp-json\/wp\/v2\/posts\/11376\/revisions\/11379"}],"wp:featuredmedia":[{"embeddable":true,"href":"https:\/\/agora.xtec.cat\/ceiprieraderibes\/wp-json\/wp\/v2\/media\/11377"}],"wp:attachment":[{"href":"https:\/\/agora.xtec.cat\/ceiprieraderibes\/wp-json\/wp\/v2\/media?parent=11376"}],"wp:term":[{"taxonomy":"category","embeddable":true,"href":"https:\/\/agora.xtec.cat\/ceiprieraderibes\/wp-json\/wp\/v2\/categories?post=11376"},{"taxonomy":"post_tag","embeddable":true,"href":"https:\/\/agora.xtec.cat\/ceiprieraderibes\/wp-json\/wp\/v2\/tags?post=11376"}],"curies":[{"name":"wp","href":"https:\/\/api.w.org\/{rel}","templated":true}]}}