{"id":11359,"date":"2021-02-18T09:00:15","date_gmt":"2021-02-18T08:00:15","guid":{"rendered":"http:\/\/agora.xtec.cat\/ceiprieraderibes\/?p=11359"},"modified":"2021-02-17T22:49:05","modified_gmt":"2021-02-17T21:49:05","slug":"la-rinxols-dor-5e","status":"publish","type":"post","link":"https:\/\/agora.xtec.cat\/ceiprieraderibes\/portada\/la-rinxols-dor-5e\/","title":{"rendered":"La Rinxols d&#8217;Or- 5\u00e8"},"content":{"rendered":"<p><span style=\"font-weight: 400;\">Som els nens i nenes de 5\u00e8 Lola\u00a0 i en aquest escrit explicarem el regal d\u2019Advent que els hi vam fer als nens i a les nenes de P3. \u00c9s\u00a0 a dir, perqu\u00e8 el \u00a0 vam fer , els criteris , tot el proc\u00e9s &#8230;<\/span><\/p>\n<p><span style=\"font-weight: 400;\">En primer lloc: Com vam\u00a0 triar el conte? \u00a0 Nosaltres\u00a0 vol\u00edem explicar un conte cl\u00e0ssic i adequat a l\u2019edat, que el coneguessin, que fos\u00a0 educatiu per poder\u00a0 treballar diferents conceptes,\u00a0 entre altres criteris.\u00a0<\/span><\/p>\n<p><span style=\"font-weight: 400;\">Vam comen\u00e7ar a fer propostes de diferents contes com <\/span><i><span style=\"font-weight: 400;\">Els tres porquets\u00a0 <\/span><\/i><span style=\"font-weight: 400;\">o<\/span><i><span style=\"font-weight: 400;\"> La Caputxeta vermella<\/span><\/i><span style=\"font-weight: 400;\">, per\u00f2 despr\u00e9s\u00a0 d\u2019exposar entre nosaltres les diverses caracter\u00edstiques de cadascun dels contes,\u00a0 vam acabar\u00a0 decidint que el conte de <\/span><i><span style=\"font-weight: 400;\">\u00a0La Rinxols d\u2019Or <\/span><\/i><span style=\"font-weight: 400;\">era el millor per treballar els\u00a0 conceptes\u00a0 com:\u00a0 fred i calent, tou, dur, flonjo&#8230;<\/span><\/p>\n<p style=\"text-align: justify;\"><span style=\"font-weight: 400;\">A continuaci\u00f3 vam buscar diferents versions del mateix conte i vam triar-ne tres. D\u2019aquests\u00a0 escoll\u00edem\u00a0 algunes parts ,\u00a0 tenint en compte el qu\u00e8 explicaven i s\u2019hi s\u2019entenia. Tamb\u00e9 f\u00e8iem adaptacions adequades a les nostres intencions, que eren fer entendre als nens i a les nenes de P3 les difer\u00e8ncies en el tacte , en el gust, \u2026<\/span><\/p>\n<p style=\"text-align: justify;\"><span style=\"font-weight: 400;\">El seg\u00fcent pas\u00a0 va ser decidir\u00a0 com ho representar\u00edem, si amb ombres xineses, amb titelles,\u00a0 \u2026? Entre tot el grup\u00a0 vam acordar que el m\u00e9s adequat era fer ombres xineses,\u00a0 per aix\u00ed fer alguna cosa diferent.\u00a0<\/span><\/p>\n<p style=\"text-align: justify;\"><span style=\"font-weight: 400;\">Ens vam repartir qui dibuixaria cada\u00a0 personatge. Tamb\u00e9 vam decidir \u00a0 qui faria la veu de la Rinxols d\u2019Or, qui seria cada \u00f3s\u00a0 i qui narrador&#8230;\u00a0\u00a0<\/span><\/p>\n<p style=\"text-align: justify;\"><span style=\"font-weight: 400;\">Per acabar, l\u2019\u00faltim pas va ser\u00a0 fer les ombres\u00a0 de cada personatge amb cartolina negra.\u00a0<\/span><\/p>\n<p style=\"text-align: justify;\"><span style=\"font-weight: 400;\">Quan tot va estar\u00a0 enllestit vam comen\u00e7ar a assajar i finalment ho vam gravar.<\/span><\/p>\n<p style=\"text-align: justify;\"><span style=\"font-weight: 400;\">Us deixem el nostre v\u00eddeo.<\/span><\/p>\n<p style=\"text-align: justify;\"><span style=\"font-weight: 400;\">\u00a0Desitgem que us agradi.<\/span><\/p>\n<p><a href=\"https:\/\/drive.google.com\/file\/d\/1chbFn_JVl282s78he4dNa9Zym-MBM6cq\/view?usp=sharing\"><img loading=\"lazy\" decoding=\"async\" class=\"aligncenter wp-image-11361 size-large\" src=\"https:\/\/agora.xtec.cat\/ceiprieraderibes\/wp-content\/uploads\/usu901\/2021\/02\/Web-e1613598428192-1024x479.jpg\" alt=\"\" width=\"1024\" height=\"479\" srcset=\"https:\/\/agora.xtec.cat\/ceiprieraderibes\/wp-content\/uploads\/usu901\/2021\/02\/Web-e1613598428192-1024x479.jpg 1024w, https:\/\/agora.xtec.cat\/ceiprieraderibes\/wp-content\/uploads\/usu901\/2021\/02\/Web-e1613598428192-300x140.jpg 300w, https:\/\/agora.xtec.cat\/ceiprieraderibes\/wp-content\/uploads\/usu901\/2021\/02\/Web-e1613598428192-768x359.jpg 768w, https:\/\/agora.xtec.cat\/ceiprieraderibes\/wp-content\/uploads\/usu901\/2021\/02\/Web-e1613598428192.jpg 1209w\" sizes=\"auto, (max-width: 1024px) 100vw, 1024px\" \/><\/a><\/p>\n","protected":false},"excerpt":{"rendered":"<p>Som els nens i nenes de 5\u00e8 Lola\u00a0 i en aquest escrit explicarem el regal d\u2019Advent que els hi vam fer als nens i a les nenes de P3.&hellip;  <a href=\"https:\/\/agora.xtec.cat\/ceiprieraderibes\/portada\/la-rinxols-dor-5e\/\" title=\"Read La Rinxols d&#8217;Or- 5\u00e8\">Llegeix m\u00e9s\u00bb<\/a><\/p>\n","protected":false},"author":175,"featured_media":11361,"comment_status":"open","ping_status":"closed","sticky":false,"template":"","format":"standard","meta":{"_bbp_topic_count":0,"_bbp_reply_count":0,"_bbp_total_topic_count":0,"_bbp_total_reply_count":0,"_bbp_voice_count":0,"_bbp_anonymous_reply_count":0,"_bbp_topic_count_hidden":0,"_bbp_reply_count_hidden":0,"_bbp_forum_subforum_count":0,"footnotes":""},"categories":[49,4],"tags":[],"class_list":["post-11359","post","type-post","status-publish","format-standard","has-post-thumbnail","hentry","category-generacio-2010","category-portada"],"post_mailing_queue_ids":[],"_links":{"self":[{"href":"https:\/\/agora.xtec.cat\/ceiprieraderibes\/wp-json\/wp\/v2\/posts\/11359","targetHints":{"allow":["GET"]}}],"collection":[{"href":"https:\/\/agora.xtec.cat\/ceiprieraderibes\/wp-json\/wp\/v2\/posts"}],"about":[{"href":"https:\/\/agora.xtec.cat\/ceiprieraderibes\/wp-json\/wp\/v2\/types\/post"}],"author":[{"embeddable":true,"href":"https:\/\/agora.xtec.cat\/ceiprieraderibes\/wp-json\/wp\/v2\/users\/175"}],"replies":[{"embeddable":true,"href":"https:\/\/agora.xtec.cat\/ceiprieraderibes\/wp-json\/wp\/v2\/comments?post=11359"}],"version-history":[{"count":3,"href":"https:\/\/agora.xtec.cat\/ceiprieraderibes\/wp-json\/wp\/v2\/posts\/11359\/revisions"}],"predecessor-version":[{"id":11363,"href":"https:\/\/agora.xtec.cat\/ceiprieraderibes\/wp-json\/wp\/v2\/posts\/11359\/revisions\/11363"}],"wp:featuredmedia":[{"embeddable":true,"href":"https:\/\/agora.xtec.cat\/ceiprieraderibes\/wp-json\/wp\/v2\/media\/11361"}],"wp:attachment":[{"href":"https:\/\/agora.xtec.cat\/ceiprieraderibes\/wp-json\/wp\/v2\/media?parent=11359"}],"wp:term":[{"taxonomy":"category","embeddable":true,"href":"https:\/\/agora.xtec.cat\/ceiprieraderibes\/wp-json\/wp\/v2\/categories?post=11359"},{"taxonomy":"post_tag","embeddable":true,"href":"https:\/\/agora.xtec.cat\/ceiprieraderibes\/wp-json\/wp\/v2\/tags?post=11359"}],"curies":[{"name":"wp","href":"https:\/\/api.w.org\/{rel}","templated":true}]}}