{"id":11251,"date":"2021-01-31T19:47:28","date_gmt":"2021-01-31T18:47:28","guid":{"rendered":"http:\/\/agora.xtec.cat\/ceiprieraderibes\/?p=11251"},"modified":"2021-01-31T19:47:28","modified_gmt":"2021-01-31T18:47:28","slug":"coneixem-la-placa-marcer","status":"publish","type":"post","link":"https:\/\/agora.xtec.cat\/ceiprieraderibes\/general\/coneixem-la-placa-marcer\/","title":{"rendered":"CONEIXEM LA PLA\u00c7A MARCER"},"content":{"rendered":"<p><span style=\"font-weight: 400\">Les matem\u00e0tiques ens ajuden a con\u00e8ixer el nostre entorn i \u00e9s a trav\u00e9s dels interessos dels nens i nenes que trobem aquesta motivaci\u00f3 per aprendre i descobrir.\u00a0<\/span><\/p>\n<p><span style=\"font-weight: 400\">El sorral \u00e9s un gran context per construir, i aix\u00ed \u00e9s com va sorgir el nostre inter\u00e8s per la pla\u00e7a Marcer, a partir de construir-la al sorral.\u00a0<\/span><\/p>\n<p><img loading=\"lazy\" decoding=\"async\" class=\"wp-image-11253  alignnone\" src=\"https:\/\/agora.xtec.cat\/ceiprieraderibes\/wp-content\/uploads\/usu901\/2021\/01\/C\u00f2pia-de-20201006_153144-c\u00f2pia-e1612116048657-225x300.jpg\" alt=\"\" width=\"348\" height=\"464\" \/> <img loading=\"lazy\" decoding=\"async\" class=\"wp-image-11254 alignnone\" src=\"https:\/\/agora.xtec.cat\/ceiprieraderibes\/wp-content\/uploads\/usu901\/2021\/01\/C\u00f2pia-de-20201020_152114-c\u00f2pia-e1612116084422-225x300.jpg\" alt=\"\" width=\"348\" height=\"464\" srcset=\"https:\/\/agora.xtec.cat\/ceiprieraderibes\/wp-content\/uploads\/usu901\/2021\/01\/C\u00f2pia-de-20201020_152114-c\u00f2pia-e1612116084422-225x300.jpg 225w, https:\/\/agora.xtec.cat\/ceiprieraderibes\/wp-content\/uploads\/usu901\/2021\/01\/C\u00f2pia-de-20201020_152114-c\u00f2pia-e1612116084422-768x1024.jpg 768w, https:\/\/agora.xtec.cat\/ceiprieraderibes\/wp-content\/uploads\/usu901\/2021\/01\/C\u00f2pia-de-20201020_152114-c\u00f2pia-e1612116084422.jpg 1512w\" sizes=\"auto, (max-width: 348px) 100vw, 348px\" \/><\/p>\n<p><span style=\"font-weight: 400\">\u00a0\u00a0<\/span><\/p>\n<p><span style=\"font-weight: 400\">Despr\u00e9s del rac\u00f3, durant l\u2019estona de reflexi\u00f3 parlem\u00a0<\/span><span style=\"font-weight: 400\"> de les nostres construccions i ens sorgeix l\u2019inter\u00e8s d\u2019anar d&#8217;excursi\u00f3 a la pla\u00e7a Marcer. Parlem sobre qu\u00e8 trobem a la pla\u00e7a, qu\u00e8 ens agrada fer, qu\u00e8 \u00e9s el que m\u00e9s ens agrada de la pla\u00e7a\u2026. per\u00f2 per anar d\u2019excursi\u00f3 cal saber el cam\u00ed, aix\u00ed que amb ajuda de la PDI l\u2019observem a Google Maps. Abans, parlem de quines coses trobarem pel ca<\/span><span style=\"font-weight: 400\">m\u00ed durant l\u2019excursi\u00f3, per tal de tenir uns referents i saber\u00a0 que seguim el cam\u00ed correcte. <\/span><\/p>\n<p><span style=\"font-weight: 400\">Una vegada l\u2019observem el representem.<\/span><\/p>\n<p><img loading=\"lazy\" decoding=\"async\" class=\"wp-image-11255 alignnone\" src=\"https:\/\/agora.xtec.cat\/ceiprieraderibes\/wp-content\/uploads\/usu901\/2021\/01\/C\u00f2pia-de-20201008_152632-c\u00f2pia-e1612116208763-225x300.jpg\" alt=\"\" width=\"350\" height=\"467\" srcset=\"https:\/\/agora.xtec.cat\/ceiprieraderibes\/wp-content\/uploads\/usu901\/2021\/01\/C\u00f2pia-de-20201008_152632-c\u00f2pia-e1612116208763-225x300.jpg 225w, https:\/\/agora.xtec.cat\/ceiprieraderibes\/wp-content\/uploads\/usu901\/2021\/01\/C\u00f2pia-de-20201008_152632-c\u00f2pia-e1612116208763-768x1024.jpg 768w, https:\/\/agora.xtec.cat\/ceiprieraderibes\/wp-content\/uploads\/usu901\/2021\/01\/C\u00f2pia-de-20201008_152632-c\u00f2pia-e1612116208763.jpg 1512w\" sizes=\"auto, (max-width: 350px) 100vw, 350px\" \/> <img loading=\"lazy\" decoding=\"async\" class=\"wp-image-11256 alignnone\" src=\"https:\/\/agora.xtec.cat\/ceiprieraderibes\/wp-content\/uploads\/usu901\/2021\/01\/C\u00f2pia-de-20201029_150842-c\u00f2pia-e1612116228536-225x300.jpg\" alt=\"\" width=\"350\" height=\"467\" srcset=\"https:\/\/agora.xtec.cat\/ceiprieraderibes\/wp-content\/uploads\/usu901\/2021\/01\/C\u00f2pia-de-20201029_150842-c\u00f2pia-e1612116228536-225x300.jpg 225w, https:\/\/agora.xtec.cat\/ceiprieraderibes\/wp-content\/uploads\/usu901\/2021\/01\/C\u00f2pia-de-20201029_150842-c\u00f2pia-e1612116228536-768x1024.jpg 768w, https:\/\/agora.xtec.cat\/ceiprieraderibes\/wp-content\/uploads\/usu901\/2021\/01\/C\u00f2pia-de-20201029_150842-c\u00f2pia-e1612116228536.jpg 1512w\" sizes=\"auto, (max-width: 350px) 100vw, 350px\" \/><\/p>\n<p><span style=\"font-weight: 400\">Tamb\u00e9 representem la pla\u00e7a Marcer de diferents maneres, dins el rac\u00f3 de l\u2019arquitectura.\u00a0<\/span><\/p>\n<p><img loading=\"lazy\" decoding=\"async\" class=\"wp-image-11257 alignnone\" src=\"https:\/\/agora.xtec.cat\/ceiprieraderibes\/wp-content\/uploads\/usu901\/2021\/01\/C\u00f2pia-de-IMG_0953-c\u00f2pia-300x225.jpg\" alt=\"\" width=\"350\" height=\"263\" srcset=\"https:\/\/agora.xtec.cat\/ceiprieraderibes\/wp-content\/uploads\/usu901\/2021\/01\/C\u00f2pia-de-IMG_0953-c\u00f2pia-300x225.jpg 300w, https:\/\/agora.xtec.cat\/ceiprieraderibes\/wp-content\/uploads\/usu901\/2021\/01\/C\u00f2pia-de-IMG_0953-c\u00f2pia-768x576.jpg 768w, https:\/\/agora.xtec.cat\/ceiprieraderibes\/wp-content\/uploads\/usu901\/2021\/01\/C\u00f2pia-de-IMG_0953-c\u00f2pia-1024x768.jpg 1024w, https:\/\/agora.xtec.cat\/ceiprieraderibes\/wp-content\/uploads\/usu901\/2021\/01\/C\u00f2pia-de-IMG_0953-c\u00f2pia-200x150.jpg 200w\" sizes=\"auto, (max-width: 350px) 100vw, 350px\" \/> <img loading=\"lazy\" decoding=\"async\" class=\"wp-image-11258 alignnone\" src=\"https:\/\/agora.xtec.cat\/ceiprieraderibes\/wp-content\/uploads\/usu901\/2021\/01\/C\u00f2pia-de-IMG_0954-c\u00f2pia-300x225.jpg\" alt=\"\" width=\"357\" height=\"268\" srcset=\"https:\/\/agora.xtec.cat\/ceiprieraderibes\/wp-content\/uploads\/usu901\/2021\/01\/C\u00f2pia-de-IMG_0954-c\u00f2pia-300x225.jpg 300w, https:\/\/agora.xtec.cat\/ceiprieraderibes\/wp-content\/uploads\/usu901\/2021\/01\/C\u00f2pia-de-IMG_0954-c\u00f2pia-768x576.jpg 768w, https:\/\/agora.xtec.cat\/ceiprieraderibes\/wp-content\/uploads\/usu901\/2021\/01\/C\u00f2pia-de-IMG_0954-c\u00f2pia-1024x768.jpg 1024w, https:\/\/agora.xtec.cat\/ceiprieraderibes\/wp-content\/uploads\/usu901\/2021\/01\/C\u00f2pia-de-IMG_0954-c\u00f2pia-200x150.jpg 200w\" sizes=\"auto, (max-width: 357px) 100vw, 357px\" \/><\/p>\n<p><span style=\"font-weight: 400\">Per fi arriba el dia d\u2019anar d\u2019excursi\u00f3 a la Pla\u00e7a Marcer, i estem molt contents!<\/span><\/p>\n<p><img loading=\"lazy\" decoding=\"async\" class=\"wp-image-11259 alignnone\" src=\"https:\/\/agora.xtec.cat\/ceiprieraderibes\/wp-content\/uploads\/usu901\/2021\/01\/C\u00f2pia-de-IMG_1789-c\u00f2pia-e1612116574759-225x300.jpg\" alt=\"\" width=\"252\" height=\"336\" srcset=\"https:\/\/agora.xtec.cat\/ceiprieraderibes\/wp-content\/uploads\/usu901\/2021\/01\/C\u00f2pia-de-IMG_1789-c\u00f2pia-e1612116574759-225x300.jpg 225w, https:\/\/agora.xtec.cat\/ceiprieraderibes\/wp-content\/uploads\/usu901\/2021\/01\/C\u00f2pia-de-IMG_1789-c\u00f2pia-e1612116574759-768x1024.jpg 768w, https:\/\/agora.xtec.cat\/ceiprieraderibes\/wp-content\/uploads\/usu901\/2021\/01\/C\u00f2pia-de-IMG_1789-c\u00f2pia-e1612116574759.jpg 1728w\" sizes=\"auto, (max-width: 252px) 100vw, 252px\" \/> <img loading=\"lazy\" decoding=\"async\" class=\"wp-image-11260 alignnone\" src=\"https:\/\/agora.xtec.cat\/ceiprieraderibes\/wp-content\/uploads\/usu901\/2021\/01\/C\u00f2pia-de-IMG_1786-1-300x225.jpg\" alt=\"\" width=\"457\" height=\"343\" srcset=\"https:\/\/agora.xtec.cat\/ceiprieraderibes\/wp-content\/uploads\/usu901\/2021\/01\/C\u00f2pia-de-IMG_1786-1-300x225.jpg 300w, https:\/\/agora.xtec.cat\/ceiprieraderibes\/wp-content\/uploads\/usu901\/2021\/01\/C\u00f2pia-de-IMG_1786-1-768x576.jpg 768w, https:\/\/agora.xtec.cat\/ceiprieraderibes\/wp-content\/uploads\/usu901\/2021\/01\/C\u00f2pia-de-IMG_1786-1-1024x768.jpg 1024w, https:\/\/agora.xtec.cat\/ceiprieraderibes\/wp-content\/uploads\/usu901\/2021\/01\/C\u00f2pia-de-IMG_1786-1-200x150.jpg 200w\" sizes=\"auto, (max-width: 457px) 100vw, 457px\" \/><\/p>\n<p><span style=\"font-weight: 400\">Ja hem arribat i observem la font que \u00e9s un element de la pla\u00e7a que ens agrada molt i aprofitem l\u2019ocasi\u00f3 per dibuixar-la, observant tots els seus detalls.<\/span><\/p>\n<p><img loading=\"lazy\" decoding=\"async\" class=\"alignnone wp-image-11261\" src=\"https:\/\/agora.xtec.cat\/ceiprieraderibes\/wp-content\/uploads\/usu901\/2021\/01\/C\u00f2pia-de-IMG_1812-c\u00f2pia-300x225.jpg\" alt=\"\" width=\"337\" height=\"253\" srcset=\"https:\/\/agora.xtec.cat\/ceiprieraderibes\/wp-content\/uploads\/usu901\/2021\/01\/C\u00f2pia-de-IMG_1812-c\u00f2pia-300x225.jpg 300w, https:\/\/agora.xtec.cat\/ceiprieraderibes\/wp-content\/uploads\/usu901\/2021\/01\/C\u00f2pia-de-IMG_1812-c\u00f2pia-768x576.jpg 768w, https:\/\/agora.xtec.cat\/ceiprieraderibes\/wp-content\/uploads\/usu901\/2021\/01\/C\u00f2pia-de-IMG_1812-c\u00f2pia-1024x768.jpg 1024w, https:\/\/agora.xtec.cat\/ceiprieraderibes\/wp-content\/uploads\/usu901\/2021\/01\/C\u00f2pia-de-IMG_1812-c\u00f2pia-200x150.jpg 200w\" sizes=\"auto, (max-width: 337px) 100vw, 337px\" \/> <img loading=\"lazy\" decoding=\"async\" class=\"wp-image-11262 alignnone\" src=\"https:\/\/agora.xtec.cat\/ceiprieraderibes\/wp-content\/uploads\/usu901\/2021\/01\/C\u00f2pia-de-IMG_1815-c\u00f2pia-300x225.jpg\" alt=\"\" width=\"330\" height=\"248\" srcset=\"https:\/\/agora.xtec.cat\/ceiprieraderibes\/wp-content\/uploads\/usu901\/2021\/01\/C\u00f2pia-de-IMG_1815-c\u00f2pia-300x225.jpg 300w, https:\/\/agora.xtec.cat\/ceiprieraderibes\/wp-content\/uploads\/usu901\/2021\/01\/C\u00f2pia-de-IMG_1815-c\u00f2pia-768x576.jpg 768w, https:\/\/agora.xtec.cat\/ceiprieraderibes\/wp-content\/uploads\/usu901\/2021\/01\/C\u00f2pia-de-IMG_1815-c\u00f2pia-1024x768.jpg 1024w, https:\/\/agora.xtec.cat\/ceiprieraderibes\/wp-content\/uploads\/usu901\/2021\/01\/C\u00f2pia-de-IMG_1815-c\u00f2pia-200x150.jpg 200w\" sizes=\"auto, (max-width: 330px) 100vw, 330px\" \/><\/p>\n<p><img loading=\"lazy\" decoding=\"async\" class=\"wp-image-11264 alignnone\" src=\"https:\/\/agora.xtec.cat\/ceiprieraderibes\/wp-content\/uploads\/usu901\/2021\/01\/C\u00f2pia-de-IMG_1825-c\u00f2pia-300x225.jpg\" alt=\"\" width=\"337\" height=\"253\" srcset=\"https:\/\/agora.xtec.cat\/ceiprieraderibes\/wp-content\/uploads\/usu901\/2021\/01\/C\u00f2pia-de-IMG_1825-c\u00f2pia-300x225.jpg 300w, https:\/\/agora.xtec.cat\/ceiprieraderibes\/wp-content\/uploads\/usu901\/2021\/01\/C\u00f2pia-de-IMG_1825-c\u00f2pia-768x576.jpg 768w, https:\/\/agora.xtec.cat\/ceiprieraderibes\/wp-content\/uploads\/usu901\/2021\/01\/C\u00f2pia-de-IMG_1825-c\u00f2pia-1024x768.jpg 1024w, https:\/\/agora.xtec.cat\/ceiprieraderibes\/wp-content\/uploads\/usu901\/2021\/01\/C\u00f2pia-de-IMG_1825-c\u00f2pia-200x150.jpg 200w\" sizes=\"auto, (max-width: 337px) 100vw, 337px\" \/><img loading=\"lazy\" decoding=\"async\" class=\"wp-image-11263 alignnone\" src=\"https:\/\/agora.xtec.cat\/ceiprieraderibes\/wp-content\/uploads\/usu901\/2021\/01\/C\u00f2pia-de-IMG_1816-c\u00f2pia-300x225.jpg\" alt=\"\" width=\"335\" height=\"252\" srcset=\"https:\/\/agora.xtec.cat\/ceiprieraderibes\/wp-content\/uploads\/usu901\/2021\/01\/C\u00f2pia-de-IMG_1816-c\u00f2pia-300x225.jpg 300w, https:\/\/agora.xtec.cat\/ceiprieraderibes\/wp-content\/uploads\/usu901\/2021\/01\/C\u00f2pia-de-IMG_1816-c\u00f2pia-768x576.jpg 768w, https:\/\/agora.xtec.cat\/ceiprieraderibes\/wp-content\/uploads\/usu901\/2021\/01\/C\u00f2pia-de-IMG_1816-c\u00f2pia-1024x768.jpg 1024w, https:\/\/agora.xtec.cat\/ceiprieraderibes\/wp-content\/uploads\/usu901\/2021\/01\/C\u00f2pia-de-IMG_1816-c\u00f2pia-200x150.jpg 200w\" sizes=\"auto, (max-width: 335px) 100vw, 335px\" \/><\/p>\n<p><span style=\"font-weight: 400\">Observem la font, \u00e9s molt gran, i ens sorgeix el dubte: Quant mesura la font? Amb un metre molt llarg i entre tots observarem quant mesura la font.\u00a0<\/span><\/p>\n<p><img loading=\"lazy\" decoding=\"async\" class=\"wp-image-11268 alignnone\" src=\"https:\/\/agora.xtec.cat\/ceiprieraderibes\/wp-content\/uploads\/usu901\/2021\/01\/C\u00f2pia-de-IMG_1843-300x225.jpg\" alt=\"\" width=\"350\" height=\"263\" srcset=\"https:\/\/agora.xtec.cat\/ceiprieraderibes\/wp-content\/uploads\/usu901\/2021\/01\/C\u00f2pia-de-IMG_1843-300x225.jpg 300w, https:\/\/agora.xtec.cat\/ceiprieraderibes\/wp-content\/uploads\/usu901\/2021\/01\/C\u00f2pia-de-IMG_1843-768x576.jpg 768w, https:\/\/agora.xtec.cat\/ceiprieraderibes\/wp-content\/uploads\/usu901\/2021\/01\/C\u00f2pia-de-IMG_1843-1024x768.jpg 1024w, https:\/\/agora.xtec.cat\/ceiprieraderibes\/wp-content\/uploads\/usu901\/2021\/01\/C\u00f2pia-de-IMG_1843-200x150.jpg 200w\" sizes=\"auto, (max-width: 350px) 100vw, 350px\" \/> <img loading=\"lazy\" decoding=\"async\" class=\"wp-image-11274 alignnone\" src=\"https:\/\/agora.xtec.cat\/ceiprieraderibes\/wp-content\/uploads\/usu901\/2021\/01\/C\u00f2pia-de-IMG_1835-2-300x225.jpg\" alt=\"\" width=\"350\" height=\"263\" srcset=\"https:\/\/agora.xtec.cat\/ceiprieraderibes\/wp-content\/uploads\/usu901\/2021\/01\/C\u00f2pia-de-IMG_1835-2-300x225.jpg 300w, https:\/\/agora.xtec.cat\/ceiprieraderibes\/wp-content\/uploads\/usu901\/2021\/01\/C\u00f2pia-de-IMG_1835-2-768x576.jpg 768w, https:\/\/agora.xtec.cat\/ceiprieraderibes\/wp-content\/uploads\/usu901\/2021\/01\/C\u00f2pia-de-IMG_1835-2-1024x768.jpg 1024w, https:\/\/agora.xtec.cat\/ceiprieraderibes\/wp-content\/uploads\/usu901\/2021\/01\/C\u00f2pia-de-IMG_1835-2-200x150.jpg 200w\" sizes=\"auto, (max-width: 350px) 100vw, 350px\" \/> <img loading=\"lazy\" decoding=\"async\" class=\"alignleft wp-image-11272 size-large\" src=\"https:\/\/agora.xtec.cat\/ceiprieraderibes\/wp-content\/uploads\/usu901\/2021\/01\/C\u00f2pia-de-IMG_1842-1-1024x768.jpg\" alt=\"\" width=\"1024\" height=\"768\" srcset=\"https:\/\/agora.xtec.cat\/ceiprieraderibes\/wp-content\/uploads\/usu901\/2021\/01\/C\u00f2pia-de-IMG_1842-1-1024x768.jpg 1024w, https:\/\/agora.xtec.cat\/ceiprieraderibes\/wp-content\/uploads\/usu901\/2021\/01\/C\u00f2pia-de-IMG_1842-1-300x225.jpg 300w, https:\/\/agora.xtec.cat\/ceiprieraderibes\/wp-content\/uploads\/usu901\/2021\/01\/C\u00f2pia-de-IMG_1842-1-768x576.jpg 768w, https:\/\/agora.xtec.cat\/ceiprieraderibes\/wp-content\/uploads\/usu901\/2021\/01\/C\u00f2pia-de-IMG_1842-1-200x150.jpg 200w\" sizes=\"auto, (max-width: 1024px) 100vw, 1024px\" \/><\/p>\n<p><span style=\"font-weight: 400\">Descobrim que la font mesura 9 metres. Estant a l\u2019escola ens preguntem si la font cap a dins de la classe. Mesurem l\u2019aula i veiem que el metre arriba als 8 metres, 9 \u00e9s m\u00e9s gran que 8 i per tant la font no cap a l\u2019aula.<\/span><\/p>\n<p><span style=\"font-weight: 400\">A m\u00e9s, vivenciem que vol dir 9 metres, ja que els n\u00fameros s\u00f3n abstractes i la millor manera de comprendre-ho \u00e9s viure-ho amb el propi cos. Ens fem la pregunta de quants nens i nenes necessitem per ser tan llargs com la font? <\/span><\/p>\n<p><span style=\"font-weight: 400\">Sortim al pati a descobrir-ho.<\/span><\/p>\n<p><img loading=\"lazy\" decoding=\"async\" class=\"aligncenter size-large wp-image-11273\" src=\"https:\/\/agora.xtec.cat\/ceiprieraderibes\/wp-content\/uploads\/usu901\/2021\/01\/C\u00f2pia-de-20201116_151201-2-1024x768.jpg\" alt=\"\" width=\"1024\" height=\"768\" srcset=\"https:\/\/agora.xtec.cat\/ceiprieraderibes\/wp-content\/uploads\/usu901\/2021\/01\/C\u00f2pia-de-20201116_151201-2-1024x768.jpg 1024w, https:\/\/agora.xtec.cat\/ceiprieraderibes\/wp-content\/uploads\/usu901\/2021\/01\/C\u00f2pia-de-20201116_151201-2-300x225.jpg 300w, https:\/\/agora.xtec.cat\/ceiprieraderibes\/wp-content\/uploads\/usu901\/2021\/01\/C\u00f2pia-de-20201116_151201-2-768x576.jpg 768w, https:\/\/agora.xtec.cat\/ceiprieraderibes\/wp-content\/uploads\/usu901\/2021\/01\/C\u00f2pia-de-20201116_151201-2-200x150.jpg 200w, https:\/\/agora.xtec.cat\/ceiprieraderibes\/wp-content\/uploads\/usu901\/2021\/01\/C\u00f2pia-de-20201116_151201-2.jpg 2016w\" sizes=\"auto, (max-width: 1024px) 100vw, 1024px\" \/><\/p>\n<p><span style=\"font-weight: 400\">Necessitem 10 nens i nenes per ser com la font.\u00a0<\/span><\/p>\n<p><span style=\"font-weight: 400\">I no deixem de fer-nos preguntes, ara volem anar m\u00e9s enll\u00e0 i ens preguntem quant mesura tota la pla\u00e7a sencera ?<\/span><\/p>\n<p><span style=\"font-weight: 400\">Aprofitem les vacances de Nadal per pensar amb l\u2019ajuda de les fam\u00edlies com podem mesurar la pla\u00e7a sencera, ja que no tenim un metre tan llarg. Sorgeixen diferent unitats de mesura com els passos, pams, persones\u2026 tamb\u00e9 comptant rajoles. Ara continuem pensant en noves coses que descobrir de la pla\u00e7a Marcer i en com plasmar tot aix\u00f2 que hem descobert.\u00a0<\/span><\/p>\n","protected":false},"excerpt":{"rendered":"<p>Les matem\u00e0tiques ens ajuden a con\u00e8ixer el nostre entorn i \u00e9s a trav\u00e9s dels interessos dels nens i nenes que trobem aquesta motivaci\u00f3 per aprendre i descobrir.\u00a0<br \/>\nEl sorral \u00e9s un gran context per construir, i aix\u00ed \u00e9s com va sorgir el nostre inter\u00e8s per la&hellip;  <a href=\"https:\/\/agora.xtec.cat\/ceiprieraderibes\/general\/coneixem-la-placa-marcer\/\" title=\"Read CONEIXEM LA PLA\u00c7A MARCER\">Llegeix m\u00e9s\u00bb<\/a><\/p>\n","protected":false},"author":357,"featured_media":11264,"comment_status":"open","ping_status":"closed","sticky":false,"template":"","format":"standard","meta":{"_bbp_topic_count":0,"_bbp_reply_count":0,"_bbp_total_topic_count":0,"_bbp_total_reply_count":0,"_bbp_voice_count":0,"_bbp_anonymous_reply_count":0,"_bbp_topic_count_hidden":0,"_bbp_reply_count_hidden":0,"_bbp_forum_subforum_count":0,"footnotes":""},"categories":[196,201,228,1,4],"tags":[],"class_list":["post-11251","post","type-post","status-publish","format-standard","has-post-thumbnail","hentry","category-generacio-2015","category-generacio-2016","category-generacio-2017","category-general","category-portada"],"post_mailing_queue_ids":[],"_links":{"self":[{"href":"https:\/\/agora.xtec.cat\/ceiprieraderibes\/wp-json\/wp\/v2\/posts\/11251","targetHints":{"allow":["GET"]}}],"collection":[{"href":"https:\/\/agora.xtec.cat\/ceiprieraderibes\/wp-json\/wp\/v2\/posts"}],"about":[{"href":"https:\/\/agora.xtec.cat\/ceiprieraderibes\/wp-json\/wp\/v2\/types\/post"}],"author":[{"embeddable":true,"href":"https:\/\/agora.xtec.cat\/ceiprieraderibes\/wp-json\/wp\/v2\/users\/357"}],"replies":[{"embeddable":true,"href":"https:\/\/agora.xtec.cat\/ceiprieraderibes\/wp-json\/wp\/v2\/comments?post=11251"}],"version-history":[{"count":3,"href":"https:\/\/agora.xtec.cat\/ceiprieraderibes\/wp-json\/wp\/v2\/posts\/11251\/revisions"}],"predecessor-version":[{"id":11283,"href":"https:\/\/agora.xtec.cat\/ceiprieraderibes\/wp-json\/wp\/v2\/posts\/11251\/revisions\/11283"}],"wp:featuredmedia":[{"embeddable":true,"href":"https:\/\/agora.xtec.cat\/ceiprieraderibes\/wp-json\/wp\/v2\/media\/11264"}],"wp:attachment":[{"href":"https:\/\/agora.xtec.cat\/ceiprieraderibes\/wp-json\/wp\/v2\/media?parent=11251"}],"wp:term":[{"taxonomy":"category","embeddable":true,"href":"https:\/\/agora.xtec.cat\/ceiprieraderibes\/wp-json\/wp\/v2\/categories?post=11251"},{"taxonomy":"post_tag","embeddable":true,"href":"https:\/\/agora.xtec.cat\/ceiprieraderibes\/wp-json\/wp\/v2\/tags?post=11251"}],"curies":[{"name":"wp","href":"https:\/\/api.w.org\/{rel}","templated":true}]}}