{"id":11232,"date":"2021-01-27T13:48:35","date_gmt":"2021-01-27T12:48:35","guid":{"rendered":"http:\/\/agora.xtec.cat\/ceiprieraderibes\/?p=11232"},"modified":"2021-01-27T13:48:35","modified_gmt":"2021-01-27T12:48:35","slug":"tenim-insectes-pal-a-la-classe","status":"publish","type":"post","link":"https:\/\/agora.xtec.cat\/ceiprieraderibes\/general\/tenim-insectes-pal-a-la-classe\/","title":{"rendered":"TENIM INSECTES PAL A LA CLASSE!"},"content":{"rendered":"<p><span style=\"font-weight: 400\">La classe de la Merc\u00e8 tenien insectes pal i durant unes setmanes ens els van deixar per tenir-ne cura i observar-los.<\/span><\/p>\n<p><img loading=\"lazy\" decoding=\"async\" class=\"aligncenter wp-image-11241 size-medium\" src=\"https:\/\/agora.xtec.cat\/ceiprieraderibes\/wp-content\/uploads\/usu901\/2021\/01\/IMG_20201201_084545-1-225x300.jpg\" alt=\"\" width=\"225\" height=\"300\" srcset=\"https:\/\/agora.xtec.cat\/ceiprieraderibes\/wp-content\/uploads\/usu901\/2021\/01\/IMG_20201201_084545-1-225x300.jpg 225w, https:\/\/agora.xtec.cat\/ceiprieraderibes\/wp-content\/uploads\/usu901\/2021\/01\/IMG_20201201_084545-1-768x1024.jpg 768w, https:\/\/agora.xtec.cat\/ceiprieraderibes\/wp-content\/uploads\/usu901\/2021\/01\/IMG_20201201_084545-1.jpg 1728w\" sizes=\"auto, (max-width: 225px) 100vw, 225px\" \/><\/p>\n<p><span style=\"font-weight: 400\">De seguida ens van sorgit un munt de preguntes interessants, per\u00f2 una de les m\u00e9s importants per poder cuidar-los va ser: \u201cqu\u00e8 mengen?\u201d\u00a0<\/span><\/p>\n<p><span style=\"font-weight: 400\">La Maria creia que menjaven fulles d\u2019esbarzer, per\u00f2 vam voler comprovar si menjaven altres tipus fulles. Aix\u00ed que vam decidir a anar al bosquet a buscar diferents tipus de fulles per comprovar quines els agradaven m\u00e9s.\u00a0<\/span><\/p>\n<p><span style=\"font-weight: 400\"> <img loading=\"lazy\" decoding=\"async\" class=\"alignleft wp-image-11244 \" src=\"https:\/\/agora.xtec.cat\/ceiprieraderibes\/wp-content\/uploads\/usu901\/2021\/01\/IMG_20201201_113907-1-300x225.jpg\" alt=\"\" width=\"345\" height=\"259\" srcset=\"https:\/\/agora.xtec.cat\/ceiprieraderibes\/wp-content\/uploads\/usu901\/2021\/01\/IMG_20201201_113907-1-300x225.jpg 300w, https:\/\/agora.xtec.cat\/ceiprieraderibes\/wp-content\/uploads\/usu901\/2021\/01\/IMG_20201201_113907-1-768x576.jpg 768w, https:\/\/agora.xtec.cat\/ceiprieraderibes\/wp-content\/uploads\/usu901\/2021\/01\/IMG_20201201_113907-1-1024x768.jpg 1024w, https:\/\/agora.xtec.cat\/ceiprieraderibes\/wp-content\/uploads\/usu901\/2021\/01\/IMG_20201201_113907-1-200x150.jpg 200w\" sizes=\"auto, (max-width: 345px) 100vw, 345px\" \/><\/span><img loading=\"lazy\" decoding=\"async\" class=\"wp-image-11243  aligncenter\" src=\"https:\/\/agora.xtec.cat\/ceiprieraderibes\/wp-content\/uploads\/usu901\/2021\/01\/IMG_20201201_113022-1-1-300x225.jpg\" alt=\"\" width=\"368\" height=\"276\" srcset=\"https:\/\/agora.xtec.cat\/ceiprieraderibes\/wp-content\/uploads\/usu901\/2021\/01\/IMG_20201201_113022-1-1-300x225.jpg 300w, https:\/\/agora.xtec.cat\/ceiprieraderibes\/wp-content\/uploads\/usu901\/2021\/01\/IMG_20201201_113022-1-1-768x576.jpg 768w, https:\/\/agora.xtec.cat\/ceiprieraderibes\/wp-content\/uploads\/usu901\/2021\/01\/IMG_20201201_113022-1-1-1024x768.jpg 1024w, https:\/\/agora.xtec.cat\/ceiprieraderibes\/wp-content\/uploads\/usu901\/2021\/01\/IMG_20201201_113022-1-1-200x150.jpg 200w, https:\/\/agora.xtec.cat\/ceiprieraderibes\/wp-content\/uploads\/usu901\/2021\/01\/IMG_20201201_113022-1-1.jpg 1152w\" sizes=\"auto, (max-width: 368px) 100vw, 368px\" \/><\/p>\n<p>&nbsp;<\/p>\n<p><span style=\"font-weight: 400\">Vam trobar moltes de diferents i vam buscar com es deien. Ten\u00edem fulles de garrofer, d\u2019olivera, de garric, de llentiscle, d\u2019heura i d\u2019esbarzers.\u00a0<\/span><\/p>\n<p><img loading=\"lazy\" decoding=\"async\" class=\"aligncenter size-large wp-image-11237\" src=\"https:\/\/agora.xtec.cat\/ceiprieraderibes\/wp-content\/uploads\/usu901\/2021\/01\/IMG_20201209_103449-1-1024x768.jpg\" alt=\"\" width=\"1024\" height=\"768\" srcset=\"https:\/\/agora.xtec.cat\/ceiprieraderibes\/wp-content\/uploads\/usu901\/2021\/01\/IMG_20201209_103449-1-1024x768.jpg 1024w, https:\/\/agora.xtec.cat\/ceiprieraderibes\/wp-content\/uploads\/usu901\/2021\/01\/IMG_20201209_103449-1-300x225.jpg 300w, https:\/\/agora.xtec.cat\/ceiprieraderibes\/wp-content\/uploads\/usu901\/2021\/01\/IMG_20201209_103449-1-768x576.jpg 768w, https:\/\/agora.xtec.cat\/ceiprieraderibes\/wp-content\/uploads\/usu901\/2021\/01\/IMG_20201209_103449-1-200x150.jpg 200w\" sizes=\"auto, (max-width: 1024px) 100vw, 1024px\" \/><\/p>\n<p><span style=\"font-weight: 400\">Per comprovar quines els agradaven m\u00e9s, vam decidir posar-les a dins del terrari durant el pont de desembre. I al tornar ens vam endur una sorpresa! Les fulles que estaven m\u00e9s rosegades eren les d\u2019esbarzers, per\u00f2 algunes altres tamb\u00e9 ho estaven una mica. Vam decidir fer un gr\u00e0fic per representar quines fulles estaven m\u00e9s mossegades:<\/span><\/p>\n<p><img loading=\"lazy\" decoding=\"async\" class=\"alignleft wp-image-11242 \" src=\"https:\/\/agora.xtec.cat\/ceiprieraderibes\/wp-content\/uploads\/usu901\/2021\/01\/Comparteix-1-1-300x139.jpg\" alt=\"\" width=\"407\" height=\"188\" srcset=\"https:\/\/agora.xtec.cat\/ceiprieraderibes\/wp-content\/uploads\/usu901\/2021\/01\/Comparteix-1-1-300x139.jpg 300w, https:\/\/agora.xtec.cat\/ceiprieraderibes\/wp-content\/uploads\/usu901\/2021\/01\/Comparteix-1-1-768x355.jpg 768w, https:\/\/agora.xtec.cat\/ceiprieraderibes\/wp-content\/uploads\/usu901\/2021\/01\/Comparteix-1-1-1024x473.jpg 1024w, https:\/\/agora.xtec.cat\/ceiprieraderibes\/wp-content\/uploads\/usu901\/2021\/01\/Comparteix-1-1.jpg 1600w\" sizes=\"auto, (max-width: 407px) 100vw, 407px\" \/><\/p>\n<p><span style=\"font-weight: 400\"><img loading=\"lazy\" decoding=\"async\" class=\"wp-image-11238  aligncenter\" src=\"https:\/\/agora.xtec.cat\/ceiprieraderibes\/wp-content\/uploads\/usu901\/2021\/01\/IMG_20201209_103138-1-300x225.jpg\" alt=\"\" width=\"316\" height=\"237\" srcset=\"https:\/\/agora.xtec.cat\/ceiprieraderibes\/wp-content\/uploads\/usu901\/2021\/01\/IMG_20201209_103138-1-300x225.jpg 300w, https:\/\/agora.xtec.cat\/ceiprieraderibes\/wp-content\/uploads\/usu901\/2021\/01\/IMG_20201209_103138-1-768x576.jpg 768w, https:\/\/agora.xtec.cat\/ceiprieraderibes\/wp-content\/uploads\/usu901\/2021\/01\/IMG_20201209_103138-1-1024x768.jpg 1024w, https:\/\/agora.xtec.cat\/ceiprieraderibes\/wp-content\/uploads\/usu901\/2021\/01\/IMG_20201209_103138-1-200x150.jpg 200w\" sizes=\"auto, (max-width: 316px) 100vw, 316px\" \/><\/span><\/p>\n<p><span style=\"font-weight: 400\">Tamb\u00e9 vam trobar uns palets allargats a dins del terrari que no sab\u00edem qu\u00e8 eren. Qu\u00e8 podia ser?\u00a0<\/span><\/p>\n<p><img loading=\"lazy\" decoding=\"async\" class=\"alignleft wp-image-11245 \" src=\"https:\/\/agora.xtec.cat\/ceiprieraderibes\/wp-content\/uploads\/usu901\/2021\/01\/IMG_20201201_103325-1-300x225.jpg\" alt=\"\" width=\"344\" height=\"258\" srcset=\"https:\/\/agora.xtec.cat\/ceiprieraderibes\/wp-content\/uploads\/usu901\/2021\/01\/IMG_20201201_103325-1-300x225.jpg 300w, https:\/\/agora.xtec.cat\/ceiprieraderibes\/wp-content\/uploads\/usu901\/2021\/01\/IMG_20201201_103325-1-768x576.jpg 768w, https:\/\/agora.xtec.cat\/ceiprieraderibes\/wp-content\/uploads\/usu901\/2021\/01\/IMG_20201201_103325-1-1024x768.jpg 1024w, https:\/\/agora.xtec.cat\/ceiprieraderibes\/wp-content\/uploads\/usu901\/2021\/01\/IMG_20201201_103325-1-200x150.jpg 200w\" sizes=\"auto, (max-width: 344px) 100vw, 344px\" \/><\/p>\n<p><img loading=\"lazy\" decoding=\"async\" class=\"wp-image-11236  aligncenter\" src=\"https:\/\/agora.xtec.cat\/ceiprieraderibes\/wp-content\/uploads\/usu901\/2021\/01\/Comparteix-3-e1611750989236-300x256.jpg\" alt=\"\" width=\"313\" height=\"267\" srcset=\"https:\/\/agora.xtec.cat\/ceiprieraderibes\/wp-content\/uploads\/usu901\/2021\/01\/Comparteix-3-e1611750989236-300x256.jpg 300w, https:\/\/agora.xtec.cat\/ceiprieraderibes\/wp-content\/uploads\/usu901\/2021\/01\/Comparteix-3-e1611750989236-768x655.jpg 768w, https:\/\/agora.xtec.cat\/ceiprieraderibes\/wp-content\/uploads\/usu901\/2021\/01\/Comparteix-3-e1611750989236-1024x873.jpg 1024w, https:\/\/agora.xtec.cat\/ceiprieraderibes\/wp-content\/uploads\/usu901\/2021\/01\/Comparteix-3-e1611750989236.jpg 1728w\" sizes=\"auto, (max-width: 313px) 100vw, 313px\" \/><\/p>\n<p><span style=\"font-weight: 400\">Vam observar-los amb la lupa binocular i vam fer les nostres hip\u00f2tesis.\u00a0<\/span><\/p>\n<p><img loading=\"lazy\" decoding=\"async\" class=\"wp-image-11240  aligncenter\" src=\"https:\/\/agora.xtec.cat\/ceiprieraderibes\/wp-content\/uploads\/usu901\/2021\/01\/IMG_20201202_120812-1-e1611751113935-225x300.jpg\" alt=\"\" width=\"186\" height=\"248\" srcset=\"https:\/\/agora.xtec.cat\/ceiprieraderibes\/wp-content\/uploads\/usu901\/2021\/01\/IMG_20201202_120812-1-e1611751113935-225x300.jpg 225w, https:\/\/agora.xtec.cat\/ceiprieraderibes\/wp-content\/uploads\/usu901\/2021\/01\/IMG_20201202_120812-1-e1611751113935-768x1024.jpg 768w, https:\/\/agora.xtec.cat\/ceiprieraderibes\/wp-content\/uploads\/usu901\/2021\/01\/IMG_20201202_120812-1-e1611751113935.jpg 1728w\" sizes=\"auto, (max-width: 186px) 100vw, 186px\" \/><\/p>\n<p><img loading=\"lazy\" decoding=\"async\" class=\"aligncenter wp-image-11246 size-large\" src=\"https:\/\/agora.xtec.cat\/ceiprieraderibes\/wp-content\/uploads\/usu901\/2021\/01\/IMG_20201201_103316-2-1-1024x768.jpg\" alt=\"\" width=\"1024\" height=\"768\" srcset=\"https:\/\/agora.xtec.cat\/ceiprieraderibes\/wp-content\/uploads\/usu901\/2021\/01\/IMG_20201201_103316-2-1-1024x768.jpg 1024w, https:\/\/agora.xtec.cat\/ceiprieraderibes\/wp-content\/uploads\/usu901\/2021\/01\/IMG_20201201_103316-2-1-300x225.jpg 300w, https:\/\/agora.xtec.cat\/ceiprieraderibes\/wp-content\/uploads\/usu901\/2021\/01\/IMG_20201201_103316-2-1-768x576.jpg 768w, https:\/\/agora.xtec.cat\/ceiprieraderibes\/wp-content\/uploads\/usu901\/2021\/01\/IMG_20201201_103316-2-1-200x150.jpg 200w\" sizes=\"auto, (max-width: 1024px) 100vw, 1024px\" \/><\/p>\n<p>&nbsp;<\/p>\n<p><span style=\"font-weight: 400\">Vam tenir moltes idees: \u201cbranques, fulles, pals, cabells curts, terra, pells que s\u2019han rascat, cucs, punxes, beb\u00e8s insecte pal, pals amb antenes\u2026\u201d. Per\u00f2 al final se\u2019ns va acudir que potser podia ser caca: \u201cCrec que \u00e9s caca perqu\u00e8 els insectes pal s\u00f3n finets, per aix\u00f2 la caca ha de ser fineta\u201d.\u00a0<\/span><\/p>\n<p><span style=\"font-weight: 400\">Aix\u00ed que ens vam voler imaginar quin cam\u00ed podia fer la fulla des de que entrava a la boca de l\u2019insecte pal fins que sortia pel cul en forma de caca.\u00a0<\/span><\/p>\n<p><img loading=\"lazy\" decoding=\"async\" class=\"aligncenter wp-image-11239 size-large\" src=\"https:\/\/agora.xtec.cat\/ceiprieraderibes\/wp-content\/uploads\/usu901\/2021\/01\/IMG_20201202_120833-1-1024x768.jpg\" alt=\"\" width=\"1024\" height=\"768\" srcset=\"https:\/\/agora.xtec.cat\/ceiprieraderibes\/wp-content\/uploads\/usu901\/2021\/01\/IMG_20201202_120833-1-1024x768.jpg 1024w, https:\/\/agora.xtec.cat\/ceiprieraderibes\/wp-content\/uploads\/usu901\/2021\/01\/IMG_20201202_120833-1-300x225.jpg 300w, https:\/\/agora.xtec.cat\/ceiprieraderibes\/wp-content\/uploads\/usu901\/2021\/01\/IMG_20201202_120833-1-768x576.jpg 768w, https:\/\/agora.xtec.cat\/ceiprieraderibes\/wp-content\/uploads\/usu901\/2021\/01\/IMG_20201202_120833-1-200x150.jpg 200w\" sizes=\"auto, (max-width: 1024px) 100vw, 1024px\" \/><\/p>\n<p><span style=\"font-weight: 400\">Finalment, vam comparar les nostres hip\u00f2tesis amb l\u2019aparell digestiu d\u2019un saltamart\u00ed i el dels humans i aix\u00ed vam acabar de dibuixar entre tots com cr\u00e8iem que podria ser l\u2019aparell digestiu d\u2019un insecte pal:<\/span><\/p>\n<p><img loading=\"lazy\" decoding=\"async\" class=\"aligncenter size-large wp-image-11235\" src=\"https:\/\/agora.xtec.cat\/ceiprieraderibes\/wp-content\/uploads\/usu901\/2021\/01\/Comparteix-2-1-1024x473.jpg\" alt=\"\" width=\"1024\" height=\"473\" srcset=\"https:\/\/agora.xtec.cat\/ceiprieraderibes\/wp-content\/uploads\/usu901\/2021\/01\/Comparteix-2-1-1024x473.jpg 1024w, https:\/\/agora.xtec.cat\/ceiprieraderibes\/wp-content\/uploads\/usu901\/2021\/01\/Comparteix-2-1-300x139.jpg 300w, https:\/\/agora.xtec.cat\/ceiprieraderibes\/wp-content\/uploads\/usu901\/2021\/01\/Comparteix-2-1-768x355.jpg 768w, https:\/\/agora.xtec.cat\/ceiprieraderibes\/wp-content\/uploads\/usu901\/2021\/01\/Comparteix-2-1.jpg 1600w\" sizes=\"auto, (max-width: 1024px) 100vw, 1024px\" \/><\/p>\n","protected":false},"excerpt":{"rendered":"<p>La classe de la Merc\u00e8 tenien insectes pal i durant unes setmanes ens els van deixar per tenir-ne cura i observar-los.<\/p>\n<p>De seguida ens van sorgit un munt de preguntes interessants, per\u00f2 una de les m\u00e9s importants per poder cuidar-los va ser: \u201cqu\u00e8 mengen?\u201d\u00a0<br \/>\nLa Maria creia&hellip;  <a href=\"https:\/\/agora.xtec.cat\/ceiprieraderibes\/general\/tenim-insectes-pal-a-la-classe\/\" title=\"Read TENIM INSECTES PAL A LA CLASSE!\">Llegeix m\u00e9s\u00bb<\/a><\/p>\n","protected":false},"author":357,"featured_media":11245,"comment_status":"open","ping_status":"closed","sticky":false,"template":"","format":"standard","meta":{"_bbp_topic_count":0,"_bbp_reply_count":0,"_bbp_total_topic_count":0,"_bbp_total_reply_count":0,"_bbp_voice_count":0,"_bbp_anonymous_reply_count":0,"_bbp_topic_count_hidden":0,"_bbp_reply_count_hidden":0,"_bbp_forum_subforum_count":0,"footnotes":""},"categories":[196,201,228,1,4],"tags":[],"class_list":["post-11232","post","type-post","status-publish","format-standard","has-post-thumbnail","hentry","category-generacio-2015","category-generacio-2016","category-generacio-2017","category-general","category-portada"],"post_mailing_queue_ids":[],"_links":{"self":[{"href":"https:\/\/agora.xtec.cat\/ceiprieraderibes\/wp-json\/wp\/v2\/posts\/11232","targetHints":{"allow":["GET"]}}],"collection":[{"href":"https:\/\/agora.xtec.cat\/ceiprieraderibes\/wp-json\/wp\/v2\/posts"}],"about":[{"href":"https:\/\/agora.xtec.cat\/ceiprieraderibes\/wp-json\/wp\/v2\/types\/post"}],"author":[{"embeddable":true,"href":"https:\/\/agora.xtec.cat\/ceiprieraderibes\/wp-json\/wp\/v2\/users\/357"}],"replies":[{"embeddable":true,"href":"https:\/\/agora.xtec.cat\/ceiprieraderibes\/wp-json\/wp\/v2\/comments?post=11232"}],"version-history":[{"count":3,"href":"https:\/\/agora.xtec.cat\/ceiprieraderibes\/wp-json\/wp\/v2\/posts\/11232\/revisions"}],"predecessor-version":[{"id":11249,"href":"https:\/\/agora.xtec.cat\/ceiprieraderibes\/wp-json\/wp\/v2\/posts\/11232\/revisions\/11249"}],"wp:featuredmedia":[{"embeddable":true,"href":"https:\/\/agora.xtec.cat\/ceiprieraderibes\/wp-json\/wp\/v2\/media\/11245"}],"wp:attachment":[{"href":"https:\/\/agora.xtec.cat\/ceiprieraderibes\/wp-json\/wp\/v2\/media?parent=11232"}],"wp:term":[{"taxonomy":"category","embeddable":true,"href":"https:\/\/agora.xtec.cat\/ceiprieraderibes\/wp-json\/wp\/v2\/categories?post=11232"},{"taxonomy":"post_tag","embeddable":true,"href":"https:\/\/agora.xtec.cat\/ceiprieraderibes\/wp-json\/wp\/v2\/tags?post=11232"}],"curies":[{"name":"wp","href":"https:\/\/api.w.org\/{rel}","templated":true}]}}