{"id":11220,"date":"2021-01-23T18:34:56","date_gmt":"2021-01-23T17:34:56","guid":{"rendered":"http:\/\/agora.xtec.cat\/ceiprieraderibes\/?p=11220"},"modified":"2021-01-23T18:34:56","modified_gmt":"2021-01-23T17:34:56","slug":"regal-de-calendari-dadvent-5e","status":"publish","type":"post","link":"https:\/\/agora.xtec.cat\/ceiprieraderibes\/portada\/regal-de-calendari-dadvent-5e\/","title":{"rendered":"Regal de calendari d&#8217;Advent- 5\u00e8"},"content":{"rendered":"<p style=\"text-align: justify;\"><span style=\"font-weight: 400;\">En aquest text us explicarem els passos que vam fer per crear el nostre regal del calendari d\u2019advent.\u00a0<\/span><\/p>\n<p style=\"text-align: justify;\"><span style=\"font-weight: 400;\">Ens havia tocat fer un regal per una classe d\u2019infantil, per\u00f2 com no pod\u00edem anar a explorar el que estaven treballant, els mestres van parlar. Aix\u00ed vam saber que el grup de P-4 a qui li hav\u00edem de fer el regal estava investigant si les bombolles sempre s\u00f3n rodones o poden tenir diferents formes. A m\u00e9s a m\u00e9s estaven fent el conte dels 3 porquets.\u00a0<\/span><\/p>\n<p style=\"text-align: justify;\"><span style=\"font-weight: 400;\">Vam decidir canviar el conte dels 3 porquets i adaptar-lo per aquesta classe. Vam decidir canviar el final. El conte que ens va resultar el vam repartir en tantes parts com alumnes i cadascun havia d\u2019escriure en un paper el text que tenia en lletra de pal, fer un dibuix representant aquest tros de la lectura i gravar la veu llegint aquesta part.\u00a0<\/span><\/p>\n<p style=\"text-align: justify;\"><span style=\"font-weight: 400;\">Vam fer un llibre amb els dibuixos i els textos que hav\u00edem preparat i ajuntant la gravaci\u00f3 i les imatges a l\u2019ordinador ens va donar com a resultat el v\u00eddeo que podeu veure aqu\u00ed.\u00a0<\/span><\/p>\n<p style=\"text-align: justify;\"><span style=\"font-weight: 400;\">Amb escurapipes vam fer bufadors de bombolles amb diferents formes i mides perqu\u00e8 puguin explorar a fer diferents bombolles.\u00a0<\/span><\/p>\n<p style=\"text-align: justify;\"><span style=\"font-weight: 400;\">Per poder donar el regal van haver de seguir un petit joc de pistes. Finalment ens vam trobar tots al bosquet, a on vam donar-los el conte i els escurapipes. Vam poder experimentar de fer bombolles a veure si sortien amb diferents formes.\u00a0<\/span><\/p>\n<p><img loading=\"lazy\" decoding=\"async\" class=\"wp-image-11221 size-medium aligncenter\" src=\"https:\/\/agora.xtec.cat\/ceiprieraderibes\/wp-content\/uploads\/usu901\/2021\/01\/regal-advent-268x300.jpg\" alt=\"\" width=\"268\" height=\"300\" srcset=\"https:\/\/agora.xtec.cat\/ceiprieraderibes\/wp-content\/uploads\/usu901\/2021\/01\/regal-advent-268x300.jpg 268w, https:\/\/agora.xtec.cat\/ceiprieraderibes\/wp-content\/uploads\/usu901\/2021\/01\/regal-advent-768x860.jpg 768w, https:\/\/agora.xtec.cat\/ceiprieraderibes\/wp-content\/uploads\/usu901\/2021\/01\/regal-advent-915x1024.jpg 915w\" sizes=\"auto, (max-width: 268px) 100vw, 268px\" \/><\/p>\n<p>Un compartim el v\u00eddeo del conte:<\/p>\n<p><a href=\"https:\/\/drive.google.com\/file\/d\/1p9tsVFuum1c2_V87-n3HTjeuKrKGs-1i\/view?usp=sharing\" target=\"_blank\" rel=\"noopener noreferrer\">ELS TRES PORQUETS<\/a><\/p>\n<p>&nbsp;<\/p>\n","protected":false},"excerpt":{"rendered":"<p>En aquest text us explicarem els passos que vam fer per crear el nostre regal del calendari d\u2019advent.\u00a0<br \/>\nEns havia tocat fer un regal per una classe d\u2019infantil, per\u00f2 com no pod\u00edem anar a explorar el que estaven treballant, els mestres van parlar. Aix\u00ed vam saber&hellip;  <a href=\"https:\/\/agora.xtec.cat\/ceiprieraderibes\/portada\/regal-de-calendari-dadvent-5e\/\" title=\"Read Regal de calendari d&#8217;Advent- 5\u00e8\">Llegeix m\u00e9s\u00bb<\/a><\/p>\n","protected":false},"author":175,"featured_media":11223,"comment_status":"open","ping_status":"closed","sticky":false,"template":"","format":"standard","meta":{"_bbp_topic_count":0,"_bbp_reply_count":0,"_bbp_total_topic_count":0,"_bbp_total_reply_count":0,"_bbp_voice_count":0,"_bbp_anonymous_reply_count":0,"_bbp_topic_count_hidden":0,"_bbp_reply_count_hidden":0,"_bbp_forum_subforum_count":0,"footnotes":""},"categories":[49,4],"tags":[],"class_list":["post-11220","post","type-post","status-publish","format-standard","has-post-thumbnail","hentry","category-generacio-2010","category-portada"],"post_mailing_queue_ids":[],"_links":{"self":[{"href":"https:\/\/agora.xtec.cat\/ceiprieraderibes\/wp-json\/wp\/v2\/posts\/11220","targetHints":{"allow":["GET"]}}],"collection":[{"href":"https:\/\/agora.xtec.cat\/ceiprieraderibes\/wp-json\/wp\/v2\/posts"}],"about":[{"href":"https:\/\/agora.xtec.cat\/ceiprieraderibes\/wp-json\/wp\/v2\/types\/post"}],"author":[{"embeddable":true,"href":"https:\/\/agora.xtec.cat\/ceiprieraderibes\/wp-json\/wp\/v2\/users\/175"}],"replies":[{"embeddable":true,"href":"https:\/\/agora.xtec.cat\/ceiprieraderibes\/wp-json\/wp\/v2\/comments?post=11220"}],"version-history":[{"count":1,"href":"https:\/\/agora.xtec.cat\/ceiprieraderibes\/wp-json\/wp\/v2\/posts\/11220\/revisions"}],"predecessor-version":[{"id":11222,"href":"https:\/\/agora.xtec.cat\/ceiprieraderibes\/wp-json\/wp\/v2\/posts\/11220\/revisions\/11222"}],"wp:featuredmedia":[{"embeddable":true,"href":"https:\/\/agora.xtec.cat\/ceiprieraderibes\/wp-json\/wp\/v2\/media\/11223"}],"wp:attachment":[{"href":"https:\/\/agora.xtec.cat\/ceiprieraderibes\/wp-json\/wp\/v2\/media?parent=11220"}],"wp:term":[{"taxonomy":"category","embeddable":true,"href":"https:\/\/agora.xtec.cat\/ceiprieraderibes\/wp-json\/wp\/v2\/categories?post=11220"},{"taxonomy":"post_tag","embeddable":true,"href":"https:\/\/agora.xtec.cat\/ceiprieraderibes\/wp-json\/wp\/v2\/tags?post=11220"}],"curies":[{"name":"wp","href":"https:\/\/api.w.org\/{rel}","templated":true}]}}