{"id":11192,"date":"2021-01-21T20:16:34","date_gmt":"2021-01-21T19:16:34","guid":{"rendered":"http:\/\/agora.xtec.cat\/ceiprieraderibes\/?p=11192"},"modified":"2021-01-21T20:16:34","modified_gmt":"2021-01-21T19:16:34","slug":"que-tindra-la-psico-que-agrada-tant","status":"publish","type":"post","link":"https:\/\/agora.xtec.cat\/ceiprieraderibes\/general\/que-tindra-la-psico-que-agrada-tant\/","title":{"rendered":"QU\u00c8 TINDR\u00c0 LA PSICO, QUE AGRADA TANT&#8230;?"},"content":{"rendered":"<p>A Infantil vam iniciar les sessions de psicomotricitat al novembre, i des del primer dia els nens i nenes de P3 es mostren molt entusiasmats davant aquesta nova oportunitat que els permet tantes possibilitats de moviment i expressi\u00f3. Quan toca psico, compten els dies que falta per la propera sessi\u00f3, i el dia de psico \u00e9s per ells i elles un dia carregat de valor\u2026 Davant d\u2019aquesta motivaci\u00f3 tan profunda, diverses fam\u00edlies us heu mostrat curioses per aquestes sessions, de forma que hem cregut apropiat dedicar aquesta publicaci\u00f3 al valor i les caracter\u00edstiques de les sessions de psicomotricitat a l\u2019escola.<\/p>\n<p><img loading=\"lazy\" decoding=\"async\" class=\"aligncenter size-large wp-image-11210\" src=\"https:\/\/agora.xtec.cat\/ceiprieraderibes\/wp-content\/uploads\/usu901\/2021\/01\/IMG-20201219-WA0016-1024x768.jpg\" alt=\"\" width=\"1024\" height=\"768\" srcset=\"https:\/\/agora.xtec.cat\/ceiprieraderibes\/wp-content\/uploads\/usu901\/2021\/01\/IMG-20201219-WA0016-1024x768.jpg 1024w, https:\/\/agora.xtec.cat\/ceiprieraderibes\/wp-content\/uploads\/usu901\/2021\/01\/IMG-20201219-WA0016-300x225.jpg 300w, https:\/\/agora.xtec.cat\/ceiprieraderibes\/wp-content\/uploads\/usu901\/2021\/01\/IMG-20201219-WA0016-768x576.jpg 768w, https:\/\/agora.xtec.cat\/ceiprieraderibes\/wp-content\/uploads\/usu901\/2021\/01\/IMG-20201219-WA0016-200x150.jpg 200w, https:\/\/agora.xtec.cat\/ceiprieraderibes\/wp-content\/uploads\/usu901\/2021\/01\/IMG-20201219-WA0016.jpg 1600w\" sizes=\"auto, (max-width: 1024px) 100vw, 1024px\" \/><\/p>\n<p>EL VALOR DE LA PSICOMOTRICITAT<br \/>\nLa psicomotricitat que es duu a terme a l\u2019escola segueix la l\u00ednia de treball de Bernard Aucouturier (pedagog franc\u00e8s, creador de la pr\u00e0ctica psicomotriu). Valorem molt aquesta disciplina ja que \u00e9s a trav\u00e9s del cos que els infants aprenen i desenvolupen les seves habilitats corporals, van estructurant el pensament, evolucionen en la gesti\u00f3 emocional i desenvolupen habilitats de relaci\u00f3 amb els altres i amb el seu entorn. Aix\u00ed, la pr\u00e0ctica psicomotriu afavoreix l\u2019autoestima, la viv\u00e8ncia i consci\u00e8ncia del propi cos i del plaer, la construcci\u00f3 de l\u2019esquema corporal, l\u2019afirmaci\u00f3 del propi jo i la construcci\u00f3 de la identitat, el coneixement i l\u2019acceptaci\u00f3 dels l\u00edmits, la relaci\u00f3 entre iguals i l\u2019autonomia.<br \/>\nEl paper del mestre \u00e9s acompanyar en el proc\u00e9s de creixement motriu, afectiu i cognitiu, intervenint i fent avan\u00e7ar les seves possibilitats, sent l\u2019objectiu fonamental oferir als infants situacions que els permetin viure emocionalment l\u2019espai, els objectes i la relaci\u00f3 amb els altres.<\/p>\n<p>L\u2019ESPAI I ELS MATERIALS<br \/>\nL\u2019espai on es duu a terme la sessi\u00f3 de Psicomotricitat \u00e9s el gimn\u00e0s; un espai de seguretat per als infants on s\u2019ofereixen diferents possibilitats motrius i cognitives que donen cabuda a les seves necessitats motrius i d\u2019expressi\u00f3. En aquest espai hi trobem, doncs, diferents zones:<br \/>\n-Zones amb materials per enfilar-se, saltar, fer equilibris, tirar-se, c\u00f3rrer, lliscar, arrossegar-se, etc.<br \/>\n-Zones per simbolitzar, jugar a \u201cfer de\u201d, interpretar situacions, persones i personatges i transformar la realitat.<br \/>\n-Materials per construir\/destruir, tirar\/recollir, desapar\u00e8ixer\/apar\u00e8ixer, etc.<br \/>\n-Material de representaci\u00f3 per poder agafar dist\u00e0ncia de les viv\u00e8ncies emocionals que ens ha portat la pr\u00e0ctica psicomotriu.<\/p>\n<p>ELS TEMPS DE LA SESSI\u00d3<br \/>\nDividim la sessi\u00f3 en:<\/p>\n<p>-Ritual d\u2019entrada: en el qual ens preparem tot traient-nos les sabates, posant-nos els mitjons antilliscants, recordant les normes i els l\u00edmits i prenent consci\u00e8ncia del nostre cos amb exercicis d\u2019estiraments: peus, cames, mans, bra\u00e7os, cap, coll, esquena, respiraci\u00f3\u2026<br \/>\n<img loading=\"lazy\" decoding=\"async\" class=\"aligncenter wp-image-11209 size-medium\" src=\"https:\/\/agora.xtec.cat\/ceiprieraderibes\/wp-content\/uploads\/usu901\/2021\/01\/IMG-20201219-WA0010-300x225.jpg\" alt=\"\" width=\"300\" height=\"225\" srcset=\"https:\/\/agora.xtec.cat\/ceiprieraderibes\/wp-content\/uploads\/usu901\/2021\/01\/IMG-20201219-WA0010-300x225.jpg 300w, https:\/\/agora.xtec.cat\/ceiprieraderibes\/wp-content\/uploads\/usu901\/2021\/01\/IMG-20201219-WA0010-768x576.jpg 768w, https:\/\/agora.xtec.cat\/ceiprieraderibes\/wp-content\/uploads\/usu901\/2021\/01\/IMG-20201219-WA0010-1024x768.jpg 1024w, https:\/\/agora.xtec.cat\/ceiprieraderibes\/wp-content\/uploads\/usu901\/2021\/01\/IMG-20201219-WA0010-200x150.jpg 200w, https:\/\/agora.xtec.cat\/ceiprieraderibes\/wp-content\/uploads\/usu901\/2021\/01\/IMG-20201219-WA0010.jpg 1600w\" sizes=\"auto, (max-width: 300px) 100vw, 300px\" \/><\/p>\n<p>-Sessi\u00f3 de desenvolupament: ens preparem per tirar la paret de coixins constru\u00efda per l\u2019adult. El moment pulsional augmenta i la tensi\u00f3 emocional tamb\u00e9. Seguidament, els infants es mouen i trien amb llibertat qu\u00e8 volen fer a la sala i amb els materials disponibles de diferents mides, utilitats i textures que donen la possibilitat de mobilitzar les sensacions, emocions i to amb poques imatges mentals, que poc a poc s\u2019aniran multiplicant. S\u00f3n jocs de seguretat i de desc\u00e0rrega, de destrucci\u00f3 i construcci\u00f3. Mica en mica, es va elaborant la imaginaci\u00f3 i comencen a endinsar-se en el joc simb\u00f2lic, on van transformant els objectes reals en objectes simb\u00f2lics (per exemple, fer servir un \u201cxurro\u201d com si fos un cavall). La sessi\u00f3 de desenvolupament acaba amb la recollida del material.<br \/>\n<img loading=\"lazy\" decoding=\"async\" class=\"alignleft wp-image-11205\" src=\"https:\/\/agora.xtec.cat\/ceiprieraderibes\/wp-content\/uploads\/usu901\/2021\/01\/1611166473695-300x225.jpg\" alt=\"\" width=\"328\" height=\"246\" srcset=\"https:\/\/agora.xtec.cat\/ceiprieraderibes\/wp-content\/uploads\/usu901\/2021\/01\/1611166473695-300x225.jpg 300w, https:\/\/agora.xtec.cat\/ceiprieraderibes\/wp-content\/uploads\/usu901\/2021\/01\/1611166473695-768x576.jpg 768w, https:\/\/agora.xtec.cat\/ceiprieraderibes\/wp-content\/uploads\/usu901\/2021\/01\/1611166473695-1024x768.jpg 1024w, https:\/\/agora.xtec.cat\/ceiprieraderibes\/wp-content\/uploads\/usu901\/2021\/01\/1611166473695-200x150.jpg 200w, https:\/\/agora.xtec.cat\/ceiprieraderibes\/wp-content\/uploads\/usu901\/2021\/01\/1611166473695.jpg 1600w\" sizes=\"auto, (max-width: 328px) 100vw, 328px\" \/><\/p>\n<p><img loading=\"lazy\" decoding=\"async\" class=\"alignright wp-image-11206\" src=\"https:\/\/agora.xtec.cat\/ceiprieraderibes\/wp-content\/uploads\/usu901\/2021\/01\/1611166473678-300x225.jpg\" alt=\"\" width=\"293\" height=\"220\" srcset=\"https:\/\/agora.xtec.cat\/ceiprieraderibes\/wp-content\/uploads\/usu901\/2021\/01\/1611166473678-300x225.jpg 300w, https:\/\/agora.xtec.cat\/ceiprieraderibes\/wp-content\/uploads\/usu901\/2021\/01\/1611166473678-768x576.jpg 768w, https:\/\/agora.xtec.cat\/ceiprieraderibes\/wp-content\/uploads\/usu901\/2021\/01\/1611166473678-1024x768.jpg 1024w, https:\/\/agora.xtec.cat\/ceiprieraderibes\/wp-content\/uploads\/usu901\/2021\/01\/1611166473678-200x150.jpg 200w, https:\/\/agora.xtec.cat\/ceiprieraderibes\/wp-content\/uploads\/usu901\/2021\/01\/1611166473678.jpg 1600w\" sizes=\"auto, (max-width: 293px) 100vw, 293px\" \/><\/p>\n<p>&nbsp;<\/p>\n<p>&nbsp;<\/p>\n<p>&nbsp;<\/p>\n<p>&nbsp;<\/p>\n<p>&nbsp;<\/p>\n<p><img loading=\"lazy\" decoding=\"async\" class=\"aligncenter size-large wp-image-11195\" src=\"https:\/\/agora.xtec.cat\/ceiprieraderibes\/wp-content\/uploads\/usu901\/2021\/01\/imatge-3-724x1024.jpg\" alt=\"\" width=\"724\" height=\"1024\" srcset=\"https:\/\/agora.xtec.cat\/ceiprieraderibes\/wp-content\/uploads\/usu901\/2021\/01\/imatge-3-724x1024.jpg 724w, https:\/\/agora.xtec.cat\/ceiprieraderibes\/wp-content\/uploads\/usu901\/2021\/01\/imatge-3-212x300.jpg 212w, https:\/\/agora.xtec.cat\/ceiprieraderibes\/wp-content\/uploads\/usu901\/2021\/01\/imatge-3-768x1086.jpg 768w, https:\/\/agora.xtec.cat\/ceiprieraderibes\/wp-content\/uploads\/usu901\/2021\/01\/imatge-3.jpg 793w\" sizes=\"auto, (max-width: 724px) 100vw, 724px\" \/><\/p>\n<ul>\n<li style=\"font-weight: 400\"><b>Ritual de representaci\u00f3:<\/b><span style=\"font-weight: 400\"> t\u00e9 lloc a un espai en concret, quan hem acabat d\u2019endre\u00e7ar la sala. En aquest moment convidem els infants a representar les experi\u00e8ncies viscudes durant la sessi\u00f3. D\u2019aquesta manera, els nens i nenes passen del \u201cplaer de fer, al plaer de pensar\u201d i poden distanciar-se de l\u2019acci\u00f3 i de les emocions viscudes en els moments anteriors. Depenent de la intenci\u00f3 de la mestra i de la situaci\u00f3, es poden proposar diferents activitats individuals, en petit o en gran grup:\u00a0 jocs de construcci\u00f3 amb fustes, dibuix, plastilina, llegir un conte o cantar una can\u00e7\u00f3.<\/span><\/li>\n<\/ul>\n<p><img loading=\"lazy\" decoding=\"async\" class=\"aligncenter wp-image-11217\" src=\"https:\/\/agora.xtec.cat\/ceiprieraderibes\/wp-content\/uploads\/usu901\/2021\/01\/Presentaci\u00f3n-sin-t\u00edtulo-1-724x1024.jpg\" alt=\"\" width=\"650\" height=\"919\" \/><\/p>\n<ul>\n<li><b>Ritual de sortida:<\/b><span style=\"font-weight: 400\"> en el qual recollim el material, ens traiem els mitjons antilliscants, ens posem les sabates i donem per acabada la sessi\u00f3.<\/span><\/li>\n<\/ul>\n","protected":false},"excerpt":{"rendered":"<p>A Infantil vam iniciar les sessions de psicomotricitat al novembre, i des del primer dia els nens i nenes de P3 es mostren molt entusiasmats davant aquesta nova oportunitat que els permet tantes possibilitats de moviment i expressi\u00f3. Quan toca psico, compten els dies que&hellip;  <a href=\"https:\/\/agora.xtec.cat\/ceiprieraderibes\/general\/que-tindra-la-psico-que-agrada-tant\/\" title=\"Read QU\u00c8 TINDR\u00c0 LA PSICO, QUE AGRADA TANT&#8230;?\">Llegeix m\u00e9s\u00bb<\/a><\/p>\n","protected":false},"author":357,"featured_media":11210,"comment_status":"open","ping_status":"closed","sticky":false,"template":"","format":"standard","meta":{"_bbp_topic_count":0,"_bbp_reply_count":0,"_bbp_total_topic_count":0,"_bbp_total_reply_count":0,"_bbp_voice_count":0,"_bbp_anonymous_reply_count":0,"_bbp_topic_count_hidden":0,"_bbp_reply_count_hidden":0,"_bbp_forum_subforum_count":0,"footnotes":""},"categories":[196,201,228,1,4],"tags":[],"class_list":["post-11192","post","type-post","status-publish","format-standard","has-post-thumbnail","hentry","category-generacio-2015","category-generacio-2016","category-generacio-2017","category-general","category-portada"],"post_mailing_queue_ids":[],"_links":{"self":[{"href":"https:\/\/agora.xtec.cat\/ceiprieraderibes\/wp-json\/wp\/v2\/posts\/11192","targetHints":{"allow":["GET"]}}],"collection":[{"href":"https:\/\/agora.xtec.cat\/ceiprieraderibes\/wp-json\/wp\/v2\/posts"}],"about":[{"href":"https:\/\/agora.xtec.cat\/ceiprieraderibes\/wp-json\/wp\/v2\/types\/post"}],"author":[{"embeddable":true,"href":"https:\/\/agora.xtec.cat\/ceiprieraderibes\/wp-json\/wp\/v2\/users\/357"}],"replies":[{"embeddable":true,"href":"https:\/\/agora.xtec.cat\/ceiprieraderibes\/wp-json\/wp\/v2\/comments?post=11192"}],"version-history":[{"count":3,"href":"https:\/\/agora.xtec.cat\/ceiprieraderibes\/wp-json\/wp\/v2\/posts\/11192\/revisions"}],"predecessor-version":[{"id":11219,"href":"https:\/\/agora.xtec.cat\/ceiprieraderibes\/wp-json\/wp\/v2\/posts\/11192\/revisions\/11219"}],"wp:featuredmedia":[{"embeddable":true,"href":"https:\/\/agora.xtec.cat\/ceiprieraderibes\/wp-json\/wp\/v2\/media\/11210"}],"wp:attachment":[{"href":"https:\/\/agora.xtec.cat\/ceiprieraderibes\/wp-json\/wp\/v2\/media?parent=11192"}],"wp:term":[{"taxonomy":"category","embeddable":true,"href":"https:\/\/agora.xtec.cat\/ceiprieraderibes\/wp-json\/wp\/v2\/categories?post=11192"},{"taxonomy":"post_tag","embeddable":true,"href":"https:\/\/agora.xtec.cat\/ceiprieraderibes\/wp-json\/wp\/v2\/tags?post=11192"}],"curies":[{"name":"wp","href":"https:\/\/api.w.org\/{rel}","templated":true}]}}