{"id":11185,"date":"2021-01-18T14:10:28","date_gmt":"2021-01-18T13:10:28","guid":{"rendered":"http:\/\/agora.xtec.cat\/ceiprieraderibes\/?p=11185"},"modified":"2021-01-18T14:10:28","modified_gmt":"2021-01-18T13:10:28","slug":"ens-preparem-per-la-vida-6e","status":"publish","type":"post","link":"https:\/\/agora.xtec.cat\/ceiprieraderibes\/portada\/ens-preparem-per-la-vida-6e\/","title":{"rendered":"Ens Preparem per la Vida?- 6\u00e8"},"content":{"rendered":"<p style=\"text-align: justify;\">Ja hem comen\u00e7at la 1\u00aa roda de preguntes tant esperada per tots i totes! Un cop acabat el \u201cgenerar i remoure\u201d, ens va tocar triar una bona pregunta per aprendre i investigar de valent. Si ja de per si ja \u00e9s complicada aquesta tria, aquest curs (degut als motius que ja sabem) ens ha tocat posar-nos d\u2019acord i triar amb consens amb el nostre grup bombolla. Tot i aix\u00ed, no ens ha sigut molt dif\u00edcil, ja que tothom tenia prou clar i va saber argumentar molt b\u00e9 el perqu\u00e8 ens agradaria fer la aquesta pregunta interessant: Ens preparem per la vida?<\/p>\n<p style=\"text-align: justify;\">Aquesta pregunta sorgeix de la xerrada amb la sex\u00f2loga \u00c9rica Santill\u00e1n.<\/p>\n<p style=\"text-align: justify;\">Dins d\u2019aquesta pregunta estem treballant temes com l\u2019educaci\u00f3 sexual, les nostres emocions, les relacions personals, les actituds i habilitats en societat, la salut sexual i la reproducci\u00f3, l\u2019adolesc\u00e8ncia i els canvis als nostre cos, la relaci\u00f3 entre les xarxes socials i la pornografia etc.<\/p>\n<p style=\"text-align: justify;\">Ja hem comen\u00e7at i ens estem donant compte de la import\u00e0ncia de tenir un bon coneixement sobre aquest temes i sobretot de que sempre, tinguem l\u2019edat que tinguem, ens hem de preparar per la vida.<\/p>\n","protected":false},"excerpt":{"rendered":"<p>Ja hem comen\u00e7at la 1\u00aa roda de preguntes tant esperada per tots i totes!&hellip;  <a href=\"https:\/\/agora.xtec.cat\/ceiprieraderibes\/portada\/ens-preparem-per-la-vida-6e\/\" title=\"Read Ens Preparem per la Vida?- 6\u00e8\">Llegeix m\u00e9s\u00bb<\/a><\/p>\n","protected":false},"author":175,"featured_media":11186,"comment_status":"open","ping_status":"closed","sticky":false,"template":"","format":"standard","meta":{"_bbp_topic_count":0,"_bbp_reply_count":0,"_bbp_total_topic_count":0,"_bbp_total_reply_count":0,"_bbp_voice_count":0,"_bbp_anonymous_reply_count":0,"_bbp_topic_count_hidden":0,"_bbp_reply_count_hidden":0,"_bbp_forum_subforum_count":0,"footnotes":""},"categories":[50,4],"tags":[],"class_list":["post-11185","post","type-post","status-publish","format-standard","has-post-thumbnail","hentry","category-generacio-2009","category-portada"],"post_mailing_queue_ids":[],"_links":{"self":[{"href":"https:\/\/agora.xtec.cat\/ceiprieraderibes\/wp-json\/wp\/v2\/posts\/11185","targetHints":{"allow":["GET"]}}],"collection":[{"href":"https:\/\/agora.xtec.cat\/ceiprieraderibes\/wp-json\/wp\/v2\/posts"}],"about":[{"href":"https:\/\/agora.xtec.cat\/ceiprieraderibes\/wp-json\/wp\/v2\/types\/post"}],"author":[{"embeddable":true,"href":"https:\/\/agora.xtec.cat\/ceiprieraderibes\/wp-json\/wp\/v2\/users\/175"}],"replies":[{"embeddable":true,"href":"https:\/\/agora.xtec.cat\/ceiprieraderibes\/wp-json\/wp\/v2\/comments?post=11185"}],"version-history":[{"count":3,"href":"https:\/\/agora.xtec.cat\/ceiprieraderibes\/wp-json\/wp\/v2\/posts\/11185\/revisions"}],"predecessor-version":[{"id":11191,"href":"https:\/\/agora.xtec.cat\/ceiprieraderibes\/wp-json\/wp\/v2\/posts\/11185\/revisions\/11191"}],"wp:featuredmedia":[{"embeddable":true,"href":"https:\/\/agora.xtec.cat\/ceiprieraderibes\/wp-json\/wp\/v2\/media\/11186"}],"wp:attachment":[{"href":"https:\/\/agora.xtec.cat\/ceiprieraderibes\/wp-json\/wp\/v2\/media?parent=11185"}],"wp:term":[{"taxonomy":"category","embeddable":true,"href":"https:\/\/agora.xtec.cat\/ceiprieraderibes\/wp-json\/wp\/v2\/categories?post=11185"},{"taxonomy":"post_tag","embeddable":true,"href":"https:\/\/agora.xtec.cat\/ceiprieraderibes\/wp-json\/wp\/v2\/tags?post=11185"}],"curies":[{"name":"wp","href":"https:\/\/api.w.org\/{rel}","templated":true}]}}