{"id":11151,"date":"2020-12-21T14:00:09","date_gmt":"2020-12-21T13:00:09","guid":{"rendered":"http:\/\/agora.xtec.cat\/ceiprieraderibes\/?p=11151"},"modified":"2020-12-21T17:19:35","modified_gmt":"2020-12-21T16:19:35","slug":"comencem-a-coneixer-les-nostres-emocions-editant","status":"publish","type":"post","link":"https:\/\/agora.xtec.cat\/ceiprieraderibes\/general\/comencem-a-coneixer-les-nostres-emocions-editant\/","title":{"rendered":"Comencem a con\u00e8ixer les nostres emocions"},"content":{"rendered":"<p>Durant aquests mesos a 2n hem estat parlant molt de les nostres emocions.<\/p>\n<p>Tot va sorgir a partir de llegir el conte &#8220;Benvingut, senyor Malestar&#8221; A partir d&#8217;aqu\u00ed, vam poder compartir les nostres idees, donar nom a algunes de les emocions que vivim cada dia: alegria, felicitat, tristesa, por, vergonya, gelosia, i un llarg etc\u00e8tera.<\/p>\n<p>Vam comen\u00e7ar tamb\u00e9 a con\u00e8ixer paraules noves com Malestar i Benestar, i cadasc\u00fa vam intentar ordenar les nostres emocions segons si ens fan sentir b\u00e9 o malament, i ens va sortir aix\u00f2:<\/p>\n<p><a href=\"https:\/\/agora.xtec.cat\/ceiprieraderibes\/wp-content\/uploads\/usu901\/2020\/12\/WhatsApp-Image-2020-12-21-at-16.52.521.jpeg\"><img loading=\"lazy\" decoding=\"async\" class=\"alignnone wp-image-11161 \" src=\"https:\/\/agora.xtec.cat\/ceiprieraderibes\/wp-content\/uploads\/usu901\/2020\/12\/WhatsApp-Image-2020-12-21-at-16.52.521-e1608566757475-1024x335.jpeg\" alt=\"\" width=\"581\" height=\"190\" srcset=\"https:\/\/agora.xtec.cat\/ceiprieraderibes\/wp-content\/uploads\/usu901\/2020\/12\/WhatsApp-Image-2020-12-21-at-16.52.521-e1608566757475-1024x335.jpeg 1024w, https:\/\/agora.xtec.cat\/ceiprieraderibes\/wp-content\/uploads\/usu901\/2020\/12\/WhatsApp-Image-2020-12-21-at-16.52.521-e1608566757475-300x98.jpeg 300w, https:\/\/agora.xtec.cat\/ceiprieraderibes\/wp-content\/uploads\/usu901\/2020\/12\/WhatsApp-Image-2020-12-21-at-16.52.521-e1608566757475-768x251.jpeg 768w, https:\/\/agora.xtec.cat\/ceiprieraderibes\/wp-content\/uploads\/usu901\/2020\/12\/WhatsApp-Image-2020-12-21-at-16.52.521-e1608566757475.jpeg 2048w\" sizes=\"auto, (max-width: 581px) 100vw, 581px\" \/><\/a><\/p>\n<p><a href=\"https:\/\/agora.xtec.cat\/ceiprieraderibes\/wp-content\/uploads\/usu901\/2020\/12\/WhatsApp-Image-2020-12-21-at-16.52.491.jpeg\"><img loading=\"lazy\" decoding=\"async\" class=\"alignnone wp-image-11159 \" src=\"https:\/\/agora.xtec.cat\/ceiprieraderibes\/wp-content\/uploads\/usu901\/2020\/12\/WhatsApp-Image-2020-12-21-at-16.52.491-e1608566811838-300x148.jpeg\" alt=\"\" width=\"393\" height=\"194\" srcset=\"https:\/\/agora.xtec.cat\/ceiprieraderibes\/wp-content\/uploads\/usu901\/2020\/12\/WhatsApp-Image-2020-12-21-at-16.52.491-e1608566811838-300x148.jpeg 300w, https:\/\/agora.xtec.cat\/ceiprieraderibes\/wp-content\/uploads\/usu901\/2020\/12\/WhatsApp-Image-2020-12-21-at-16.52.491-e1608566811838-768x378.jpeg 768w, https:\/\/agora.xtec.cat\/ceiprieraderibes\/wp-content\/uploads\/usu901\/2020\/12\/WhatsApp-Image-2020-12-21-at-16.52.491-e1608566811838-1024x504.jpeg 1024w, https:\/\/agora.xtec.cat\/ceiprieraderibes\/wp-content\/uploads\/usu901\/2020\/12\/WhatsApp-Image-2020-12-21-at-16.52.491-e1608566811838.jpeg 2048w\" sizes=\"auto, (max-width: 393px) 100vw, 393px\" \/><\/a> <a href=\"https:\/\/agora.xtec.cat\/ceiprieraderibes\/wp-content\/uploads\/usu901\/2020\/12\/WhatsApp-Image-2020-12-21-at-16.52.49.jpeg\"><img loading=\"lazy\" decoding=\"async\" class=\"alignnone wp-image-11160 \" src=\"https:\/\/agora.xtec.cat\/ceiprieraderibes\/wp-content\/uploads\/usu901\/2020\/12\/WhatsApp-Image-2020-12-21-at-16.52.49-e1608566783295-300x160.jpeg\" alt=\"\" width=\"366\" height=\"195\" srcset=\"https:\/\/agora.xtec.cat\/ceiprieraderibes\/wp-content\/uploads\/usu901\/2020\/12\/WhatsApp-Image-2020-12-21-at-16.52.49-e1608566783295-300x160.jpeg 300w, https:\/\/agora.xtec.cat\/ceiprieraderibes\/wp-content\/uploads\/usu901\/2020\/12\/WhatsApp-Image-2020-12-21-at-16.52.49-e1608566783295-768x409.jpeg 768w, https:\/\/agora.xtec.cat\/ceiprieraderibes\/wp-content\/uploads\/usu901\/2020\/12\/WhatsApp-Image-2020-12-21-at-16.52.49-e1608566783295-1024x545.jpeg 1024w, https:\/\/agora.xtec.cat\/ceiprieraderibes\/wp-content\/uploads\/usu901\/2020\/12\/WhatsApp-Image-2020-12-21-at-16.52.49-e1608566783295.jpeg 2048w\" sizes=\"auto, (max-width: 366px) 100vw, 366px\" \/><\/a><\/p>\n<p>Cada vegada ten\u00edem m\u00e9s curiositat i an\u00e0vem coneixent paraules noves per explicar com ens sentim:<\/p>\n<p><a href=\"https:\/\/agora.xtec.cat\/ceiprieraderibes\/wp-content\/uploads\/usu901\/2020\/12\/emocions.png\"><img loading=\"lazy\" decoding=\"async\" class=\"wp-image-11165 size-medium aligncenter\" src=\"https:\/\/agora.xtec.cat\/ceiprieraderibes\/wp-content\/uploads\/usu901\/2020\/12\/emocions-300x223.png\" alt=\"\" width=\"300\" height=\"223\" srcset=\"https:\/\/agora.xtec.cat\/ceiprieraderibes\/wp-content\/uploads\/usu901\/2020\/12\/emocions-300x223.png 300w, https:\/\/agora.xtec.cat\/ceiprieraderibes\/wp-content\/uploads\/usu901\/2020\/12\/emocions-200x150.png 200w, https:\/\/agora.xtec.cat\/ceiprieraderibes\/wp-content\/uploads\/usu901\/2020\/12\/emocions.png 496w\" sizes=\"auto, (max-width: 300px) 100vw, 300px\" \/><\/a><\/p>\n<p>I d&#8217;aquesta manera hem pogut anar explicant les coses que ens passaven amb noves paraules. Pensar com ens fan sentir els altres i com nosaltres fem sentir als nostres companys i companyes. Compartint amb els altres:<\/p>\n<p><a href=\"https:\/\/agora.xtec.cat\/ceiprieraderibes\/wp-content\/uploads\/usu901\/2020\/12\/WhatsApp-Image-2020-12-21-at-16.53.571.jpeg\"><img loading=\"lazy\" decoding=\"async\" class=\"wp-image-11166  aligncenter\" src=\"https:\/\/agora.xtec.cat\/ceiprieraderibes\/wp-content\/uploads\/usu901\/2020\/12\/WhatsApp-Image-2020-12-21-at-16.53.571-1024x768.jpeg\" alt=\"\" width=\"529\" height=\"397\" srcset=\"https:\/\/agora.xtec.cat\/ceiprieraderibes\/wp-content\/uploads\/usu901\/2020\/12\/WhatsApp-Image-2020-12-21-at-16.53.571-1024x768.jpeg 1024w, https:\/\/agora.xtec.cat\/ceiprieraderibes\/wp-content\/uploads\/usu901\/2020\/12\/WhatsApp-Image-2020-12-21-at-16.53.571-300x225.jpeg 300w, https:\/\/agora.xtec.cat\/ceiprieraderibes\/wp-content\/uploads\/usu901\/2020\/12\/WhatsApp-Image-2020-12-21-at-16.53.571-768x576.jpeg 768w, https:\/\/agora.xtec.cat\/ceiprieraderibes\/wp-content\/uploads\/usu901\/2020\/12\/WhatsApp-Image-2020-12-21-at-16.53.571-200x150.jpeg 200w, https:\/\/agora.xtec.cat\/ceiprieraderibes\/wp-content\/uploads\/usu901\/2020\/12\/WhatsApp-Image-2020-12-21-at-16.53.571.jpeg 1600w\" sizes=\"auto, (max-width: 529px) 100vw, 529px\" \/><\/a><\/p>\n<p>Tot aix\u00f2 tamb\u00e9 ens va ajudar a alguns grups a tenir idees pel calendari d&#8217;advent, que ens van permetre con\u00e8ixer m\u00e9s les emocions creant un Diccionari d&#8217;emocions, per saber explicar qu\u00e8 ens fa sentir cadascuna d&#8217;elles i com les podem recon\u00e8ixer.<\/p>\n<p><a href=\"https:\/\/agora.xtec.cat\/ceiprieraderibes\/wp-content\/uploads\/usu901\/2020\/12\/WhatsApp-Image-2020-12-21-at-16.53.57.jpeg\"><img loading=\"lazy\" decoding=\"async\" class=\"wp-image-11167 aligncenter\" src=\"https:\/\/agora.xtec.cat\/ceiprieraderibes\/wp-content\/uploads\/usu901\/2020\/12\/WhatsApp-Image-2020-12-21-at-16.53.57-1024x639.jpeg\" alt=\"\" width=\"456\" height=\"285\" srcset=\"https:\/\/agora.xtec.cat\/ceiprieraderibes\/wp-content\/uploads\/usu901\/2020\/12\/WhatsApp-Image-2020-12-21-at-16.53.57-1024x639.jpeg 1024w, https:\/\/agora.xtec.cat\/ceiprieraderibes\/wp-content\/uploads\/usu901\/2020\/12\/WhatsApp-Image-2020-12-21-at-16.53.57-300x187.jpeg 300w, https:\/\/agora.xtec.cat\/ceiprieraderibes\/wp-content\/uploads\/usu901\/2020\/12\/WhatsApp-Image-2020-12-21-at-16.53.57-768x480.jpeg 768w, https:\/\/agora.xtec.cat\/ceiprieraderibes\/wp-content\/uploads\/usu901\/2020\/12\/WhatsApp-Image-2020-12-21-at-16.53.57.jpeg 1600w\" sizes=\"auto, (max-width: 456px) 100vw, 456px\" \/><\/a><\/p>\n<p>Cada vegada en sabem m\u00e9s, i continuem amb la nostra investigaci\u00f3.<\/p>\n<p>Per acabar aquest any 2020, tots i totes hem pensat una emoci\u00f3 que hem sentit amb una paraula i aquest ha estat el resultat.<a href=\"https:\/\/agora.xtec.cat\/ceiprieraderibes\/wp-content\/uploads\/usu901\/2020\/12\/emocions-2.png\"><img loading=\"lazy\" decoding=\"async\" class=\"size-full wp-image-11168 aligncenter\" src=\"https:\/\/agora.xtec.cat\/ceiprieraderibes\/wp-content\/uploads\/usu901\/2020\/12\/emocions-2.png\" alt=\"\" width=\"315\" height=\"281\" srcset=\"https:\/\/agora.xtec.cat\/ceiprieraderibes\/wp-content\/uploads\/usu901\/2020\/12\/emocions-2.png 315w, https:\/\/agora.xtec.cat\/ceiprieraderibes\/wp-content\/uploads\/usu901\/2020\/12\/emocions-2-300x268.png 300w\" sizes=\"auto, (max-width: 315px) 100vw, 315px\" \/><\/a><\/p>\n<p>&nbsp;<\/p>\n","protected":false},"excerpt":{"rendered":"<p>Durant aquests mesos a 2n hem estat parlant molt de les nostres emocions.<br \/>\nTot va sorgir a partir de llegir el conte &#8220;Benvingut, senyor Malestar&#8221; A partir d&#8217;aqu\u00ed, vam poder compartir les nostres idees, donar nom a algunes de les emocions que vivim cada dia: alegria,&hellip;  <a href=\"https:\/\/agora.xtec.cat\/ceiprieraderibes\/general\/comencem-a-coneixer-les-nostres-emocions-editant\/\" title=\"Read Comencem a con\u00e8ixer les nostres emocions\">Llegeix m\u00e9s\u00bb<\/a><\/p>\n","protected":false},"author":1,"featured_media":11167,"comment_status":"open","ping_status":"closed","sticky":false,"template":"","format":"standard","meta":{"_bbp_topic_count":0,"_bbp_reply_count":0,"_bbp_total_topic_count":0,"_bbp_total_reply_count":0,"_bbp_voice_count":0,"_bbp_anonymous_reply_count":0,"_bbp_topic_count_hidden":0,"_bbp_reply_count_hidden":0,"_bbp_forum_subforum_count":0,"footnotes":""},"categories":[157,1,4],"tags":[],"class_list":["post-11151","post","type-post","status-publish","format-standard","has-post-thumbnail","hentry","category-generacio-2013","category-general","category-portada"],"post_mailing_queue_ids":[],"_links":{"self":[{"href":"https:\/\/agora.xtec.cat\/ceiprieraderibes\/wp-json\/wp\/v2\/posts\/11151","targetHints":{"allow":["GET"]}}],"collection":[{"href":"https:\/\/agora.xtec.cat\/ceiprieraderibes\/wp-json\/wp\/v2\/posts"}],"about":[{"href":"https:\/\/agora.xtec.cat\/ceiprieraderibes\/wp-json\/wp\/v2\/types\/post"}],"author":[{"embeddable":true,"href":"https:\/\/agora.xtec.cat\/ceiprieraderibes\/wp-json\/wp\/v2\/users\/1"}],"replies":[{"embeddable":true,"href":"https:\/\/agora.xtec.cat\/ceiprieraderibes\/wp-json\/wp\/v2\/comments?post=11151"}],"version-history":[{"count":3,"href":"https:\/\/agora.xtec.cat\/ceiprieraderibes\/wp-json\/wp\/v2\/posts\/11151\/revisions"}],"predecessor-version":[{"id":11171,"href":"https:\/\/agora.xtec.cat\/ceiprieraderibes\/wp-json\/wp\/v2\/posts\/11151\/revisions\/11171"}],"wp:featuredmedia":[{"embeddable":true,"href":"https:\/\/agora.xtec.cat\/ceiprieraderibes\/wp-json\/wp\/v2\/media\/11167"}],"wp:attachment":[{"href":"https:\/\/agora.xtec.cat\/ceiprieraderibes\/wp-json\/wp\/v2\/media?parent=11151"}],"wp:term":[{"taxonomy":"category","embeddable":true,"href":"https:\/\/agora.xtec.cat\/ceiprieraderibes\/wp-json\/wp\/v2\/categories?post=11151"},{"taxonomy":"post_tag","embeddable":true,"href":"https:\/\/agora.xtec.cat\/ceiprieraderibes\/wp-json\/wp\/v2\/tags?post=11151"}],"curies":[{"name":"wp","href":"https:\/\/api.w.org\/{rel}","templated":true}]}}