{"id":11149,"date":"2020-12-21T14:00:04","date_gmt":"2020-12-21T13:00:04","guid":{"rendered":"http:\/\/agora.xtec.cat\/ceiprieraderibes\/?p=11149"},"modified":"2020-12-21T20:55:32","modified_gmt":"2020-12-21T19:55:32","slug":"el-calendari-dadvent-una-gran-oportunitat-per-posar-se-al-lloc-de-laltre","status":"publish","type":"post","link":"https:\/\/agora.xtec.cat\/ceiprieraderibes\/general\/el-calendari-dadvent-una-gran-oportunitat-per-posar-se-al-lloc-de-laltre\/","title":{"rendered":"El Calendari d\u2019Advent: una gran oportunitat per posar-se al lloc de l\u2019altre!"},"content":{"rendered":"<p>Aquests dies estem vivint l\u2019entrega i la rebuda del regals entre els diferents grups de l\u2019escola dins de l\u2019estrat\u00e8gia del Calendari d\u2019Advent. Tot i les limitacions que sorgeixen de la situaci\u00f3 actual, l\u2019escola no ha volgut perdre aquesta gran oportunitat. Una estrat\u00e8gia que ens permet posar-nos en la pell de les nenes i nens a qui els hem de donar el regal i ens porta a pensar alguna cosa que sapiguem fer i que sobretot els hi agradi. De vegades s\u00f3n infants m\u00e9s petits i hem de recordar que ens agradava quan ten\u00edem la seva edat, d\u2019altres cops s\u00f3n infants que tenen m\u00e9s anys que nosaltres i uns interessos diferents al que ens agrada, i tot aix\u00f2 no \u00e9s gens f\u00e0cil!<\/p>\n<p>El millor \u00e9s quan arriba el dia de l\u2019entrega. Ens emociona pensar com els hi agradar\u00e0. Es un cop hem donat el regal i tornem a l\u2019aula, quan el mestre ens fa prendre consci\u00e8ncia de com ens hem sentit i on parlem de l\u2019esfor\u00e7 que com a grup hem hagut de fer perqu\u00e8 tot surti b\u00e9. Llavors ens adonem de qu\u00e8 forces vegades ens agrada m\u00e9s donar que rebre, i aix\u00f2 si que \u00e9s gran! Un valor que a l\u2019escola\u00a0 li donem un lloc important ja qu\u00e8 el considerem indispensable per la vida i cal educar-lo amb les situacions que la el dia a dia ens va oferint.<\/p>\n<p>Us deixem unes petites mostres de com s\u2019han sentit els nens i nenes de 1r quan hem donat el regal. S\u00f3n escrits reflexius que ajuden a entendre com se sent cadasc\u00fa despr\u00e8s de viure una experi\u00e8ncia tant gratificant com la que ens d\u00f3na el Calendari d\u2019Advent.<\/p>\n<p><a href=\"https:\/\/agora.xtec.cat\/ceiprieraderibes\/wp-content\/uploads\/usu901\/2020\/12\/web-3.jpg\"><img loading=\"lazy\" decoding=\"async\" class=\"alignnone wp-image-11172 \" src=\"https:\/\/agora.xtec.cat\/ceiprieraderibes\/wp-content\/uploads\/usu901\/2020\/12\/web-3-1024x211.jpg\" alt=\"\" width=\"607\" height=\"125\" srcset=\"https:\/\/agora.xtec.cat\/ceiprieraderibes\/wp-content\/uploads\/usu901\/2020\/12\/web-3-1024x211.jpg 1024w, https:\/\/agora.xtec.cat\/ceiprieraderibes\/wp-content\/uploads\/usu901\/2020\/12\/web-3-300x62.jpg 300w, https:\/\/agora.xtec.cat\/ceiprieraderibes\/wp-content\/uploads\/usu901\/2020\/12\/web-3-768x159.jpg 768w, https:\/\/agora.xtec.cat\/ceiprieraderibes\/wp-content\/uploads\/usu901\/2020\/12\/web-3.jpg 1414w\" sizes=\"auto, (max-width: 607px) 100vw, 607px\" \/><\/a><\/p>\n<p><a href=\"https:\/\/agora.xtec.cat\/ceiprieraderibes\/wp-content\/uploads\/usu901\/2020\/12\/web-2.jpg\"><img loading=\"lazy\" decoding=\"async\" class=\"alignnone wp-image-11173\" src=\"https:\/\/agora.xtec.cat\/ceiprieraderibes\/wp-content\/uploads\/usu901\/2020\/12\/web-2-1024x476.jpg\" alt=\"\" width=\"606\" height=\"282\" srcset=\"https:\/\/agora.xtec.cat\/ceiprieraderibes\/wp-content\/uploads\/usu901\/2020\/12\/web-2-1024x476.jpg 1024w, https:\/\/agora.xtec.cat\/ceiprieraderibes\/wp-content\/uploads\/usu901\/2020\/12\/web-2-300x140.jpg 300w, https:\/\/agora.xtec.cat\/ceiprieraderibes\/wp-content\/uploads\/usu901\/2020\/12\/web-2-768x357.jpg 768w, https:\/\/agora.xtec.cat\/ceiprieraderibes\/wp-content\/uploads\/usu901\/2020\/12\/web-2.jpg 1354w\" sizes=\"auto, (max-width: 606px) 100vw, 606px\" \/><\/a><\/p>\n<p><a href=\"https:\/\/agora.xtec.cat\/ceiprieraderibes\/wp-content\/uploads\/usu901\/2020\/12\/web-1.jpg\"><img loading=\"lazy\" decoding=\"async\" class=\"alignnone wp-image-11174\" src=\"https:\/\/agora.xtec.cat\/ceiprieraderibes\/wp-content\/uploads\/usu901\/2020\/12\/web-1-1024x388.jpg\" alt=\"\" width=\"609\" height=\"231\" srcset=\"https:\/\/agora.xtec.cat\/ceiprieraderibes\/wp-content\/uploads\/usu901\/2020\/12\/web-1-1024x388.jpg 1024w, https:\/\/agora.xtec.cat\/ceiprieraderibes\/wp-content\/uploads\/usu901\/2020\/12\/web-1-300x114.jpg 300w, https:\/\/agora.xtec.cat\/ceiprieraderibes\/wp-content\/uploads\/usu901\/2020\/12\/web-1-768x291.jpg 768w, https:\/\/agora.xtec.cat\/ceiprieraderibes\/wp-content\/uploads\/usu901\/2020\/12\/web-1.jpg 1487w\" sizes=\"auto, (max-width: 609px) 100vw, 609px\" \/><\/a><\/p>\n","protected":false},"excerpt":{"rendered":"<p>Aquests dies estem vivint l\u2019entrega i la rebuda del regals entre els diferents grups de l\u2019escola dins de l\u2019estrat\u00e8gia del Calendari d\u2019Advent. Tot i les limitacions que sorgeixen de la situaci\u00f3 actual, l\u2019escola no ha volgut perdre aquesta gran oportunitat. Una estrat\u00e8gia que ens permet&hellip;  <a href=\"https:\/\/agora.xtec.cat\/ceiprieraderibes\/general\/el-calendari-dadvent-una-gran-oportunitat-per-posar-se-al-lloc-de-laltre\/\" title=\"Read El Calendari d\u2019Advent: una gran oportunitat per posar-se al lloc de l\u2019altre!\">Llegeix m\u00e9s\u00bb<\/a><\/p>\n","protected":false},"author":1,"featured_media":11177,"comment_status":"open","ping_status":"closed","sticky":false,"template":"","format":"standard","meta":{"_bbp_topic_count":0,"_bbp_reply_count":0,"_bbp_total_topic_count":0,"_bbp_total_reply_count":0,"_bbp_voice_count":0,"_bbp_anonymous_reply_count":0,"_bbp_topic_count_hidden":0,"_bbp_reply_count_hidden":0,"_bbp_forum_subforum_count":0,"footnotes":""},"categories":[177,1,4],"tags":[],"class_list":["post-11149","post","type-post","status-publish","format-standard","has-post-thumbnail","hentry","category-generacio-2014","category-general","category-portada"],"post_mailing_queue_ids":[],"_links":{"self":[{"href":"https:\/\/agora.xtec.cat\/ceiprieraderibes\/wp-json\/wp\/v2\/posts\/11149","targetHints":{"allow":["GET"]}}],"collection":[{"href":"https:\/\/agora.xtec.cat\/ceiprieraderibes\/wp-json\/wp\/v2\/posts"}],"about":[{"href":"https:\/\/agora.xtec.cat\/ceiprieraderibes\/wp-json\/wp\/v2\/types\/post"}],"author":[{"embeddable":true,"href":"https:\/\/agora.xtec.cat\/ceiprieraderibes\/wp-json\/wp\/v2\/users\/1"}],"replies":[{"embeddable":true,"href":"https:\/\/agora.xtec.cat\/ceiprieraderibes\/wp-json\/wp\/v2\/comments?post=11149"}],"version-history":[{"count":3,"href":"https:\/\/agora.xtec.cat\/ceiprieraderibes\/wp-json\/wp\/v2\/posts\/11149\/revisions"}],"predecessor-version":[{"id":11176,"href":"https:\/\/agora.xtec.cat\/ceiprieraderibes\/wp-json\/wp\/v2\/posts\/11149\/revisions\/11176"}],"wp:featuredmedia":[{"embeddable":true,"href":"https:\/\/agora.xtec.cat\/ceiprieraderibes\/wp-json\/wp\/v2\/media\/11177"}],"wp:attachment":[{"href":"https:\/\/agora.xtec.cat\/ceiprieraderibes\/wp-json\/wp\/v2\/media?parent=11149"}],"wp:term":[{"taxonomy":"category","embeddable":true,"href":"https:\/\/agora.xtec.cat\/ceiprieraderibes\/wp-json\/wp\/v2\/categories?post=11149"},{"taxonomy":"post_tag","embeddable":true,"href":"https:\/\/agora.xtec.cat\/ceiprieraderibes\/wp-json\/wp\/v2\/tags?post=11149"}],"curies":[{"name":"wp","href":"https:\/\/api.w.org\/{rel}","templated":true}]}}