{"id":11110,"date":"2020-12-15T22:18:22","date_gmt":"2020-12-15T21:18:22","guid":{"rendered":"http:\/\/agora.xtec.cat\/ceiprieraderibes\/?p=11110"},"modified":"2020-12-15T22:18:22","modified_gmt":"2020-12-15T21:18:22","slug":"regal-calendari-dadvent-6e","status":"publish","type":"post","link":"https:\/\/agora.xtec.cat\/ceiprieraderibes\/portada\/regal-calendari-dadvent-6e\/","title":{"rendered":"Regal Calendari d&#8217;Advent- 6\u00e8"},"content":{"rendered":"<p style=\"text-align: justify;\">El dia 4 de desembre, vam entregar el calendari d&#8217;advent als nens i nenes de P3.<\/p>\n<p style=\"text-align: justify;\">Com que \u00e9s el nostre \u00faltim any, ens agradaria fer-vos un petit resum del que va ser donar el darrer calendari d&#8217;advent a l&#8217;escola.<\/p>\n<p style=\"text-align: justify;\">El dia de l\u2019entrega del regal, est\u00e0vem molt emocionats i feli\u00e7os. Ens va tocar fer el regal als de P3. Qu\u00e8 bonic! Per ells era el seu primer regal a l\u2019escola! Ens ha agradat molt\u00a0 fer el regal a P3 perqu\u00e8 s\u00f3n agra\u00efts, divertits i molt bufons!!!<\/p>\n<p style=\"text-align: justify;\">El primer que els vam regalar va ser l&#8217;obra dels tres porquets i tamb\u00e9 els hi vam regalar un ball amb la seva can\u00e7\u00f3 preferida. Un narradors van fer una petita dramatitzaci\u00f3 per rebre els i les alumnes de P3\u00a0 i conduir l\u2019espectacle que els hav\u00edem preparat. Va ser un honor poder veure les seves cares d\u2019alegria i il\u00b7lusi\u00f3 quan el ti\u00f3 els cagava la seva hist\u00f2ria i can\u00e7\u00f3 preferides!<\/p>\n<p style=\"text-align: justify;\">Com van preparar el regal?<\/p>\n<p style=\"text-align: justify;\">Com que no sab\u00edem qu\u00e8 els agradava, els vam enviar una carta preguntant sobre els seus gustos i aficions. Tenint en compte el que ens deien a la carta, vam decidir el regal. M\u00e9s endavant ens vam organitzar en tres grups: els narradors, els tres porquets i els pirates.<\/p>\n<p style=\"text-align: justify;\">A partir d&#8217;aqu\u00ed vam comen\u00e7ar a fer l\u2019attrezzo, les disfresses, els balls i els guions. Aquests van ser els resultats.<\/p>\n\n\t\t<style type=\"text\/css\">\n\t\t\t#gallery-1 {\n\t\t\t\tmargin: auto;\n\t\t\t}\n\t\t\t#gallery-1 .gallery-item {\n\t\t\t\tfloat: left;\n\t\t\t\tmargin-top: 10px;\n\t\t\t\ttext-align: center;\n\t\t\t\twidth: 50%;\n\t\t\t}\n\t\t\t#gallery-1 img {\n\t\t\t\tborder: 2px solid #cfcfcf;\n\t\t\t}\n\t\t\t#gallery-1 .gallery-caption {\n\t\t\t\tmargin-left: 0;\n\t\t\t}\n\t\t\t\/* see gallery_shortcode() in wp-includes\/media.php *\/\n\t\t<\/style>\n\t\t<div id='gallery-1' class='gallery galleryid-11110 gallery-columns-2 gallery-size-medium'><dl class='gallery-item'>\n\t\t\t<dt class='gallery-icon landscape'>\n\t\t\t\t<a href='https:\/\/agora.xtec.cat\/ceiprieraderibes\/portada\/regal-calendari-dadvent-6e\/attachment\/img_9527\/'><img loading=\"lazy\" decoding=\"async\" width=\"300\" height=\"185\" src=\"https:\/\/agora.xtec.cat\/ceiprieraderibes\/wp-content\/uploads\/usu901\/2020\/12\/IMG_9527-300x185.jpg\" class=\"attachment-medium size-medium\" alt=\"\" srcset=\"https:\/\/agora.xtec.cat\/ceiprieraderibes\/wp-content\/uploads\/usu901\/2020\/12\/IMG_9527-300x185.jpg 300w, https:\/\/agora.xtec.cat\/ceiprieraderibes\/wp-content\/uploads\/usu901\/2020\/12\/IMG_9527-768x475.jpg 768w, https:\/\/agora.xtec.cat\/ceiprieraderibes\/wp-content\/uploads\/usu901\/2020\/12\/IMG_9527.jpg 1024w\" sizes=\"auto, (max-width: 300px) 100vw, 300px\" \/><\/a>\n\t\t\t<\/dt><\/dl><dl class='gallery-item'>\n\t\t\t<dt class='gallery-icon landscape'>\n\t\t\t\t<a href='https:\/\/agora.xtec.cat\/ceiprieraderibes\/portada\/regal-calendari-dadvent-6e\/attachment\/img_9553\/'><img loading=\"lazy\" decoding=\"async\" width=\"300\" height=\"169\" src=\"https:\/\/agora.xtec.cat\/ceiprieraderibes\/wp-content\/uploads\/usu901\/2020\/12\/IMG_9553-300x169.jpg\" class=\"attachment-medium size-medium\" alt=\"\" srcset=\"https:\/\/agora.xtec.cat\/ceiprieraderibes\/wp-content\/uploads\/usu901\/2020\/12\/IMG_9553-300x169.jpg 300w, https:\/\/agora.xtec.cat\/ceiprieraderibes\/wp-content\/uploads\/usu901\/2020\/12\/IMG_9553-768x432.jpg 768w, https:\/\/agora.xtec.cat\/ceiprieraderibes\/wp-content\/uploads\/usu901\/2020\/12\/IMG_9553.jpg 1024w\" sizes=\"auto, (max-width: 300px) 100vw, 300px\" \/><\/a>\n\t\t\t<\/dt><\/dl><br style=\"clear: both\" \/>\n\t\t<\/div>\n\n\n\t\t<style type=\"text\/css\">\n\t\t\t#gallery-2 {\n\t\t\t\tmargin: auto;\n\t\t\t}\n\t\t\t#gallery-2 .gallery-item {\n\t\t\t\tfloat: left;\n\t\t\t\tmargin-top: 10px;\n\t\t\t\ttext-align: center;\n\t\t\t\twidth: 33%;\n\t\t\t}\n\t\t\t#gallery-2 img {\n\t\t\t\tborder: 2px solid #cfcfcf;\n\t\t\t}\n\t\t\t#gallery-2 .gallery-caption {\n\t\t\t\tmargin-left: 0;\n\t\t\t}\n\t\t\t\/* see gallery_shortcode() in wp-includes\/media.php *\/\n\t\t<\/style>\n\t\t<div id='gallery-2' class='gallery galleryid-11110 gallery-columns-3 gallery-size-medium'><dl class='gallery-item'>\n\t\t\t<dt class='gallery-icon landscape'>\n\t\t\t\t<a href='https:\/\/agora.xtec.cat\/ceiprieraderibes\/portada\/regal-calendari-dadvent-6e\/attachment\/img_9523\/'><img loading=\"lazy\" decoding=\"async\" width=\"300\" height=\"225\" src=\"https:\/\/agora.xtec.cat\/ceiprieraderibes\/wp-content\/uploads\/usu901\/2020\/12\/IMG_9523-300x225.jpg\" class=\"attachment-medium size-medium\" alt=\"\" srcset=\"https:\/\/agora.xtec.cat\/ceiprieraderibes\/wp-content\/uploads\/usu901\/2020\/12\/IMG_9523-300x225.jpg 300w, https:\/\/agora.xtec.cat\/ceiprieraderibes\/wp-content\/uploads\/usu901\/2020\/12\/IMG_9523-768x576.jpg 768w, https:\/\/agora.xtec.cat\/ceiprieraderibes\/wp-content\/uploads\/usu901\/2020\/12\/IMG_9523.jpg 1024w, https:\/\/agora.xtec.cat\/ceiprieraderibes\/wp-content\/uploads\/usu901\/2020\/12\/IMG_9523-200x150.jpg 200w\" sizes=\"auto, (max-width: 300px) 100vw, 300px\" \/><\/a>\n\t\t\t<\/dt><\/dl><dl class='gallery-item'>\n\t\t\t<dt class='gallery-icon landscape'>\n\t\t\t\t<a href='https:\/\/agora.xtec.cat\/ceiprieraderibes\/portada\/regal-calendari-dadvent-6e\/attachment\/img_9557\/'><img loading=\"lazy\" decoding=\"async\" width=\"300\" height=\"225\" src=\"https:\/\/agora.xtec.cat\/ceiprieraderibes\/wp-content\/uploads\/usu901\/2020\/12\/IMG_9557-300x225.jpg\" class=\"attachment-medium size-medium\" alt=\"\" srcset=\"https:\/\/agora.xtec.cat\/ceiprieraderibes\/wp-content\/uploads\/usu901\/2020\/12\/IMG_9557-300x225.jpg 300w, https:\/\/agora.xtec.cat\/ceiprieraderibes\/wp-content\/uploads\/usu901\/2020\/12\/IMG_9557-768x576.jpg 768w, https:\/\/agora.xtec.cat\/ceiprieraderibes\/wp-content\/uploads\/usu901\/2020\/12\/IMG_9557.jpg 1024w, https:\/\/agora.xtec.cat\/ceiprieraderibes\/wp-content\/uploads\/usu901\/2020\/12\/IMG_9557-200x150.jpg 200w\" sizes=\"auto, (max-width: 300px) 100vw, 300px\" \/><\/a>\n\t\t\t<\/dt><\/dl><dl class='gallery-item'>\n\t\t\t<dt class='gallery-icon landscape'>\n\t\t\t\t<a href='https:\/\/agora.xtec.cat\/ceiprieraderibes\/portada\/regal-calendari-dadvent-6e\/attachment\/img_9559\/'><img loading=\"lazy\" decoding=\"async\" width=\"300\" height=\"225\" src=\"https:\/\/agora.xtec.cat\/ceiprieraderibes\/wp-content\/uploads\/usu901\/2020\/12\/IMG_9559-300x225.jpg\" class=\"attachment-medium size-medium\" alt=\"\" srcset=\"https:\/\/agora.xtec.cat\/ceiprieraderibes\/wp-content\/uploads\/usu901\/2020\/12\/IMG_9559-300x225.jpg 300w, https:\/\/agora.xtec.cat\/ceiprieraderibes\/wp-content\/uploads\/usu901\/2020\/12\/IMG_9559-768x576.jpg 768w, https:\/\/agora.xtec.cat\/ceiprieraderibes\/wp-content\/uploads\/usu901\/2020\/12\/IMG_9559.jpg 1024w, https:\/\/agora.xtec.cat\/ceiprieraderibes\/wp-content\/uploads\/usu901\/2020\/12\/IMG_9559-200x150.jpg 200w\" sizes=\"auto, (max-width: 300px) 100vw, 300px\" \/><\/a>\n\t\t\t<\/dt><\/dl><br style=\"clear: both\" \/>\n\t\t<\/div>\n\n<p class=\"normal\" style=\"text-align: justify;\"><span lang=\"es\" style=\"font-size: 12.0pt; line-height: 115%;\">Finalment dir-vos que el dia de l\u2019entrega vam gaudir tots molt\u00edssim. Per\u00f2 tamb\u00e9 els dies anteriors, mentre prepar\u00e0vem el regal, vam passar-nos-ho d\u2019all\u00f2 m\u00e9s b\u00e9. Qu\u00e8 bonic que \u00e9s pensar en els altres i preparar-los una sorpresa. <\/span><\/p>\n<p class=\"normal\" style=\"text-align: justify;\"><span lang=\"es\" style=\"font-size: 12.0pt; line-height: 115%;\">Nosaltres, els de sis\u00e8, ens acomiadem d\u2019aquest moment tan bonic i m\u00e0gic; per\u00f2 no oblidarem cap dels regals que hem viscut durant els nou anys que hem estat aqu\u00ed a l\u2019escola.<\/span><\/p>\n<p class=\"normal\" style=\"text-align: justify;\"><span lang=\"es\" style=\"font-size: 12.0pt; line-height: 115%;\">SOM RIERA! Gr\u00e0cies!!!<\/span><\/p>\n","protected":false},"excerpt":{"rendered":"<p>El dia 4 de desembre, vam entregar el calendari d&#8217;advent als nens i nenes de P3.&hellip;  <a href=\"https:\/\/agora.xtec.cat\/ceiprieraderibes\/portada\/regal-calendari-dadvent-6e\/\" title=\"Read Regal Calendari d&#8217;Advent- 6\u00e8\">Llegeix m\u00e9s\u00bb<\/a><\/p>\n","protected":false},"author":175,"featured_media":11118,"comment_status":"open","ping_status":"closed","sticky":false,"template":"","format":"standard","meta":{"_bbp_topic_count":0,"_bbp_reply_count":0,"_bbp_total_topic_count":0,"_bbp_total_reply_count":0,"_bbp_voice_count":0,"_bbp_anonymous_reply_count":0,"_bbp_topic_count_hidden":0,"_bbp_reply_count_hidden":0,"_bbp_forum_subforum_count":0,"footnotes":""},"categories":[50,4],"tags":[],"class_list":["post-11110","post","type-post","status-publish","format-standard","has-post-thumbnail","hentry","category-generacio-2009","category-portada"],"post_mailing_queue_ids":[],"_links":{"self":[{"href":"https:\/\/agora.xtec.cat\/ceiprieraderibes\/wp-json\/wp\/v2\/posts\/11110","targetHints":{"allow":["GET"]}}],"collection":[{"href":"https:\/\/agora.xtec.cat\/ceiprieraderibes\/wp-json\/wp\/v2\/posts"}],"about":[{"href":"https:\/\/agora.xtec.cat\/ceiprieraderibes\/wp-json\/wp\/v2\/types\/post"}],"author":[{"embeddable":true,"href":"https:\/\/agora.xtec.cat\/ceiprieraderibes\/wp-json\/wp\/v2\/users\/175"}],"replies":[{"embeddable":true,"href":"https:\/\/agora.xtec.cat\/ceiprieraderibes\/wp-json\/wp\/v2\/comments?post=11110"}],"version-history":[{"count":4,"href":"https:\/\/agora.xtec.cat\/ceiprieraderibes\/wp-json\/wp\/v2\/posts\/11110\/revisions"}],"predecessor-version":[{"id":11132,"href":"https:\/\/agora.xtec.cat\/ceiprieraderibes\/wp-json\/wp\/v2\/posts\/11110\/revisions\/11132"}],"wp:featuredmedia":[{"embeddable":true,"href":"https:\/\/agora.xtec.cat\/ceiprieraderibes\/wp-json\/wp\/v2\/media\/11118"}],"wp:attachment":[{"href":"https:\/\/agora.xtec.cat\/ceiprieraderibes\/wp-json\/wp\/v2\/media?parent=11110"}],"wp:term":[{"taxonomy":"category","embeddable":true,"href":"https:\/\/agora.xtec.cat\/ceiprieraderibes\/wp-json\/wp\/v2\/categories?post=11110"},{"taxonomy":"post_tag","embeddable":true,"href":"https:\/\/agora.xtec.cat\/ceiprieraderibes\/wp-json\/wp\/v2\/tags?post=11110"}],"curies":[{"name":"wp","href":"https:\/\/api.w.org\/{rel}","templated":true}]}}