{"id":11046,"date":"2020-12-10T22:51:46","date_gmt":"2020-12-10T21:51:46","guid":{"rendered":"http:\/\/agora.xtec.cat\/ceiprieraderibes\/?p=11046"},"modified":"2020-12-10T22:51:46","modified_gmt":"2020-12-10T21:51:46","slug":"ball-amb-la-canco-renaixem-5e","status":"publish","type":"post","link":"https:\/\/agora.xtec.cat\/ceiprieraderibes\/portada\/ball-amb-la-canco-renaixem-5e\/","title":{"rendered":"Ball amb la can\u00e7\u00f3 Renaixem- 5\u00e8"},"content":{"rendered":"<p style=\"text-align: justify;\"><span style=\"font-weight: 400;\">Hola fam\u00edlies som els nens i les nenes del grup 5\u00e9 Lola.<\/span><\/p>\n<p style=\"text-align: justify;\"><span style=\"font-weight: 400;\">Aquest curs tot el 2n Cicle el vam iniciar escoltant la can\u00e7\u00f3 que es titula Renaixem del Xavi Sarri\u00e0.<\/span><\/p>\n<p style=\"text-align: justify;\"><span style=\"font-weight: 400;\">A trav\u00e9s d\u2019aquesta can\u00e7\u00f3 vam\u00a0 fer moltes activitats d\u2019aprenentatge: la fotografia en blanc-negre i els seus plans , qu\u00e8 \u00e9s contrast de colors, les descripcions, les met\u00e0fores i comparacions, les nostres emocions durant els mesos de confinament, etc.\u00a0<\/span><\/p>\n<p style=\"text-align: justify;\"><span style=\"font-weight: 400;\">El nostre grup, per acabar aquest tema,\u00a0 va crear un ball amb la can\u00e7\u00f3 Renaixem i l&#8217;hem gravat.\u00a0<\/span><\/p>\n<p style=\"text-align: justify;\"><span style=\"font-weight: 400;\">Desitgem que us agradi.<\/span><\/p>\n<p><a href=\"https:\/\/drive.google.com\/file\/d\/19KBnZpR_1apIIAslQLqqlzvvkjL6wV9X\/view?usp=sharing\"><img loading=\"lazy\" decoding=\"async\" class=\"wp-image-11048 size-full aligncenter\" src=\"https:\/\/agora.xtec.cat\/ceiprieraderibes\/wp-content\/uploads\/usu901\/2020\/12\/renaixem.jpg\" alt=\"\" width=\"839\" height=\"381\" srcset=\"https:\/\/agora.xtec.cat\/ceiprieraderibes\/wp-content\/uploads\/usu901\/2020\/12\/renaixem.jpg 839w, https:\/\/agora.xtec.cat\/ceiprieraderibes\/wp-content\/uploads\/usu901\/2020\/12\/renaixem-300x136.jpg 300w, https:\/\/agora.xtec.cat\/ceiprieraderibes\/wp-content\/uploads\/usu901\/2020\/12\/renaixem-768x349.jpg 768w\" sizes=\"auto, (max-width: 839px) 100vw, 839px\" \/><\/a><\/p>\n","protected":false},"excerpt":{"rendered":"<p>Aquest curs tot el 2n Cicle el vam iniciar escoltant la can\u00e7\u00f3 que es titula Renaixem del Xavi Sarri\u00e0.&hellip;  <a href=\"https:\/\/agora.xtec.cat\/ceiprieraderibes\/portada\/ball-amb-la-canco-renaixem-5e\/\" title=\"Read Ball amb la can\u00e7\u00f3 Renaixem- 5\u00e8\">Llegeix m\u00e9s\u00bb<\/a><\/p>\n","protected":false},"author":175,"featured_media":11048,"comment_status":"open","ping_status":"closed","sticky":false,"template":"","format":"standard","meta":{"_bbp_topic_count":0,"_bbp_reply_count":0,"_bbp_total_topic_count":0,"_bbp_total_reply_count":0,"_bbp_voice_count":0,"_bbp_anonymous_reply_count":0,"_bbp_topic_count_hidden":0,"_bbp_reply_count_hidden":0,"_bbp_forum_subforum_count":0,"footnotes":""},"categories":[49,4],"tags":[],"class_list":["post-11046","post","type-post","status-publish","format-standard","has-post-thumbnail","hentry","category-generacio-2010","category-portada"],"post_mailing_queue_ids":[],"_links":{"self":[{"href":"https:\/\/agora.xtec.cat\/ceiprieraderibes\/wp-json\/wp\/v2\/posts\/11046","targetHints":{"allow":["GET"]}}],"collection":[{"href":"https:\/\/agora.xtec.cat\/ceiprieraderibes\/wp-json\/wp\/v2\/posts"}],"about":[{"href":"https:\/\/agora.xtec.cat\/ceiprieraderibes\/wp-json\/wp\/v2\/types\/post"}],"author":[{"embeddable":true,"href":"https:\/\/agora.xtec.cat\/ceiprieraderibes\/wp-json\/wp\/v2\/users\/175"}],"replies":[{"embeddable":true,"href":"https:\/\/agora.xtec.cat\/ceiprieraderibes\/wp-json\/wp\/v2\/comments?post=11046"}],"version-history":[{"count":3,"href":"https:\/\/agora.xtec.cat\/ceiprieraderibes\/wp-json\/wp\/v2\/posts\/11046\/revisions"}],"predecessor-version":[{"id":11050,"href":"https:\/\/agora.xtec.cat\/ceiprieraderibes\/wp-json\/wp\/v2\/posts\/11046\/revisions\/11050"}],"wp:featuredmedia":[{"embeddable":true,"href":"https:\/\/agora.xtec.cat\/ceiprieraderibes\/wp-json\/wp\/v2\/media\/11048"}],"wp:attachment":[{"href":"https:\/\/agora.xtec.cat\/ceiprieraderibes\/wp-json\/wp\/v2\/media?parent=11046"}],"wp:term":[{"taxonomy":"category","embeddable":true,"href":"https:\/\/agora.xtec.cat\/ceiprieraderibes\/wp-json\/wp\/v2\/categories?post=11046"},{"taxonomy":"post_tag","embeddable":true,"href":"https:\/\/agora.xtec.cat\/ceiprieraderibes\/wp-json\/wp\/v2\/tags?post=11046"}],"curies":[{"name":"wp","href":"https:\/\/api.w.org\/{rel}","templated":true}]}}