{"id":11037,"date":"2020-12-10T19:34:34","date_gmt":"2020-12-10T18:34:34","guid":{"rendered":"http:\/\/agora.xtec.cat\/ceiprieraderibes\/?p=11037"},"modified":"2020-12-10T19:34:34","modified_gmt":"2020-12-10T18:34:34","slug":"iniciem-les-conferencies-a-primer","status":"publish","type":"post","link":"https:\/\/agora.xtec.cat\/ceiprieraderibes\/general\/iniciem-les-conferencies-a-primer\/","title":{"rendered":"INICIEM LES CONFER\u00c8NCIES A PRIMER!"},"content":{"rendered":"<p>Aquest desembre ha entrat amb for\u00e7a a l\u2019escola i amb ell, un seguit de noves experi\u00e8ncies que ens han fet posar en marxa a tots els nens i nenes de primer.<\/p>\n<p>Les sortides que vam realitzar les primeres setmanes de curs ens van ajudar a iniciar les preguntes interessants aquest passat novembre. Els racons van venir despr\u00e9s fent-nos les tardes m\u00e9s amenes i din\u00e0miques\u2026 per\u00f2 encara ens faltava recuperar una de les experi\u00e8ncies m\u00e9s emocionants del curs.<\/p>\n<p>I es que no vol\u00edem perdre l\u2019oportunitat de reprendre la viv\u00e8ncia de convertir-nos en experts i expertes per un dia, davant dels nostres companys i companyes de classe.<\/p>\n<p>Aix\u00ed que, amb alguns canvis i un m\u00e0ster en noves tecnologies, podem dir que hem donat inici a la temporada de Confer\u00e8ncies en aquest primer curs de Cicle Inicial!<\/p>\n<p>Amb temes tan dispars com personalitats i interessos, aquest any comencem amb la seguretat de que aprendrem un munt de coses noves que no haur\u00edem imaginat mai. Tamb\u00e9 som conscients de que ens anem fent grans i que el nivell d\u2019exig\u00e8ncia cada cop \u00e9s m\u00e9s elevat. Enguany, no nom\u00e9s gaudirem de l\u2019experi\u00e8ncia d\u2019escoltar i ser escoltats sin\u00f3 que tamb\u00e9 posarem \u00e8mfasi en com podem ser uns bons oients i bons conferenciants.<\/p>\n<p>Aprendrem a valorar la feina dels dem\u00e9s, a ser cr\u00edtics per\u00f2 constructius, posant en valor l\u2019esfor\u00e7 i la dedicaci\u00f3 de l\u2019altre, a identificar en que podem millorar i posar-nos reptes&#8230; tot aix\u00f2 ho farem junts i amb la seguretat de que en acabar, ens haurem omplert de moments en els que haurem apr\u00e9s a veure a l\u2019altre des de una altre \u00f2ptica.<\/p>\n<p>Aqu\u00ed us deixem una mostra gr\u00e0fica de les primeres confer\u00e8ncies, a l\u2019espera de poder omplir-nos de nous aprenentatges en el que queda de curs, de la ma d\u2019aquests petits grans comunicadors.<\/p>\n<p style=\"text-align: left\"><a href=\"https:\/\/agora.xtec.cat\/ceiprieraderibes\/wp-content\/uploads\/usu901\/2020\/12\/IMG-20201208-WA0003.jpg\"><img loading=\"lazy\" decoding=\"async\" class=\"alignnone wp-image-11042 size-medium\" src=\"https:\/\/agora.xtec.cat\/ceiprieraderibes\/wp-content\/uploads\/usu901\/2020\/12\/IMG-20201208-WA0003-300x225.jpg\" alt=\"\" width=\"300\" height=\"225\" srcset=\"https:\/\/agora.xtec.cat\/ceiprieraderibes\/wp-content\/uploads\/usu901\/2020\/12\/IMG-20201208-WA0003-300x225.jpg 300w, https:\/\/agora.xtec.cat\/ceiprieraderibes\/wp-content\/uploads\/usu901\/2020\/12\/IMG-20201208-WA0003-768x576.jpg 768w, https:\/\/agora.xtec.cat\/ceiprieraderibes\/wp-content\/uploads\/usu901\/2020\/12\/IMG-20201208-WA0003-1024x768.jpg 1024w, https:\/\/agora.xtec.cat\/ceiprieraderibes\/wp-content\/uploads\/usu901\/2020\/12\/IMG-20201208-WA0003-200x150.jpg 200w, https:\/\/agora.xtec.cat\/ceiprieraderibes\/wp-content\/uploads\/usu901\/2020\/12\/IMG-20201208-WA0003.jpg 1600w\" sizes=\"auto, (max-width: 300px) 100vw, 300px\" \/><\/a><a href=\"https:\/\/agora.xtec.cat\/ceiprieraderibes\/wp-content\/uploads\/usu901\/2020\/12\/IMG-20201208-WA0001.jpg\"><img loading=\"lazy\" decoding=\"async\" class=\"alignnone wp-image-11043 size-medium\" src=\"https:\/\/agora.xtec.cat\/ceiprieraderibes\/wp-content\/uploads\/usu901\/2020\/12\/IMG-20201208-WA0001-300x225.jpg\" alt=\"\" width=\"300\" height=\"225\" srcset=\"https:\/\/agora.xtec.cat\/ceiprieraderibes\/wp-content\/uploads\/usu901\/2020\/12\/IMG-20201208-WA0001-300x225.jpg 300w, https:\/\/agora.xtec.cat\/ceiprieraderibes\/wp-content\/uploads\/usu901\/2020\/12\/IMG-20201208-WA0001-768x576.jpg 768w, https:\/\/agora.xtec.cat\/ceiprieraderibes\/wp-content\/uploads\/usu901\/2020\/12\/IMG-20201208-WA0001-1024x768.jpg 1024w, https:\/\/agora.xtec.cat\/ceiprieraderibes\/wp-content\/uploads\/usu901\/2020\/12\/IMG-20201208-WA0001-200x150.jpg 200w, https:\/\/agora.xtec.cat\/ceiprieraderibes\/wp-content\/uploads\/usu901\/2020\/12\/IMG-20201208-WA0001.jpg 1600w\" sizes=\"auto, (max-width: 300px) 100vw, 300px\" \/><\/a><a href=\"https:\/\/agora.xtec.cat\/ceiprieraderibes\/wp-content\/uploads\/usu901\/2020\/12\/IMG_20201209_213540.jpg\"><img loading=\"lazy\" decoding=\"async\" class=\"alignnone wp-image-11039 size-medium\" src=\"https:\/\/agora.xtec.cat\/ceiprieraderibes\/wp-content\/uploads\/usu901\/2020\/12\/IMG_20201209_213540-300x226.jpg\" alt=\"\" width=\"300\" height=\"226\" srcset=\"https:\/\/agora.xtec.cat\/ceiprieraderibes\/wp-content\/uploads\/usu901\/2020\/12\/IMG_20201209_213540-300x226.jpg 300w, https:\/\/agora.xtec.cat\/ceiprieraderibes\/wp-content\/uploads\/usu901\/2020\/12\/IMG_20201209_213540-768x578.jpg 768w, https:\/\/agora.xtec.cat\/ceiprieraderibes\/wp-content\/uploads\/usu901\/2020\/12\/IMG_20201209_213540-1024x771.jpg 1024w, https:\/\/agora.xtec.cat\/ceiprieraderibes\/wp-content\/uploads\/usu901\/2020\/12\/IMG_20201209_213540-200x150.jpg 200w, https:\/\/agora.xtec.cat\/ceiprieraderibes\/wp-content\/uploads\/usu901\/2020\/12\/IMG_20201209_213540.jpg 1599w\" sizes=\"auto, (max-width: 300px) 100vw, 300px\" \/><\/a><a href=\"https:\/\/agora.xtec.cat\/ceiprieraderibes\/wp-content\/uploads\/usu901\/2020\/12\/IMG-20201209-WA0009.jpg\"><img loading=\"lazy\" decoding=\"async\" class=\"alignnone wp-image-11040 size-medium\" src=\"https:\/\/agora.xtec.cat\/ceiprieraderibes\/wp-content\/uploads\/usu901\/2020\/12\/IMG-20201209-WA0009-300x225.jpg\" alt=\"\" width=\"300\" height=\"225\" srcset=\"https:\/\/agora.xtec.cat\/ceiprieraderibes\/wp-content\/uploads\/usu901\/2020\/12\/IMG-20201209-WA0009-300x225.jpg 300w, https:\/\/agora.xtec.cat\/ceiprieraderibes\/wp-content\/uploads\/usu901\/2020\/12\/IMG-20201209-WA0009-768x576.jpg 768w, https:\/\/agora.xtec.cat\/ceiprieraderibes\/wp-content\/uploads\/usu901\/2020\/12\/IMG-20201209-WA0009-1024x768.jpg 1024w, https:\/\/agora.xtec.cat\/ceiprieraderibes\/wp-content\/uploads\/usu901\/2020\/12\/IMG-20201209-WA0009-200x150.jpg 200w, https:\/\/agora.xtec.cat\/ceiprieraderibes\/wp-content\/uploads\/usu901\/2020\/12\/IMG-20201209-WA0009.jpg 2048w\" sizes=\"auto, (max-width: 300px) 100vw, 300px\" \/><\/a><a href=\"https:\/\/agora.xtec.cat\/ceiprieraderibes\/wp-content\/uploads\/usu901\/2020\/12\/20201210_183249.jpg\"><img loading=\"lazy\" decoding=\"async\" class=\"alignnone wp-image-11044 size-medium\" src=\"https:\/\/agora.xtec.cat\/ceiprieraderibes\/wp-content\/uploads\/usu901\/2020\/12\/20201210_183249-244x300.jpg\" alt=\"\" width=\"244\" height=\"300\" srcset=\"https:\/\/agora.xtec.cat\/ceiprieraderibes\/wp-content\/uploads\/usu901\/2020\/12\/20201210_183249-244x300.jpg 244w, https:\/\/agora.xtec.cat\/ceiprieraderibes\/wp-content\/uploads\/usu901\/2020\/12\/20201210_183249-768x942.jpg 768w, https:\/\/agora.xtec.cat\/ceiprieraderibes\/wp-content\/uploads\/usu901\/2020\/12\/20201210_183249-834x1024.jpg 834w\" sizes=\"auto, (max-width: 244px) 100vw, 244px\" \/><\/a><a href=\"https:\/\/agora.xtec.cat\/ceiprieraderibes\/wp-content\/uploads\/usu901\/2020\/12\/IMG-20201209-WA0008.jpg\"><img loading=\"lazy\" decoding=\"async\" class=\"alignnone wp-image-11041 size-medium\" src=\"https:\/\/agora.xtec.cat\/ceiprieraderibes\/wp-content\/uploads\/usu901\/2020\/12\/IMG-20201209-WA0008-300x225.jpg\" alt=\"\" width=\"300\" height=\"225\" srcset=\"https:\/\/agora.xtec.cat\/ceiprieraderibes\/wp-content\/uploads\/usu901\/2020\/12\/IMG-20201209-WA0008-300x225.jpg 300w, https:\/\/agora.xtec.cat\/ceiprieraderibes\/wp-content\/uploads\/usu901\/2020\/12\/IMG-20201209-WA0008-768x576.jpg 768w, https:\/\/agora.xtec.cat\/ceiprieraderibes\/wp-content\/uploads\/usu901\/2020\/12\/IMG-20201209-WA0008-1024x768.jpg 1024w, https:\/\/agora.xtec.cat\/ceiprieraderibes\/wp-content\/uploads\/usu901\/2020\/12\/IMG-20201209-WA0008-200x150.jpg 200w, https:\/\/agora.xtec.cat\/ceiprieraderibes\/wp-content\/uploads\/usu901\/2020\/12\/IMG-20201209-WA0008.jpg 2048w\" sizes=\"auto, (max-width: 300px) 100vw, 300px\" \/><\/a><\/p>\n<p>&nbsp;<\/p>\n<p>&nbsp;<\/p>\n","protected":false},"excerpt":{"rendered":"<p>Aquest desembre ha entrat amb for\u00e7a a l\u2019escola i amb ell, un seguit de noves experi\u00e8ncies que ens han fet posar en marxa a tots els nens i nenes de primer.<br \/>\nLes sortides que vam realitzar les primeres setmanes de curs ens van ajudar a iniciar&hellip;  <a href=\"https:\/\/agora.xtec.cat\/ceiprieraderibes\/general\/iniciem-les-conferencies-a-primer\/\" title=\"Read INICIEM LES CONFER\u00c8NCIES A PRIMER!\">Llegeix m\u00e9s\u00bb<\/a><\/p>\n","protected":false},"author":1,"featured_media":11042,"comment_status":"open","ping_status":"closed","sticky":false,"template":"","format":"standard","meta":{"_bbp_topic_count":0,"_bbp_reply_count":0,"_bbp_total_topic_count":0,"_bbp_total_reply_count":0,"_bbp_voice_count":0,"_bbp_anonymous_reply_count":0,"_bbp_topic_count_hidden":0,"_bbp_reply_count_hidden":0,"_bbp_forum_subforum_count":0,"footnotes":""},"categories":[177,1,4],"tags":[],"class_list":["post-11037","post","type-post","status-publish","format-standard","has-post-thumbnail","hentry","category-generacio-2014","category-general","category-portada"],"post_mailing_queue_ids":[],"_links":{"self":[{"href":"https:\/\/agora.xtec.cat\/ceiprieraderibes\/wp-json\/wp\/v2\/posts\/11037","targetHints":{"allow":["GET"]}}],"collection":[{"href":"https:\/\/agora.xtec.cat\/ceiprieraderibes\/wp-json\/wp\/v2\/posts"}],"about":[{"href":"https:\/\/agora.xtec.cat\/ceiprieraderibes\/wp-json\/wp\/v2\/types\/post"}],"author":[{"embeddable":true,"href":"https:\/\/agora.xtec.cat\/ceiprieraderibes\/wp-json\/wp\/v2\/users\/1"}],"replies":[{"embeddable":true,"href":"https:\/\/agora.xtec.cat\/ceiprieraderibes\/wp-json\/wp\/v2\/comments?post=11037"}],"version-history":[{"count":2,"href":"https:\/\/agora.xtec.cat\/ceiprieraderibes\/wp-json\/wp\/v2\/posts\/11037\/revisions"}],"predecessor-version":[{"id":11045,"href":"https:\/\/agora.xtec.cat\/ceiprieraderibes\/wp-json\/wp\/v2\/posts\/11037\/revisions\/11045"}],"wp:featuredmedia":[{"embeddable":true,"href":"https:\/\/agora.xtec.cat\/ceiprieraderibes\/wp-json\/wp\/v2\/media\/11042"}],"wp:attachment":[{"href":"https:\/\/agora.xtec.cat\/ceiprieraderibes\/wp-json\/wp\/v2\/media?parent=11037"}],"wp:term":[{"taxonomy":"category","embeddable":true,"href":"https:\/\/agora.xtec.cat\/ceiprieraderibes\/wp-json\/wp\/v2\/categories?post=11037"},{"taxonomy":"post_tag","embeddable":true,"href":"https:\/\/agora.xtec.cat\/ceiprieraderibes\/wp-json\/wp\/v2\/tags?post=11037"}],"curies":[{"name":"wp","href":"https:\/\/api.w.org\/{rel}","templated":true}]}}