{"id":11035,"date":"2020-12-09T14:52:28","date_gmt":"2020-12-09T13:52:28","guid":{"rendered":"http:\/\/agora.xtec.cat\/ceiprieraderibes\/?p=11035"},"modified":"2021-04-17T00:36:36","modified_gmt":"2021-04-16T22:36:36","slug":"canvi-de-menu-dia-16-12-20","status":"publish","type":"post","link":"https:\/\/agora.xtec.cat\/ceiprieraderibes\/menjador-jocs-taula\/canvi-de-menu-dia-16-12-20\/","title":{"rendered":"CANVI DE MEN\u00da DIA 16\/12\/20"},"content":{"rendered":"<p>Benvolgudes fam\u00edlies, els alumnes de 6\u00e8 han fet una proposta al menjador, on ens han demanat fer un cop al mes un menjar t\u00edpic d\u2019algun pa\u00eds.<\/p>\n<p>La proposta ha estat molt ben acollida tant per part del menjador, que ens agrada molt que tinguin iniciatives, estiguin interessats i motivats per fer activitats, com per part dels companys, els qual tamb\u00e9 participaran en la tria del pa\u00eds mitjan\u00e7ant una b\u00fastia de suggeriments que els mateixos alumnes de 6\u00e8 han fet.<\/p>\n<p>Dels pa\u00efsos proposats al desembre ha sortit escollit els <strong>Estats Units<\/strong>, i el men\u00fa del dia 16 de desembre ser\u00e0 el seg\u00fcent; de primer mantindrem la crema de carbassa, ja que \u00e9s un plat t\u00edpic de la nit de Halloween i de segon, es faran unes hamburgueses amb p\u00e0 rod\u00f3 de viena i unes quantes patates fregides. El postre encara est\u00e0 per decidir, per\u00f2 ser\u00e0 un l\u00e0ctic que es passar\u00e0 del dia 17 que est\u00e0 al men\u00fa al dia 16.<\/p>\n<p>Gr\u00e0cies per la vostra comprensi\u00f3.<\/p>\n","protected":false},"excerpt":{"rendered":"<p>Benvolgudes fam\u00edlies, els alumnes de 6\u00e8 han fet una proposta al menjador, on ens han demanat fer un cop al mes un menjar t\u00edpic d\u2019algun pa\u00eds.<br \/>\nLa proposta ha estat molt ben acollida tant per part del menjador, que ens agrada molt que tinguin iniciatives, estiguin&hellip;  <a href=\"https:\/\/agora.xtec.cat\/ceiprieraderibes\/menjador-jocs-taula\/canvi-de-menu-dia-16-12-20\/\" title=\"Read CANVI DE MEN\u00da DIA 16\/12\/20\">Llegeix m\u00e9s\u00bb<\/a><\/p>\n","protected":false},"author":356,"featured_media":10648,"comment_status":"closed","ping_status":"closed","sticky":false,"template":"","format":"standard","meta":{"_bbp_topic_count":0,"_bbp_reply_count":0,"_bbp_total_topic_count":0,"_bbp_total_reply_count":0,"_bbp_voice_count":0,"_bbp_anonymous_reply_count":0,"_bbp_topic_count_hidden":0,"_bbp_reply_count_hidden":0,"_bbp_forum_subforum_count":0,"footnotes":""},"categories":[57],"tags":[],"class_list":["post-11035","post","type-post","status-publish","format-standard","has-post-thumbnail","hentry","category-menjador-jocs-taula"],"post_mailing_queue_ids":[],"_links":{"self":[{"href":"https:\/\/agora.xtec.cat\/ceiprieraderibes\/wp-json\/wp\/v2\/posts\/11035","targetHints":{"allow":["GET"]}}],"collection":[{"href":"https:\/\/agora.xtec.cat\/ceiprieraderibes\/wp-json\/wp\/v2\/posts"}],"about":[{"href":"https:\/\/agora.xtec.cat\/ceiprieraderibes\/wp-json\/wp\/v2\/types\/post"}],"author":[{"embeddable":true,"href":"https:\/\/agora.xtec.cat\/ceiprieraderibes\/wp-json\/wp\/v2\/users\/356"}],"replies":[{"embeddable":true,"href":"https:\/\/agora.xtec.cat\/ceiprieraderibes\/wp-json\/wp\/v2\/comments?post=11035"}],"version-history":[{"count":1,"href":"https:\/\/agora.xtec.cat\/ceiprieraderibes\/wp-json\/wp\/v2\/posts\/11035\/revisions"}],"predecessor-version":[{"id":11036,"href":"https:\/\/agora.xtec.cat\/ceiprieraderibes\/wp-json\/wp\/v2\/posts\/11035\/revisions\/11036"}],"wp:featuredmedia":[{"embeddable":true,"href":"https:\/\/agora.xtec.cat\/ceiprieraderibes\/wp-json\/wp\/v2\/media\/10648"}],"wp:attachment":[{"href":"https:\/\/agora.xtec.cat\/ceiprieraderibes\/wp-json\/wp\/v2\/media?parent=11035"}],"wp:term":[{"taxonomy":"category","embeddable":true,"href":"https:\/\/agora.xtec.cat\/ceiprieraderibes\/wp-json\/wp\/v2\/categories?post=11035"},{"taxonomy":"post_tag","embeddable":true,"href":"https:\/\/agora.xtec.cat\/ceiprieraderibes\/wp-json\/wp\/v2\/tags?post=11035"}],"curies":[{"name":"wp","href":"https:\/\/api.w.org\/{rel}","templated":true}]}}