{"id":11025,"date":"2020-12-07T14:07:41","date_gmt":"2020-12-07T13:07:41","guid":{"rendered":"http:\/\/agora.xtec.cat\/ceiprieraderibes\/?p=11025"},"modified":"2020-12-07T14:07:41","modified_gmt":"2020-12-07T13:07:41","slug":"hem-comencat-preguntes","status":"publish","type":"post","link":"https:\/\/agora.xtec.cat\/ceiprieraderibes\/general\/hem-comencat-preguntes\/","title":{"rendered":"HEM COMEN\u00c7AT PREGUNTES!"},"content":{"rendered":"<p>Benvolgudes fam\u00edlies,<\/p>\n<p>Avui us portem un petit tastet de les tres preguntes interessants que tenim entre mans els nens i les nenes de 3r.<\/p>\n<p>Aquest any, fins i tot triar pregunta ha estat una mica diferent, per\u00f2 pensem que ens hem ensortit molt b\u00e9!<\/p>\n<p>A trav\u00e9s de les sortides que v\u00e0rem fer a principi de curs, cada espai va fer el seu propi sac de preguntes. De totes aquestes, es van seleccionar dues per a proposar a nivell de cicle i ho varem portar al GRAN SAC.<\/p>\n<p>Cada grup va gravar un v\u00eddeo explicant d\u2019on sortia la pregunta i quines coses s\u2019imaginaven fer. Gr\u00e0cies a aix\u00f2, v\u00e0rem fer un petit plenari amb les 18 preguntes interessants que hi havia de proposta.<\/p>\n<p>Un cop vistos tots els v\u00eddeos, cada infant de cada espai va triar una pregunta seguint uns criteris que pr\u00e8viament hav\u00edem compartit. Per a fer aquesta tria, cadasc\u00fa va escriure un text, utilitzant els models de textos argumentatius, les eines de connectors que tenim a les llibretes i les normes ortogr\u00e0fiques que estem el\u00b7laborant a les aules.<\/p>\n<p>Despr\u00e9s d\u2019aix\u00f2, cada espai va triar una pregunta interessant:<\/p>\n<ul>\n<li>ESPAI 7: Com podem ajudar a aturar el canvi clim\u00e0tic i salvar el planeta des de l\u2019escola?<\/li>\n<\/ul>\n<p><a href=\"https:\/\/agora.xtec.cat\/ceiprieraderibes\/wp-content\/uploads\/usu901\/2020\/12\/espai-7-4.jpg\"><img loading=\"lazy\" decoding=\"async\" class=\"alignnone wp-image-11026 size-medium\" src=\"https:\/\/agora.xtec.cat\/ceiprieraderibes\/wp-content\/uploads\/usu901\/2020\/12\/espai-7-4-e1607346172967-300x164.jpg\" alt=\"\" width=\"300\" height=\"164\" srcset=\"https:\/\/agora.xtec.cat\/ceiprieraderibes\/wp-content\/uploads\/usu901\/2020\/12\/espai-7-4-e1607346172967-300x164.jpg 300w, https:\/\/agora.xtec.cat\/ceiprieraderibes\/wp-content\/uploads\/usu901\/2020\/12\/espai-7-4-e1607346172967-768x420.jpg 768w, https:\/\/agora.xtec.cat\/ceiprieraderibes\/wp-content\/uploads\/usu901\/2020\/12\/espai-7-4-e1607346172967-1024x560.jpg 1024w, https:\/\/agora.xtec.cat\/ceiprieraderibes\/wp-content\/uploads\/usu901\/2020\/12\/espai-7-4-e1607346172967.jpg 1977w\" sizes=\"auto, (max-width: 300px) 100vw, 300px\" \/><\/a> <a href=\"https:\/\/agora.xtec.cat\/ceiprieraderibes\/wp-content\/uploads\/usu901\/2020\/12\/espai-7-3.jpg\"><img loading=\"lazy\" decoding=\"async\" class=\"alignnone wp-image-11027 size-medium\" src=\"https:\/\/agora.xtec.cat\/ceiprieraderibes\/wp-content\/uploads\/usu901\/2020\/12\/espai-7-3-e1607346190365-300x164.jpg\" alt=\"\" width=\"300\" height=\"164\" srcset=\"https:\/\/agora.xtec.cat\/ceiprieraderibes\/wp-content\/uploads\/usu901\/2020\/12\/espai-7-3-e1607346190365-300x164.jpg 300w, https:\/\/agora.xtec.cat\/ceiprieraderibes\/wp-content\/uploads\/usu901\/2020\/12\/espai-7-3-e1607346190365-768x420.jpg 768w, https:\/\/agora.xtec.cat\/ceiprieraderibes\/wp-content\/uploads\/usu901\/2020\/12\/espai-7-3-e1607346190365-1024x560.jpg 1024w, https:\/\/agora.xtec.cat\/ceiprieraderibes\/wp-content\/uploads\/usu901\/2020\/12\/espai-7-3-e1607346190365.jpg 1977w\" sizes=\"auto, (max-width: 300px) 100vw, 300px\" \/><\/a> <a href=\"https:\/\/agora.xtec.cat\/ceiprieraderibes\/wp-content\/uploads\/usu901\/2020\/12\/espai-7-2.jpg\"><img loading=\"lazy\" decoding=\"async\" class=\"alignnone wp-image-11028 size-medium\" src=\"https:\/\/agora.xtec.cat\/ceiprieraderibes\/wp-content\/uploads\/usu901\/2020\/12\/espai-7-2-e1607346213477-300x169.jpg\" alt=\"\" width=\"300\" height=\"169\" srcset=\"https:\/\/agora.xtec.cat\/ceiprieraderibes\/wp-content\/uploads\/usu901\/2020\/12\/espai-7-2-e1607346213477-300x169.jpg 300w, https:\/\/agora.xtec.cat\/ceiprieraderibes\/wp-content\/uploads\/usu901\/2020\/12\/espai-7-2-e1607346213477-768x433.jpg 768w, https:\/\/agora.xtec.cat\/ceiprieraderibes\/wp-content\/uploads\/usu901\/2020\/12\/espai-7-2-e1607346213477-1024x578.jpg 1024w, https:\/\/agora.xtec.cat\/ceiprieraderibes\/wp-content\/uploads\/usu901\/2020\/12\/espai-7-2-e1607346213477.jpg 1918w\" sizes=\"auto, (max-width: 300px) 100vw, 300px\" \/><\/a> <a href=\"https:\/\/agora.xtec.cat\/ceiprieraderibes\/wp-content\/uploads\/usu901\/2020\/12\/espai-7-1.jpg\"><img loading=\"lazy\" decoding=\"async\" class=\"alignnone wp-image-11029 size-medium\" src=\"https:\/\/agora.xtec.cat\/ceiprieraderibes\/wp-content\/uploads\/usu901\/2020\/12\/espai-7-1-e1607346230221-300x166.jpg\" alt=\"\" width=\"300\" height=\"166\" srcset=\"https:\/\/agora.xtec.cat\/ceiprieraderibes\/wp-content\/uploads\/usu901\/2020\/12\/espai-7-1-e1607346230221-300x166.jpg 300w, https:\/\/agora.xtec.cat\/ceiprieraderibes\/wp-content\/uploads\/usu901\/2020\/12\/espai-7-1-e1607346230221-768x424.jpg 768w, https:\/\/agora.xtec.cat\/ceiprieraderibes\/wp-content\/uploads\/usu901\/2020\/12\/espai-7-1-e1607346230221-1024x566.jpg 1024w, https:\/\/agora.xtec.cat\/ceiprieraderibes\/wp-content\/uploads\/usu901\/2020\/12\/espai-7-1-e1607346230221.jpg 1959w\" sizes=\"auto, (max-width: 300px) 100vw, 300px\" \/><\/a><\/p>\n<ul>\n<li>ESPAI 8: Com seria el m\u00f3n sense pl\u00e0stics?<\/li>\n<\/ul>\n<p><a href=\"https:\/\/agora.xtec.cat\/ceiprieraderibes\/wp-content\/uploads\/usu901\/2020\/12\/espai-8.jpg\"><img loading=\"lazy\" decoding=\"async\" class=\"alignnone wp-image-11030\" src=\"https:\/\/agora.xtec.cat\/ceiprieraderibes\/wp-content\/uploads\/usu901\/2020\/12\/espai-8-1024x768.jpg\" alt=\"\" width=\"600\" height=\"450\" srcset=\"https:\/\/agora.xtec.cat\/ceiprieraderibes\/wp-content\/uploads\/usu901\/2020\/12\/espai-8-1024x768.jpg 1024w, https:\/\/agora.xtec.cat\/ceiprieraderibes\/wp-content\/uploads\/usu901\/2020\/12\/espai-8-300x225.jpg 300w, https:\/\/agora.xtec.cat\/ceiprieraderibes\/wp-content\/uploads\/usu901\/2020\/12\/espai-8-768x576.jpg 768w, https:\/\/agora.xtec.cat\/ceiprieraderibes\/wp-content\/uploads\/usu901\/2020\/12\/espai-8-200x150.jpg 200w\" sizes=\"auto, (max-width: 600px) 100vw, 600px\" \/><\/a><\/p>\n<ul>\n<li>ESPAI 9: Quin \u00e9s l\u2019origen del Montgr\u00f3s?<\/li>\n<\/ul>\n<p><a href=\"https:\/\/agora.xtec.cat\/ceiprieraderibes\/wp-content\/uploads\/usu901\/2020\/12\/espai-9-3.jpg\"><img loading=\"lazy\" decoding=\"async\" class=\"alignnone wp-image-11031 size-medium\" src=\"https:\/\/agora.xtec.cat\/ceiprieraderibes\/wp-content\/uploads\/usu901\/2020\/12\/espai-9-3-225x300.jpg\" alt=\"\" width=\"225\" height=\"300\" srcset=\"https:\/\/agora.xtec.cat\/ceiprieraderibes\/wp-content\/uploads\/usu901\/2020\/12\/espai-9-3-225x300.jpg 225w, https:\/\/agora.xtec.cat\/ceiprieraderibes\/wp-content\/uploads\/usu901\/2020\/12\/espai-9-3-768x1024.jpg 768w, https:\/\/agora.xtec.cat\/ceiprieraderibes\/wp-content\/uploads\/usu901\/2020\/12\/espai-9-3.jpg 1200w\" sizes=\"auto, (max-width: 225px) 100vw, 225px\" \/><\/a> <a href=\"https:\/\/agora.xtec.cat\/ceiprieraderibes\/wp-content\/uploads\/usu901\/2020\/12\/espai-9-2.jpg\"><img loading=\"lazy\" decoding=\"async\" class=\"alignnone wp-image-11032 size-medium\" src=\"https:\/\/agora.xtec.cat\/ceiprieraderibes\/wp-content\/uploads\/usu901\/2020\/12\/espai-9-2-225x300.jpg\" alt=\"\" width=\"225\" height=\"300\" srcset=\"https:\/\/agora.xtec.cat\/ceiprieraderibes\/wp-content\/uploads\/usu901\/2020\/12\/espai-9-2-225x300.jpg 225w, https:\/\/agora.xtec.cat\/ceiprieraderibes\/wp-content\/uploads\/usu901\/2020\/12\/espai-9-2-768x1024.jpg 768w, https:\/\/agora.xtec.cat\/ceiprieraderibes\/wp-content\/uploads\/usu901\/2020\/12\/espai-9-2.jpg 1200w\" sizes=\"auto, (max-width: 225px) 100vw, 225px\" \/><\/a> <a href=\"https:\/\/agora.xtec.cat\/ceiprieraderibes\/wp-content\/uploads\/usu901\/2020\/12\/espai-9.jpg\"><img loading=\"lazy\" decoding=\"async\" class=\"alignnone wp-image-11033 size-medium\" src=\"https:\/\/agora.xtec.cat\/ceiprieraderibes\/wp-content\/uploads\/usu901\/2020\/12\/espai-9-225x300.jpg\" alt=\"\" width=\"225\" height=\"300\" srcset=\"https:\/\/agora.xtec.cat\/ceiprieraderibes\/wp-content\/uploads\/usu901\/2020\/12\/espai-9-225x300.jpg 225w, https:\/\/agora.xtec.cat\/ceiprieraderibes\/wp-content\/uploads\/usu901\/2020\/12\/espai-9-768x1024.jpg 768w, https:\/\/agora.xtec.cat\/ceiprieraderibes\/wp-content\/uploads\/usu901\/2020\/12\/espai-9.jpg 1200w\" sizes=\"auto, (max-width: 225px) 100vw, 225px\" \/><\/a><\/p>\n<p>Estem molt engrescats i engrescades amb les nostres preguntes! Encara estan en proc\u00e9s, per\u00f2 estem aprenent molt: llegim, escrivim, compartim, calculem, observem, escoltem, pensem, analitzem, imaginem, representem, experimentem\u2026<\/p>\n","protected":false},"excerpt":{"rendered":"<p>Benvolgudes fam\u00edlies,<br \/>\nAvui us portem un petit tastet de les tres preguntes interessants que tenim entre mans els nens i les nenes de 3r.<br \/>\nAquest any, fins i tot triar pregunta ha estat una mica diferent, per\u00f2 pensem que ens hem ensortit molt b\u00e9!<br \/>\nA trav\u00e9s de les&hellip;  <a href=\"https:\/\/agora.xtec.cat\/ceiprieraderibes\/general\/hem-comencat-preguntes\/\" title=\"Read HEM COMEN\u00c7AT PREGUNTES!\">Llegeix m\u00e9s\u00bb<\/a><\/p>\n","protected":false},"author":1,"featured_media":11030,"comment_status":"open","ping_status":"closed","sticky":false,"template":"","format":"standard","meta":{"_bbp_topic_count":0,"_bbp_reply_count":0,"_bbp_total_topic_count":0,"_bbp_total_reply_count":0,"_bbp_voice_count":0,"_bbp_anonymous_reply_count":0,"_bbp_topic_count_hidden":0,"_bbp_reply_count_hidden":0,"_bbp_forum_subforum_count":0,"footnotes":""},"categories":[47,1,4],"tags":[],"class_list":["post-11025","post","type-post","status-publish","format-standard","has-post-thumbnail","hentry","category-generacio-2012","category-general","category-portada"],"post_mailing_queue_ids":[],"_links":{"self":[{"href":"https:\/\/agora.xtec.cat\/ceiprieraderibes\/wp-json\/wp\/v2\/posts\/11025","targetHints":{"allow":["GET"]}}],"collection":[{"href":"https:\/\/agora.xtec.cat\/ceiprieraderibes\/wp-json\/wp\/v2\/posts"}],"about":[{"href":"https:\/\/agora.xtec.cat\/ceiprieraderibes\/wp-json\/wp\/v2\/types\/post"}],"author":[{"embeddable":true,"href":"https:\/\/agora.xtec.cat\/ceiprieraderibes\/wp-json\/wp\/v2\/users\/1"}],"replies":[{"embeddable":true,"href":"https:\/\/agora.xtec.cat\/ceiprieraderibes\/wp-json\/wp\/v2\/comments?post=11025"}],"version-history":[{"count":1,"href":"https:\/\/agora.xtec.cat\/ceiprieraderibes\/wp-json\/wp\/v2\/posts\/11025\/revisions"}],"predecessor-version":[{"id":11034,"href":"https:\/\/agora.xtec.cat\/ceiprieraderibes\/wp-json\/wp\/v2\/posts\/11025\/revisions\/11034"}],"wp:featuredmedia":[{"embeddable":true,"href":"https:\/\/agora.xtec.cat\/ceiprieraderibes\/wp-json\/wp\/v2\/media\/11030"}],"wp:attachment":[{"href":"https:\/\/agora.xtec.cat\/ceiprieraderibes\/wp-json\/wp\/v2\/media?parent=11025"}],"wp:term":[{"taxonomy":"category","embeddable":true,"href":"https:\/\/agora.xtec.cat\/ceiprieraderibes\/wp-json\/wp\/v2\/categories?post=11025"},{"taxonomy":"post_tag","embeddable":true,"href":"https:\/\/agora.xtec.cat\/ceiprieraderibes\/wp-json\/wp\/v2\/tags?post=11025"}],"curies":[{"name":"wp","href":"https:\/\/api.w.org\/{rel}","templated":true}]}}