{"id":11005,"date":"2020-12-03T18:44:39","date_gmt":"2020-12-03T17:44:39","guid":{"rendered":"http:\/\/agora.xtec.cat\/ceiprieraderibes\/?p=11005"},"modified":"2020-12-03T18:45:47","modified_gmt":"2020-12-03T17:45:47","slug":"treball-sobre-els-pintors-4t","status":"publish","type":"post","link":"https:\/\/agora.xtec.cat\/ceiprieraderibes\/portada\/treball-sobre-els-pintors-4t\/","title":{"rendered":"Treball sobre els pintors-4t"},"content":{"rendered":"<p style=\"text-align: justify;\"><span style=\"font-weight: 400;\">En un dels grups de quart amb la idea inicial de decorar els nostres calaixets ens va sorgir una tasca engrescadora. Aquesta consistia en con\u00e8ixer pintors famosos i algunes de les seves obres m\u00e9s destacades.<\/span><\/p>\n<p style=\"text-align: justify;\"><span style=\"font-weight: 400;\">Cadasc\u00fa des de casa es va comprometre a investigar sobre el personatge que havia triat i despr\u00e9s es va presentar un treball a l\u2019aula davant de la resta de companyes i companys.<\/span><\/p>\n<p style=\"text-align: justify;\"><span style=\"font-weight: 400;\">Personatges de la talla de Salvador Dal\u00ed, Frida Kalo, Leonardo Da Vinci, Vasil Kandinski, Pablo Picasso, Joan Mir\u00f3, Vincent Van Gogh, Claude Monet, Jackson Pollock i John Bramblitt van entrat a formar part de l\u2019aula.<\/span><\/p>\n<p style=\"text-align: justify;\"><span style=\"font-weight: 400;\">A part de descobrir trets importants de la vida d\u2019aquests artistes, aquesta feina tamb\u00e9 ens va permetre\u00a0 descobrir conceptes importants en el m\u00f3n de l\u2019art com ara el surrealisme, l\u2019impressionisme, el cubisme, la pintura d\u2019acci\u00f3, l\u2019art abstracte i tamb\u00e9 el concepte de pop art.<\/span><\/p>\n<p style=\"text-align: justify;\"><span style=\"font-weight: 400;\">De tots els pintors que vam treballar, ens va cridar l\u2019atenci\u00f3 l&#8217;\u00fanic que encara est\u00e0 viu, es tracta del John Bramblitt. D\u2019ell ens van agradar molt els quadres que s&#8217;engloben en el moviment pop art i va sorgir la idea de fer el nostre retrat amb aquesta t\u00e8cnica.\u00a0<\/span><\/p>\n<p style=\"text-align: justify;\"><span style=\"font-weight: 400;\">A conseq\u00fc\u00e8ncia d\u2019aquest treball vam con\u00e8ixer tamb\u00e9 grans obres de grans pintors.\u00a0<\/span><\/p>\n<p style=\"text-align: justify;\"><span style=\"font-weight: 400;\">Ens vam quedar amb l\u2019obra de Vincent Van Gogh \u201cLa nit estelada\u201d i ara l\u2019 estem pintant amb aquarel\u00b7les.<\/span><\/p>\n<p style=\"text-align: justify;\"><span style=\"font-weight: 400;\">Tamb\u00e9 estem preparant una altra tasca, per\u00f2 no us la podem desvetllar ja que forma part del\u00a0 regal del calendari d\u2019advent.<\/span><\/p>\n<p style=\"text-align: justify;\"><span style=\"font-weight: 400;\">Per cert, els nostres calaixets no tenen cap distintiu encara, ja comencem a ser grans i\u00a0 ning\u00fa es confon alhora de guardar la seva motxilla o jaqueta, per\u00f2 hem entrat en el m\u00f3n de l\u2019art per la porta gran i de ben segur que\u00a0 \u00a0 \u00a0 \u00a0continuarem treballant-lo.<\/span><\/p>\n<p><img loading=\"lazy\" decoding=\"async\" class=\"wp-image-11006 alignleft\" src=\"https:\/\/agora.xtec.cat\/ceiprieraderibes\/wp-content\/uploads\/usu901\/2020\/12\/1-e1607017091351-300x205.jpg\" alt=\"\" width=\"270\" height=\"185\" srcset=\"https:\/\/agora.xtec.cat\/ceiprieraderibes\/wp-content\/uploads\/usu901\/2020\/12\/1-e1607017091351-300x205.jpg 300w, https:\/\/agora.xtec.cat\/ceiprieraderibes\/wp-content\/uploads\/usu901\/2020\/12\/1-e1607017091351-768x526.jpg 768w, https:\/\/agora.xtec.cat\/ceiprieraderibes\/wp-content\/uploads\/usu901\/2020\/12\/1-e1607017091351-1024x701.jpg 1024w, https:\/\/agora.xtec.cat\/ceiprieraderibes\/wp-content\/uploads\/usu901\/2020\/12\/1-e1607017091351.jpg 1600w\" sizes=\"auto, (max-width: 270px) 100vw, 270px\" \/> <img loading=\"lazy\" decoding=\"async\" class=\"wp-image-11007 alignleft\" src=\"https:\/\/agora.xtec.cat\/ceiprieraderibes\/wp-content\/uploads\/usu901\/2020\/12\/2-e1607017212127-300x111.jpg\" alt=\"\" width=\"481\" height=\"178\" srcset=\"https:\/\/agora.xtec.cat\/ceiprieraderibes\/wp-content\/uploads\/usu901\/2020\/12\/2-e1607017212127-300x111.jpg 300w, https:\/\/agora.xtec.cat\/ceiprieraderibes\/wp-content\/uploads\/usu901\/2020\/12\/2-e1607017212127-768x284.jpg 768w, https:\/\/agora.xtec.cat\/ceiprieraderibes\/wp-content\/uploads\/usu901\/2020\/12\/2-e1607017212127-1024x379.jpg 1024w, https:\/\/agora.xtec.cat\/ceiprieraderibes\/wp-content\/uploads\/usu901\/2020\/12\/2-e1607017212127.jpg 1512w\" sizes=\"auto, (max-width: 481px) 100vw, 481px\" \/><\/p>\n<p>&nbsp;<\/p>\n","protected":false},"excerpt":{"rendered":"<p>En un dels grups de quart amb la idea inicial de decorar els nostres calaixets ens va sorgir una tasca engrescadora. Aquesta consistia en con\u00e8ixer pintors famosos i algunes de les seves obres m\u00e9s destacades.&hellip;  <a href=\"https:\/\/agora.xtec.cat\/ceiprieraderibes\/portada\/treball-sobre-els-pintors-4t\/\" title=\"Read Treball sobre els pintors-4t\">Llegeix m\u00e9s\u00bb<\/a><\/p>\n","protected":false},"author":175,"featured_media":11006,"comment_status":"open","ping_status":"closed","sticky":false,"template":"","format":"standard","meta":{"_bbp_topic_count":0,"_bbp_reply_count":0,"_bbp_total_topic_count":0,"_bbp_total_reply_count":0,"_bbp_voice_count":0,"_bbp_anonymous_reply_count":0,"_bbp_topic_count_hidden":0,"_bbp_reply_count_hidden":0,"_bbp_forum_subforum_count":0,"footnotes":""},"categories":[48,4],"tags":[],"class_list":["post-11005","post","type-post","status-publish","format-standard","has-post-thumbnail","hentry","category-generacio-2011","category-portada"],"post_mailing_queue_ids":[],"_links":{"self":[{"href":"https:\/\/agora.xtec.cat\/ceiprieraderibes\/wp-json\/wp\/v2\/posts\/11005","targetHints":{"allow":["GET"]}}],"collection":[{"href":"https:\/\/agora.xtec.cat\/ceiprieraderibes\/wp-json\/wp\/v2\/posts"}],"about":[{"href":"https:\/\/agora.xtec.cat\/ceiprieraderibes\/wp-json\/wp\/v2\/types\/post"}],"author":[{"embeddable":true,"href":"https:\/\/agora.xtec.cat\/ceiprieraderibes\/wp-json\/wp\/v2\/users\/175"}],"replies":[{"embeddable":true,"href":"https:\/\/agora.xtec.cat\/ceiprieraderibes\/wp-json\/wp\/v2\/comments?post=11005"}],"version-history":[{"count":3,"href":"https:\/\/agora.xtec.cat\/ceiprieraderibes\/wp-json\/wp\/v2\/posts\/11005\/revisions"}],"predecessor-version":[{"id":11011,"href":"https:\/\/agora.xtec.cat\/ceiprieraderibes\/wp-json\/wp\/v2\/posts\/11005\/revisions\/11011"}],"wp:featuredmedia":[{"embeddable":true,"href":"https:\/\/agora.xtec.cat\/ceiprieraderibes\/wp-json\/wp\/v2\/media\/11006"}],"wp:attachment":[{"href":"https:\/\/agora.xtec.cat\/ceiprieraderibes\/wp-json\/wp\/v2\/media?parent=11005"}],"wp:term":[{"taxonomy":"category","embeddable":true,"href":"https:\/\/agora.xtec.cat\/ceiprieraderibes\/wp-json\/wp\/v2\/categories?post=11005"},{"taxonomy":"post_tag","embeddable":true,"href":"https:\/\/agora.xtec.cat\/ceiprieraderibes\/wp-json\/wp\/v2\/tags?post=11005"}],"curies":[{"name":"wp","href":"https:\/\/api.w.org\/{rel}","templated":true}]}}