{"id":10955,"date":"2020-11-30T13:40:24","date_gmt":"2020-11-30T12:40:24","guid":{"rendered":"http:\/\/agora.xtec.cat\/ceiprieraderibes\/?p=10955"},"modified":"2020-11-30T13:40:24","modified_gmt":"2020-11-30T12:40:24","slug":"no-ens-agrada-la-bruticia","status":"publish","type":"post","link":"https:\/\/agora.xtec.cat\/ceiprieraderibes\/general\/no-ens-agrada-la-bruticia\/","title":{"rendered":"NO ENS AGRADA LA BRUT\u00cdCIA!!"},"content":{"rendered":"<p>Els nens i nenes de P5 vam anar a veure les vinyes que hi ha a prop de l\u2019escola! Sabeu qu\u00e8? No ens va agradar gens tota la brut\u00edcia que hi vam trobar al voltant!<br \/>\nAix\u00f2 ens va fer plantejar-nos si a la nostra classe recicl\u00e0vem prou b\u00e9\u2026 vam veure la necessitat de fer m\u00e9s brosses per tal de reciclar millor les deixalles que generem di\u00e0riament.<\/p>\n<p><img loading=\"lazy\" decoding=\"async\" class=\"alignleft wp-image-10959 size-medium\" src=\"https:\/\/agora.xtec.cat\/ceiprieraderibes\/wp-content\/uploads\/usu901\/2020\/11\/20201021_102758-300x146.jpg\" alt=\"\" width=\"300\" height=\"146\" srcset=\"https:\/\/agora.xtec.cat\/ceiprieraderibes\/wp-content\/uploads\/usu901\/2020\/11\/20201021_102758-300x146.jpg 300w, https:\/\/agora.xtec.cat\/ceiprieraderibes\/wp-content\/uploads\/usu901\/2020\/11\/20201021_102758-768x373.jpg 768w, https:\/\/agora.xtec.cat\/ceiprieraderibes\/wp-content\/uploads\/usu901\/2020\/11\/20201021_102758-1024x498.jpg 1024w, https:\/\/agora.xtec.cat\/ceiprieraderibes\/wp-content\/uploads\/usu901\/2020\/11\/20201021_102758.jpg 2016w\" sizes=\"auto, (max-width: 300px) 100vw, 300px\" \/><img loading=\"lazy\" decoding=\"async\" class=\"aligncenter wp-image-10960 \" src=\"https:\/\/agora.xtec.cat\/ceiprieraderibes\/wp-content\/uploads\/usu901\/2020\/11\/20201021_102801-300x146.jpg\" alt=\"\" width=\"327\" height=\"159\" srcset=\"https:\/\/agora.xtec.cat\/ceiprieraderibes\/wp-content\/uploads\/usu901\/2020\/11\/20201021_102801-300x146.jpg 300w, https:\/\/agora.xtec.cat\/ceiprieraderibes\/wp-content\/uploads\/usu901\/2020\/11\/20201021_102801-768x373.jpg 768w, https:\/\/agora.xtec.cat\/ceiprieraderibes\/wp-content\/uploads\/usu901\/2020\/11\/20201021_102801-1024x498.jpg 1024w, https:\/\/agora.xtec.cat\/ceiprieraderibes\/wp-content\/uploads\/usu901\/2020\/11\/20201021_102801.jpg 2016w\" sizes=\"auto, (max-width: 327px) 100vw, 327px\" \/><\/p>\n<p>&nbsp;<\/p>\n<p>Durant un dia vam estar observant quin tipus de deixalles generaven a la nostra classe. Gr\u00e0cies a aix\u00f2 vam poder determinar quantes brosses hav\u00edem de construir.\u00a0<img loading=\"lazy\" decoding=\"async\" class=\"alignright wp-image-10958 \" src=\"https:\/\/agora.xtec.cat\/ceiprieraderibes\/wp-content\/uploads\/usu901\/2020\/11\/20201020_095446-1-300x146.jpg\" alt=\"\" width=\"537\" height=\"261\" srcset=\"https:\/\/agora.xtec.cat\/ceiprieraderibes\/wp-content\/uploads\/usu901\/2020\/11\/20201020_095446-1-300x146.jpg 300w, https:\/\/agora.xtec.cat\/ceiprieraderibes\/wp-content\/uploads\/usu901\/2020\/11\/20201020_095446-1-768x373.jpg 768w, https:\/\/agora.xtec.cat\/ceiprieraderibes\/wp-content\/uploads\/usu901\/2020\/11\/20201020_095446-1-1024x498.jpg 1024w\" sizes=\"auto, (max-width: 537px) 100vw, 537px\" \/><br \/>\n<img loading=\"lazy\" decoding=\"async\" class=\"alignleft wp-image-10957 \" src=\"https:\/\/agora.xtec.cat\/ceiprieraderibes\/wp-content\/uploads\/usu901\/2020\/11\/20201020_154807-1-146x300.jpg\" alt=\"\" width=\"244\" height=\"501\" srcset=\"https:\/\/agora.xtec.cat\/ceiprieraderibes\/wp-content\/uploads\/usu901\/2020\/11\/20201020_154807-1-146x300.jpg 146w, https:\/\/agora.xtec.cat\/ceiprieraderibes\/wp-content\/uploads\/usu901\/2020\/11\/20201020_154807-1-768x1580.jpg 768w, https:\/\/agora.xtec.cat\/ceiprieraderibes\/wp-content\/uploads\/usu901\/2020\/11\/20201020_154807-1-498x1024.jpg 498w, https:\/\/agora.xtec.cat\/ceiprieraderibes\/wp-content\/uploads\/usu901\/2020\/11\/20201020_154807-1.jpg 1960w\" sizes=\"auto, (max-width: 244px) 100vw, 244px\" \/><\/p>\n<p>&nbsp;<\/p>\n<p>&nbsp;<\/p>\n<p>&nbsp;<\/p>\n<p>&nbsp;<\/p>\n<p>&nbsp;<\/p>\n<p>&nbsp;<\/p>\n<p>&nbsp;<\/p>\n<p>&nbsp;<\/p>\n<p>&nbsp;<\/p>\n<p>&nbsp;<\/p>\n<p>&nbsp;<\/p>\n<p>&nbsp;<\/p>\n<p>Vam comen\u00e7ar a construir-les amb cartr\u00f3.<br \/>\n<img loading=\"lazy\" decoding=\"async\" class=\"aligncenter wp-image-10961 size-large\" src=\"https:\/\/agora.xtec.cat\/ceiprieraderibes\/wp-content\/uploads\/usu901\/2020\/11\/20201023_151947-1024x498.jpg\" alt=\"\" width=\"1024\" height=\"498\" srcset=\"https:\/\/agora.xtec.cat\/ceiprieraderibes\/wp-content\/uploads\/usu901\/2020\/11\/20201023_151947-1024x498.jpg 1024w, https:\/\/agora.xtec.cat\/ceiprieraderibes\/wp-content\/uploads\/usu901\/2020\/11\/20201023_151947-300x146.jpg 300w, https:\/\/agora.xtec.cat\/ceiprieraderibes\/wp-content\/uploads\/usu901\/2020\/11\/20201023_151947-768x373.jpg 768w, https:\/\/agora.xtec.cat\/ceiprieraderibes\/wp-content\/uploads\/usu901\/2020\/11\/20201023_151947.jpg 2016w\" sizes=\"auto, (max-width: 1024px) 100vw, 1024px\" \/><br \/>\n<code>Vam anar donant forma a les nostres brosses. Un cop acabades vam decidir quins colors necessit\u00e0vem per pintar-les, gris, marr\u00f3, groc i blau.<br \/>\n<img loading=\"lazy\" decoding=\"async\" class=\"aligncenter wp-image-10962 size-large\" src=\"https:\/\/agora.xtec.cat\/ceiprieraderibes\/wp-content\/uploads\/usu901\/2020\/11\/20201104_153224-1024x498.jpg\" alt=\"\" width=\"1024\" height=\"498\" srcset=\"https:\/\/agora.xtec.cat\/ceiprieraderibes\/wp-content\/uploads\/usu901\/2020\/11\/20201104_153224-1024x498.jpg 1024w, https:\/\/agora.xtec.cat\/ceiprieraderibes\/wp-content\/uploads\/usu901\/2020\/11\/20201104_153224-300x146.jpg 300w, https:\/\/agora.xtec.cat\/ceiprieraderibes\/wp-content\/uploads\/usu901\/2020\/11\/20201104_153224-768x373.jpg 768w, https:\/\/agora.xtec.cat\/ceiprieraderibes\/wp-content\/uploads\/usu901\/2020\/11\/20201104_153224.jpg 2016w\" sizes=\"auto, (max-width: 1024px) 100vw, 1024px\" \/><\/code><\/p>\n<p><img loading=\"lazy\" decoding=\"async\" class=\"alignright wp-image-10963 size-medium\" src=\"https:\/\/agora.xtec.cat\/ceiprieraderibes\/wp-content\/uploads\/usu901\/2020\/11\/20201104_153233-300x146.jpg\" alt=\"\" width=\"300\" height=\"146\" srcset=\"https:\/\/agora.xtec.cat\/ceiprieraderibes\/wp-content\/uploads\/usu901\/2020\/11\/20201104_153233-300x146.jpg 300w, https:\/\/agora.xtec.cat\/ceiprieraderibes\/wp-content\/uploads\/usu901\/2020\/11\/20201104_153233-768x373.jpg 768w, https:\/\/agora.xtec.cat\/ceiprieraderibes\/wp-content\/uploads\/usu901\/2020\/11\/20201104_153233-1024x498.jpg 1024w, https:\/\/agora.xtec.cat\/ceiprieraderibes\/wp-content\/uploads\/usu901\/2020\/11\/20201104_153233.jpg 2016w\" sizes=\"auto, (max-width: 300px) 100vw, 300px\" \/><\/p>\n<p><img loading=\"lazy\" decoding=\"async\" class=\"alignleft wp-image-10964 size-medium\" src=\"https:\/\/agora.xtec.cat\/ceiprieraderibes\/wp-content\/uploads\/usu901\/2020\/11\/20201110_103418-300x146.jpg\" alt=\"\" width=\"300\" height=\"146\" srcset=\"https:\/\/agora.xtec.cat\/ceiprieraderibes\/wp-content\/uploads\/usu901\/2020\/11\/20201110_103418-300x146.jpg 300w, https:\/\/agora.xtec.cat\/ceiprieraderibes\/wp-content\/uploads\/usu901\/2020\/11\/20201110_103418-768x373.jpg 768w, https:\/\/agora.xtec.cat\/ceiprieraderibes\/wp-content\/uploads\/usu901\/2020\/11\/20201110_103418-1024x498.jpg 1024w, https:\/\/agora.xtec.cat\/ceiprieraderibes\/wp-content\/uploads\/usu901\/2020\/11\/20201110_103418.jpg 2016w\" sizes=\"auto, (max-width: 300px) 100vw, 300px\" \/><\/p>\n<p>Ara procurem llen\u00e7ar les deixalles al color que toca i tenim molta cura del nostre entorn.<br \/>\n<img loading=\"lazy\" decoding=\"async\" class=\"aligncenter wp-image-10965 size-large\" src=\"https:\/\/agora.xtec.cat\/ceiprieraderibes\/wp-content\/uploads\/usu901\/2020\/11\/20201113_093843-1024x498.jpg\" alt=\"\" width=\"1024\" height=\"498\" srcset=\"https:\/\/agora.xtec.cat\/ceiprieraderibes\/wp-content\/uploads\/usu901\/2020\/11\/20201113_093843-1024x498.jpg 1024w, https:\/\/agora.xtec.cat\/ceiprieraderibes\/wp-content\/uploads\/usu901\/2020\/11\/20201113_093843-300x146.jpg 300w, https:\/\/agora.xtec.cat\/ceiprieraderibes\/wp-content\/uploads\/usu901\/2020\/11\/20201113_093843-768x373.jpg 768w, https:\/\/agora.xtec.cat\/ceiprieraderibes\/wp-content\/uploads\/usu901\/2020\/11\/20201113_093843.jpg 2016w\" sizes=\"auto, (max-width: 1024px) 100vw, 1024px\" \/><\/p>\n","protected":false},"excerpt":{"rendered":"<p>Els nens i nenes de P5 vam anar a veure les vinyes que hi ha a prop de l\u2019escola! Sabeu qu\u00e8? No ens va agradar gens tota la brut\u00edcia que hi vam trobar al voltant!<br \/>\nAix\u00f2 ens va fer plantejar-nos si a la nostra classe recicl\u00e0vem&hellip;  <a href=\"https:\/\/agora.xtec.cat\/ceiprieraderibes\/general\/no-ens-agrada-la-bruticia\/\" title=\"Read NO ENS AGRADA LA BRUT\u00cdCIA!!\">Llegeix m\u00e9s\u00bb<\/a><\/p>\n","protected":false},"author":357,"featured_media":10961,"comment_status":"open","ping_status":"closed","sticky":false,"template":"","format":"standard","meta":{"_bbp_topic_count":0,"_bbp_reply_count":0,"_bbp_total_topic_count":0,"_bbp_total_reply_count":0,"_bbp_voice_count":0,"_bbp_anonymous_reply_count":0,"_bbp_topic_count_hidden":0,"_bbp_reply_count_hidden":0,"_bbp_forum_subforum_count":0,"footnotes":""},"categories":[196,201,228,1,4],"tags":[],"class_list":["post-10955","post","type-post","status-publish","format-standard","has-post-thumbnail","hentry","category-generacio-2015","category-generacio-2016","category-generacio-2017","category-general","category-portada"],"post_mailing_queue_ids":[],"_links":{"self":[{"href":"https:\/\/agora.xtec.cat\/ceiprieraderibes\/wp-json\/wp\/v2\/posts\/10955","targetHints":{"allow":["GET"]}}],"collection":[{"href":"https:\/\/agora.xtec.cat\/ceiprieraderibes\/wp-json\/wp\/v2\/posts"}],"about":[{"href":"https:\/\/agora.xtec.cat\/ceiprieraderibes\/wp-json\/wp\/v2\/types\/post"}],"author":[{"embeddable":true,"href":"https:\/\/agora.xtec.cat\/ceiprieraderibes\/wp-json\/wp\/v2\/users\/357"}],"replies":[{"embeddable":true,"href":"https:\/\/agora.xtec.cat\/ceiprieraderibes\/wp-json\/wp\/v2\/comments?post=10955"}],"version-history":[{"count":2,"href":"https:\/\/agora.xtec.cat\/ceiprieraderibes\/wp-json\/wp\/v2\/posts\/10955\/revisions"}],"predecessor-version":[{"id":10967,"href":"https:\/\/agora.xtec.cat\/ceiprieraderibes\/wp-json\/wp\/v2\/posts\/10955\/revisions\/10967"}],"wp:featuredmedia":[{"embeddable":true,"href":"https:\/\/agora.xtec.cat\/ceiprieraderibes\/wp-json\/wp\/v2\/media\/10961"}],"wp:attachment":[{"href":"https:\/\/agora.xtec.cat\/ceiprieraderibes\/wp-json\/wp\/v2\/media?parent=10955"}],"wp:term":[{"taxonomy":"category","embeddable":true,"href":"https:\/\/agora.xtec.cat\/ceiprieraderibes\/wp-json\/wp\/v2\/categories?post=10955"},{"taxonomy":"post_tag","embeddable":true,"href":"https:\/\/agora.xtec.cat\/ceiprieraderibes\/wp-json\/wp\/v2\/tags?post=10955"}],"curies":[{"name":"wp","href":"https:\/\/api.w.org\/{rel}","templated":true}]}}