{"id":10912,"date":"2020-11-18T23:53:30","date_gmt":"2020-11-18T22:53:30","guid":{"rendered":"http:\/\/agora.xtec.cat\/ceiprieraderibes\/?p=10912"},"modified":"2020-11-19T07:08:29","modified_gmt":"2020-11-19T06:08:29","slug":"endevineu-qui-som","status":"publish","type":"post","link":"https:\/\/agora.xtec.cat\/ceiprieraderibes\/portada\/endevineu-qui-som\/","title":{"rendered":"ENDEVINEU QUI SOM? 5\u00e8"},"content":{"rendered":"<p style=\"text-align: justify;\"><span style=\"font-weight: 400;\">Els i les alumnes del nivell de 5\u00e8 hem treballat les comparacions i les descripcions.\u00a0<\/span><\/p>\n<p style=\"text-align: justify;\"><span style=\"font-weight: 400;\">Aqu\u00ed us deixem una mostra de la nostra feina. Mitjan\u00e7ant aquesta proposta que \u00e9s un joc: endevinar qui som.<\/span><\/p>\n<p style=\"text-align: justify;\"><span style=\"font-weight: 400;\">Les pistes que us donem s\u00f3n les seg\u00fcents:<\/span><\/p>\n<ul style=\"text-align: justify;\">\n<li style=\"font-weight: 400;\"><span style=\"font-weight: 400;\">les nostres imatges a trav\u00e9s\u00a0 d\u2019un dibuix de cadasc\u00fa on hem utilitzat el contrast de blanc i negre,\u00a0<\/span><\/li>\n<li style=\"font-weight: 400;\"><span style=\"font-weight: 400;\">la nostra descripci\u00f3 facial amb\u00a0 met\u00e0fores i comparacions,\u00a0\u00a0<\/span><\/li>\n<li style=\"font-weight: 400;\"><span style=\"font-weight: 400;\">i per finalitzar la nostra veu.<\/span><\/li>\n<\/ul>\n<p style=\"text-align: justify;\"><span style=\"font-weight: 400;\">Us atreviu?<\/span><\/p>\n<p style=\"text-align: justify;\"><span style=\"font-weight: 400;\">Desitgem que gaudiu.<\/span><\/p>\n<p><iframe loading=\"lazy\" title=\"v\u00eddeo pel web\" src=\"https:\/\/player.vimeo.com\/video\/480984294?dnt=1&amp;app_id=122963\" width=\"422\" height=\"750\" frameborder=\"0\" allow=\"autoplay; fullscreen; picture-in-picture; clipboard-write\"><\/iframe><\/p>\n","protected":false},"excerpt":{"rendered":"<p>Els i les alumnes del nivell de 5\u00e8 hem treballat les comparacions i les descripcions.\u00a0&hellip;  <a href=\"https:\/\/agora.xtec.cat\/ceiprieraderibes\/portada\/endevineu-qui-som\/\" title=\"Read ENDEVINEU QUI SOM? 5\u00e8\">Llegeix m\u00e9s\u00bb<\/a><\/p>\n","protected":false},"author":175,"featured_media":10913,"comment_status":"open","ping_status":"closed","sticky":false,"template":"","format":"standard","meta":{"_bbp_topic_count":0,"_bbp_reply_count":0,"_bbp_total_topic_count":0,"_bbp_total_reply_count":0,"_bbp_voice_count":0,"_bbp_anonymous_reply_count":0,"_bbp_topic_count_hidden":0,"_bbp_reply_count_hidden":0,"_bbp_forum_subforum_count":0,"footnotes":""},"categories":[49,4],"tags":[],"class_list":["post-10912","post","type-post","status-publish","format-standard","has-post-thumbnail","hentry","category-generacio-2010","category-portada"],"post_mailing_queue_ids":[],"_links":{"self":[{"href":"https:\/\/agora.xtec.cat\/ceiprieraderibes\/wp-json\/wp\/v2\/posts\/10912","targetHints":{"allow":["GET"]}}],"collection":[{"href":"https:\/\/agora.xtec.cat\/ceiprieraderibes\/wp-json\/wp\/v2\/posts"}],"about":[{"href":"https:\/\/agora.xtec.cat\/ceiprieraderibes\/wp-json\/wp\/v2\/types\/post"}],"author":[{"embeddable":true,"href":"https:\/\/agora.xtec.cat\/ceiprieraderibes\/wp-json\/wp\/v2\/users\/175"}],"replies":[{"embeddable":true,"href":"https:\/\/agora.xtec.cat\/ceiprieraderibes\/wp-json\/wp\/v2\/comments?post=10912"}],"version-history":[{"count":3,"href":"https:\/\/agora.xtec.cat\/ceiprieraderibes\/wp-json\/wp\/v2\/posts\/10912\/revisions"}],"predecessor-version":[{"id":10919,"href":"https:\/\/agora.xtec.cat\/ceiprieraderibes\/wp-json\/wp\/v2\/posts\/10912\/revisions\/10919"}],"wp:featuredmedia":[{"embeddable":true,"href":"https:\/\/agora.xtec.cat\/ceiprieraderibes\/wp-json\/wp\/v2\/media\/10913"}],"wp:attachment":[{"href":"https:\/\/agora.xtec.cat\/ceiprieraderibes\/wp-json\/wp\/v2\/media?parent=10912"}],"wp:term":[{"taxonomy":"category","embeddable":true,"href":"https:\/\/agora.xtec.cat\/ceiprieraderibes\/wp-json\/wp\/v2\/categories?post=10912"},{"taxonomy":"post_tag","embeddable":true,"href":"https:\/\/agora.xtec.cat\/ceiprieraderibes\/wp-json\/wp\/v2\/tags?post=10912"}],"curies":[{"name":"wp","href":"https:\/\/api.w.org\/{rel}","templated":true}]}}