{"id":10892,"date":"2020-11-18T08:58:22","date_gmt":"2020-11-18T07:58:22","guid":{"rendered":"http:\/\/agora.xtec.cat\/ceiprieraderibes\/?p=10892"},"modified":"2020-11-18T08:58:22","modified_gmt":"2020-11-18T07:58:22","slug":"els-primers-dies-a-3r","status":"publish","type":"post","link":"https:\/\/agora.xtec.cat\/ceiprieraderibes\/general\/els-primers-dies-a-3r\/","title":{"rendered":"Els primers dies a 3r"},"content":{"rendered":"<p>Estimades fam\u00edlies,<\/p>\n<p>Aquest escrit servir\u00e0 per ensenyar-vos el que hem estat treballant fins ara a l\u2019escola durant aquests primers dies. Com ha sigut un inici de curs diferent, hem necessitat fer algunes coses diferents. Per tant, us n\u2019explicarem unes quantes:<\/p>\n<p>En primer lloc, com no pod\u00edem tenir contacte amb els companys i les companyes del cicle, vam estar pensant com comunicar-nos amb ells i vam decidir fer-ho a trav\u00e9s d\u2019unes b\u00fasties per cada grup estable.<\/p>\n<p>Ten\u00edem moments per escriure\u2019ns i poder explicar-nos coses personals, per\u00f2 vam necessitar aprendre com era l\u2019estructura d\u2019una carta.<\/p>\n<p>Per altra banda, vam pensar com organitzar els moments de pati. Vam veure que hi havien 9 espais i cada dia hav\u00edem d\u2019anar a jugar a un lloc diferent. Vam voler aprofitar al m\u00e0xim la possibilitat que ens oferia cada espai i se\u2019ns va acudir fer un llibret de jocs per regalar als nens i nenes del cicle perqu\u00e8, tamb\u00e9 ells, poguessin jugar en tots els espais i divertir-se.<\/p>\n<p>A m\u00e9s a m\u00e9s, com que la realitat a l\u2019escola era tan diferent de com la ten\u00edem entesa abans,\u00a0 vam fer una organitzaci\u00f3 a l\u2019aula, als espais exteriors i el nou saber estar, adaptat a les mascaretes, la ventilaci\u00f3 i la higiene.<\/p>\n<p>Vam crear normes i acords perqu\u00e8 la classe funciones millor i sense conflictes.<\/p>\n<p>Tamb\u00e9, per organitzar-nos vam aprendre a treballar amb calendaris i planificadors.<\/p>\n<p>De la necessitat d\u2019entendre la temperatura que ens prenen a l\u2019entrada a l\u2019escola, us volem explicar que vam aprendre a fer gr\u00e0fiques. Aquestes ens serviran per ordenar i interpretar informaci\u00f3 sobre qualsevol cosa que vulguem investigar.<\/p>\n<p>Com aquest any, la pregunta interessant haur\u00e0 de ser la mateixa per a tot el grup, hem hagut de treballar el text argumentatiu per conv\u00e8ncer als nostres companys i companyes del perqu\u00e8 haur\u00edem de triar la pregunta que a nosaltres ens interessa i no un altre. Hem defensat amb arguments les nostres motivacions, aix\u00ed com les sortides que vol\u00edem fer com a grup.<\/p>\n<p>Estem aprenent a escriure molt i per aix\u00f2 hem fet uns acords ortogr\u00e0fics entre tots i totes i els estem treballant en cada text que escrivim.<\/p>\n<p>Per \u00faltim, per resoldre alguns problemes matem\u00e0tics i per comen\u00e7ar a treballar les multiplicacions, vam tenir la necessitat de treballar els valors dels nombres i saber qu\u00e8 s\u00f3n les Centenes, les Desenes, i les Unitats.<\/p>\n<p>En resum, volem dir-vos que estem molt b\u00e9. Les especialitats de M\u00fasica, Angl\u00e8s i Dins\/Fora ens agraden molt, tamb\u00e9 estem gaudint dels racons a les tardes i hem comen\u00e7at amb molta il\u00b7lusi\u00f3 les preguntes interessants. Les confer\u00e8ncies estan a punt de comen\u00e7ar! I aix\u00f2 no para!<\/p>\n<p><a href=\"https:\/\/agora.xtec.cat\/ceiprieraderibes\/wp-content\/uploads\/usu901\/2020\/11\/foto-3.jpg\"><img loading=\"lazy\" decoding=\"async\" class=\"alignnone  wp-image-10893\" src=\"https:\/\/agora.xtec.cat\/ceiprieraderibes\/wp-content\/uploads\/usu901\/2020\/11\/foto-3-768x1024.jpg\" alt=\"\" width=\"485\" height=\"646\" srcset=\"https:\/\/agora.xtec.cat\/ceiprieraderibes\/wp-content\/uploads\/usu901\/2020\/11\/foto-3-768x1024.jpg 768w, https:\/\/agora.xtec.cat\/ceiprieraderibes\/wp-content\/uploads\/usu901\/2020\/11\/foto-3-225x300.jpg 225w, https:\/\/agora.xtec.cat\/ceiprieraderibes\/wp-content\/uploads\/usu901\/2020\/11\/foto-3.jpg 900w\" sizes=\"auto, (max-width: 485px) 100vw, 485px\" \/><\/a> <a href=\"https:\/\/agora.xtec.cat\/ceiprieraderibes\/wp-content\/uploads\/usu901\/2020\/11\/foto-2.jpg\"><img loading=\"lazy\" decoding=\"async\" class=\"alignnone  wp-image-10894\" src=\"https:\/\/agora.xtec.cat\/ceiprieraderibes\/wp-content\/uploads\/usu901\/2020\/11\/foto-2-1024x768.jpg\" alt=\"\" width=\"484\" height=\"363\" srcset=\"https:\/\/agora.xtec.cat\/ceiprieraderibes\/wp-content\/uploads\/usu901\/2020\/11\/foto-2-1024x768.jpg 1024w, https:\/\/agora.xtec.cat\/ceiprieraderibes\/wp-content\/uploads\/usu901\/2020\/11\/foto-2-300x225.jpg 300w, https:\/\/agora.xtec.cat\/ceiprieraderibes\/wp-content\/uploads\/usu901\/2020\/11\/foto-2-768x576.jpg 768w, https:\/\/agora.xtec.cat\/ceiprieraderibes\/wp-content\/uploads\/usu901\/2020\/11\/foto-2-200x150.jpg 200w, https:\/\/agora.xtec.cat\/ceiprieraderibes\/wp-content\/uploads\/usu901\/2020\/11\/foto-2.jpg 1875w\" sizes=\"auto, (max-width: 484px) 100vw, 484px\" \/><\/a> <a href=\"https:\/\/agora.xtec.cat\/ceiprieraderibes\/wp-content\/uploads\/usu901\/2020\/11\/foto-1.jpg\"><img loading=\"lazy\" decoding=\"async\" class=\"alignnone  wp-image-10895\" src=\"https:\/\/agora.xtec.cat\/ceiprieraderibes\/wp-content\/uploads\/usu901\/2020\/11\/foto-1-1024x768.jpg\" alt=\"\" width=\"485\" height=\"364\" srcset=\"https:\/\/agora.xtec.cat\/ceiprieraderibes\/wp-content\/uploads\/usu901\/2020\/11\/foto-1-1024x768.jpg 1024w, https:\/\/agora.xtec.cat\/ceiprieraderibes\/wp-content\/uploads\/usu901\/2020\/11\/foto-1-300x225.jpg 300w, https:\/\/agora.xtec.cat\/ceiprieraderibes\/wp-content\/uploads\/usu901\/2020\/11\/foto-1-768x576.jpg 768w, https:\/\/agora.xtec.cat\/ceiprieraderibes\/wp-content\/uploads\/usu901\/2020\/11\/foto-1-200x150.jpg 200w, https:\/\/agora.xtec.cat\/ceiprieraderibes\/wp-content\/uploads\/usu901\/2020\/11\/foto-1.jpg 1200w\" sizes=\"auto, (max-width: 485px) 100vw, 485px\" \/><\/a><\/p>\n","protected":false},"excerpt":{"rendered":"<p>Estimades fam\u00edlies,<br \/>\nAquest escrit servir\u00e0 per ensenyar-vos el que hem estat treballant fins ara a l\u2019escola durant aquests primers dies. Com ha sigut un inici de curs diferent, hem necessitat fer algunes coses diferents. Per tant, us n\u2019explicarem unes quantes:<br \/>\nEn primer lloc, com no pod\u00edem tenir&hellip;  <a href=\"https:\/\/agora.xtec.cat\/ceiprieraderibes\/general\/els-primers-dies-a-3r\/\" title=\"Read Els primers dies a 3r\">Llegeix m\u00e9s\u00bb<\/a><\/p>\n","protected":false},"author":1,"featured_media":10895,"comment_status":"open","ping_status":"closed","sticky":false,"template":"","format":"standard","meta":{"_bbp_topic_count":0,"_bbp_reply_count":0,"_bbp_total_topic_count":0,"_bbp_total_reply_count":0,"_bbp_voice_count":0,"_bbp_anonymous_reply_count":0,"_bbp_topic_count_hidden":0,"_bbp_reply_count_hidden":0,"_bbp_forum_subforum_count":0,"footnotes":""},"categories":[47,1,4],"tags":[],"class_list":["post-10892","post","type-post","status-publish","format-standard","has-post-thumbnail","hentry","category-generacio-2012","category-general","category-portada"],"post_mailing_queue_ids":[],"_links":{"self":[{"href":"https:\/\/agora.xtec.cat\/ceiprieraderibes\/wp-json\/wp\/v2\/posts\/10892","targetHints":{"allow":["GET"]}}],"collection":[{"href":"https:\/\/agora.xtec.cat\/ceiprieraderibes\/wp-json\/wp\/v2\/posts"}],"about":[{"href":"https:\/\/agora.xtec.cat\/ceiprieraderibes\/wp-json\/wp\/v2\/types\/post"}],"author":[{"embeddable":true,"href":"https:\/\/agora.xtec.cat\/ceiprieraderibes\/wp-json\/wp\/v2\/users\/1"}],"replies":[{"embeddable":true,"href":"https:\/\/agora.xtec.cat\/ceiprieraderibes\/wp-json\/wp\/v2\/comments?post=10892"}],"version-history":[{"count":2,"href":"https:\/\/agora.xtec.cat\/ceiprieraderibes\/wp-json\/wp\/v2\/posts\/10892\/revisions"}],"predecessor-version":[{"id":10897,"href":"https:\/\/agora.xtec.cat\/ceiprieraderibes\/wp-json\/wp\/v2\/posts\/10892\/revisions\/10897"}],"wp:featuredmedia":[{"embeddable":true,"href":"https:\/\/agora.xtec.cat\/ceiprieraderibes\/wp-json\/wp\/v2\/media\/10895"}],"wp:attachment":[{"href":"https:\/\/agora.xtec.cat\/ceiprieraderibes\/wp-json\/wp\/v2\/media?parent=10892"}],"wp:term":[{"taxonomy":"category","embeddable":true,"href":"https:\/\/agora.xtec.cat\/ceiprieraderibes\/wp-json\/wp\/v2\/categories?post=10892"},{"taxonomy":"post_tag","embeddable":true,"href":"https:\/\/agora.xtec.cat\/ceiprieraderibes\/wp-json\/wp\/v2\/tags?post=10892"}],"curies":[{"name":"wp","href":"https:\/\/api.w.org\/{rel}","templated":true}]}}