{"id":10878,"date":"2020-11-17T08:49:44","date_gmt":"2020-11-17T07:49:44","guid":{"rendered":"http:\/\/agora.xtec.cat\/ceiprieraderibes\/?p=10878"},"modified":"2020-11-17T17:18:16","modified_gmt":"2020-11-17T16:18:16","slug":"sortida-a-la-cova-negra-1r","status":"publish","type":"post","link":"https:\/\/agora.xtec.cat\/ceiprieraderibes\/general\/sortida-a-la-cova-negra-1r\/","title":{"rendered":"Explorem l&#8217;entorn: la Cova negra 1r"},"content":{"rendered":"<p style=\"text-align: left\">El passat 06\/10 els nois i noies de primer de prim\u00e0ria vam fer una sortida pels voltants de Ribes fins la ben coneguda &#8220;Cova negra&#8221; que tenim al nostre municipi.<br \/>\nVa ser una excursi\u00f3 molt bonica i interessant\u00a0a on hem tingut l&#8217;oportunitat de veure la flora m\u00e9s caracter\u00edstica de la nostra comarca; Farigola, llentiscle, roman\u00ed, pi blanc, garrofer, roure, margall\u00f3, i tamb\u00e9 part de la fauna com esquirols, el picot verd, el pit roig, el drag\u00f3 i d&#8217;altres que sabem que hi s\u00f3n per\u00f2 que no van voler sortir al nostre pas.<\/p>\n<p><a href=\"https:\/\/agora.xtec.cat\/ceiprieraderibes\/wp-content\/uploads\/usu901\/2020\/11\/IMG_5444.jpg\"><img loading=\"lazy\" decoding=\"async\" class=\"alignnone wp-image-10880\" src=\"https:\/\/agora.xtec.cat\/ceiprieraderibes\/wp-content\/uploads\/usu901\/2020\/11\/IMG_5444-1024x768.jpg\" alt=\"\" width=\"443\" height=\"332\" srcset=\"https:\/\/agora.xtec.cat\/ceiprieraderibes\/wp-content\/uploads\/usu901\/2020\/11\/IMG_5444-1024x768.jpg 1024w, https:\/\/agora.xtec.cat\/ceiprieraderibes\/wp-content\/uploads\/usu901\/2020\/11\/IMG_5444-300x225.jpg 300w, https:\/\/agora.xtec.cat\/ceiprieraderibes\/wp-content\/uploads\/usu901\/2020\/11\/IMG_5444-768x576.jpg 768w, https:\/\/agora.xtec.cat\/ceiprieraderibes\/wp-content\/uploads\/usu901\/2020\/11\/IMG_5444-200x150.jpg 200w, https:\/\/agora.xtec.cat\/ceiprieraderibes\/wp-content\/uploads\/usu901\/2020\/11\/IMG_5444.jpg 2016w\" sizes=\"auto, (max-width: 443px) 100vw, 443px\" \/><\/a><\/p>\n<p>El moment m\u00e9s emocionant va ser quan tots i totes vam tenir la possibilitat de fer d&#8217;espele\u00f2legs principiants endinsant-nos per dins de la cova i les grutes que aquesta muntanya ens ofereix, unes aut\u00e8ntiques exploradores i exploradors.<\/p>\n<p>Va ser una gran jornada.<\/p>\n<p><a href=\"https:\/\/agora.xtec.cat\/ceiprieraderibes\/wp-content\/uploads\/usu901\/2020\/11\/IMG_5445.jpg\"><img loading=\"lazy\" decoding=\"async\" class=\"alignnone wp-image-10881\" src=\"https:\/\/agora.xtec.cat\/ceiprieraderibes\/wp-content\/uploads\/usu901\/2020\/11\/IMG_5445-1024x768.jpg\" alt=\"\" width=\"427\" height=\"320\" srcset=\"https:\/\/agora.xtec.cat\/ceiprieraderibes\/wp-content\/uploads\/usu901\/2020\/11\/IMG_5445-1024x768.jpg 1024w, https:\/\/agora.xtec.cat\/ceiprieraderibes\/wp-content\/uploads\/usu901\/2020\/11\/IMG_5445-300x225.jpg 300w, https:\/\/agora.xtec.cat\/ceiprieraderibes\/wp-content\/uploads\/usu901\/2020\/11\/IMG_5445-768x576.jpg 768w, https:\/\/agora.xtec.cat\/ceiprieraderibes\/wp-content\/uploads\/usu901\/2020\/11\/IMG_5445-200x150.jpg 200w, https:\/\/agora.xtec.cat\/ceiprieraderibes\/wp-content\/uploads\/usu901\/2020\/11\/IMG_5445.jpg 2016w\" sizes=\"auto, (max-width: 427px) 100vw, 427px\" \/><\/a><\/p>\n<p><a href=\"https:\/\/agora.xtec.cat\/ceiprieraderibes\/wp-content\/uploads\/usu901\/2020\/11\/IMG_5448-e1605599137720.jpg\"><img loading=\"lazy\" decoding=\"async\" class=\"alignnone wp-image-10882\" src=\"https:\/\/agora.xtec.cat\/ceiprieraderibes\/wp-content\/uploads\/usu901\/2020\/11\/IMG_5448-e1605599137720-768x1024.jpg\" alt=\"\" width=\"359\" height=\"479\" srcset=\"https:\/\/agora.xtec.cat\/ceiprieraderibes\/wp-content\/uploads\/usu901\/2020\/11\/IMG_5448-e1605599137720-768x1024.jpg 768w, https:\/\/agora.xtec.cat\/ceiprieraderibes\/wp-content\/uploads\/usu901\/2020\/11\/IMG_5448-e1605599137720-225x300.jpg 225w, https:\/\/agora.xtec.cat\/ceiprieraderibes\/wp-content\/uploads\/usu901\/2020\/11\/IMG_5448-e1605599137720.jpg 1512w\" sizes=\"auto, (max-width: 359px) 100vw, 359px\" \/> <\/a><a href=\"https:\/\/agora.xtec.cat\/ceiprieraderibes\/wp-content\/uploads\/usu901\/2020\/11\/IMG_5449-e1605599127941.jpg\"><img loading=\"lazy\" decoding=\"async\" class=\"alignnone wp-image-10883\" src=\"https:\/\/agora.xtec.cat\/ceiprieraderibes\/wp-content\/uploads\/usu901\/2020\/11\/IMG_5449-e1605599127941-768x1024.jpg\" alt=\"\" width=\"361\" height=\"482\" srcset=\"https:\/\/agora.xtec.cat\/ceiprieraderibes\/wp-content\/uploads\/usu901\/2020\/11\/IMG_5449-e1605599127941-768x1024.jpg 768w, https:\/\/agora.xtec.cat\/ceiprieraderibes\/wp-content\/uploads\/usu901\/2020\/11\/IMG_5449-e1605599127941-225x300.jpg 225w, https:\/\/agora.xtec.cat\/ceiprieraderibes\/wp-content\/uploads\/usu901\/2020\/11\/IMG_5449-e1605599127941.jpg 1512w\" sizes=\"auto, (max-width: 361px) 100vw, 361px\" \/><\/a><\/p>\n<div style=\"width: 1280px;\" class=\"wp-video\"><!--[if lt IE 9]><script>document.createElement('video');<\/script><![endif]-->\n<video class=\"wp-video-shortcode\" id=\"video-10878-1\" width=\"1280\" height=\"720\" preload=\"metadata\" controls=\"controls\"><source type=\"video\/mp4\" src=\"https:\/\/agora.xtec.cat\/ceiprieraderibes\/wp-content\/uploads\/usu901\/2020\/11\/espeleo-cova-negra.mp4?_=1\" \/><a href=\"https:\/\/agora.xtec.cat\/ceiprieraderibes\/wp-content\/uploads\/usu901\/2020\/11\/espeleo-cova-negra.mp4\">https:\/\/agora.xtec.cat\/ceiprieraderibes\/wp-content\/uploads\/usu901\/2020\/11\/espeleo-cova-negra.mp4<\/a><\/video><\/div>\n<p>&nbsp;<\/p>\n","protected":false},"excerpt":{"rendered":"<p>El passat 06\/10 els nois i noies de primer de prim\u00e0ria vam fer una sortida pels voltants de Ribes fins la ben coneguda &#8220;Cova negra&#8221; que tenim al nostre municipi.<br \/>\nVa ser una excursi\u00f3 molt bonica i interessant\u00a0a on hem tingut l&#8217;oportunitat de veure la flora&hellip;  <a href=\"https:\/\/agora.xtec.cat\/ceiprieraderibes\/general\/sortida-a-la-cova-negra-1r\/\" title=\"Read Explorem l&#8217;entorn: la Cova negra 1r\">Llegeix m\u00e9s\u00bb<\/a><\/p>\n","protected":false},"author":1,"featured_media":10881,"comment_status":"open","ping_status":"closed","sticky":false,"template":"","format":"standard","meta":{"_bbp_topic_count":0,"_bbp_reply_count":0,"_bbp_total_topic_count":0,"_bbp_total_reply_count":0,"_bbp_voice_count":0,"_bbp_anonymous_reply_count":0,"_bbp_topic_count_hidden":0,"_bbp_reply_count_hidden":0,"_bbp_forum_subforum_count":0,"footnotes":""},"categories":[177,1,4],"tags":[],"class_list":["post-10878","post","type-post","status-publish","format-standard","has-post-thumbnail","hentry","category-generacio-2014","category-general","category-portada"],"post_mailing_queue_ids":[],"_links":{"self":[{"href":"https:\/\/agora.xtec.cat\/ceiprieraderibes\/wp-json\/wp\/v2\/posts\/10878","targetHints":{"allow":["GET"]}}],"collection":[{"href":"https:\/\/agora.xtec.cat\/ceiprieraderibes\/wp-json\/wp\/v2\/posts"}],"about":[{"href":"https:\/\/agora.xtec.cat\/ceiprieraderibes\/wp-json\/wp\/v2\/types\/post"}],"author":[{"embeddable":true,"href":"https:\/\/agora.xtec.cat\/ceiprieraderibes\/wp-json\/wp\/v2\/users\/1"}],"replies":[{"embeddable":true,"href":"https:\/\/agora.xtec.cat\/ceiprieraderibes\/wp-json\/wp\/v2\/comments?post=10878"}],"version-history":[{"count":3,"href":"https:\/\/agora.xtec.cat\/ceiprieraderibes\/wp-json\/wp\/v2\/posts\/10878\/revisions"}],"predecessor-version":[{"id":10891,"href":"https:\/\/agora.xtec.cat\/ceiprieraderibes\/wp-json\/wp\/v2\/posts\/10878\/revisions\/10891"}],"wp:featuredmedia":[{"embeddable":true,"href":"https:\/\/agora.xtec.cat\/ceiprieraderibes\/wp-json\/wp\/v2\/media\/10881"}],"wp:attachment":[{"href":"https:\/\/agora.xtec.cat\/ceiprieraderibes\/wp-json\/wp\/v2\/media?parent=10878"}],"wp:term":[{"taxonomy":"category","embeddable":true,"href":"https:\/\/agora.xtec.cat\/ceiprieraderibes\/wp-json\/wp\/v2\/categories?post=10878"},{"taxonomy":"post_tag","embeddable":true,"href":"https:\/\/agora.xtec.cat\/ceiprieraderibes\/wp-json\/wp\/v2\/tags?post=10878"}],"curies":[{"name":"wp","href":"https:\/\/api.w.org\/{rel}","templated":true}]}}