{"id":10827,"date":"2020-11-15T20:33:11","date_gmt":"2020-11-15T19:33:11","guid":{"rendered":"http:\/\/agora.xtec.cat\/ceiprieraderibes\/?p=10827"},"modified":"2020-11-20T13:12:31","modified_gmt":"2020-11-20T12:12:31","slug":"les-cartes","status":"publish","type":"post","link":"https:\/\/agora.xtec.cat\/ceiprieraderibes\/general\/les-cartes\/","title":{"rendered":"LES CARTES"},"content":{"rendered":"<p><span style=\"font-weight: 400\">Comen\u00e7a un curs estrany, on no podrem estar amb els nens i nenes de les altres classes compartint els racons que tant ens agraden.\u00a0<\/span><span style=\"font-weight: 400\">Els primers dies a l\u2019escola han estat diferents aquest curs, i la comunicaci\u00f3 entre tots nosaltres tamb\u00e9 \u00e9s diferent.\u00a0<\/span><span style=\"font-weight: 400\">Haurem d&#8217;aprendre a comunicar-nos d\u2019una altra manera, per no perdre el contacte amb els nostres companys i companyes d\u2019educaci\u00f3 d&#8217;infantil.<\/span><\/p>\n<p><span style=\"font-weight: 400\">Comencem a preguntar-nos com ens podem comunicar, primer amb els altres grups de P4, per no perdre la connexi\u00f3 entre nosaltres.\u00a0<\/span><span style=\"font-weight: 400\">Fem converses a l&#8217;aula on sorgeixen diferents idees: escriure notes, fer videoconfer\u00e8ncies\u2026Etc.<\/span><\/p>\n<p><span style=\"font-weight: 400\">Despr\u00e9s de molt pensar com ens podem comunicar amb els altres grups bombolla de P4 decidim escriure notes, i \u2026\u2026.comencem el proc\u00e9s\u2026\u2026..\u00a0<\/span><\/p>\n<p><span style=\"font-weight: 400\">Mitjan\u00e7ant converses a l\u2019aula, pensem qu\u00e8 els hi volem dir a les notes. Quan ja ho tenim, comencem a escriure!!Una vegada escrites, decidim firmar-les i decorar-les!!<br \/>\n<\/span><b><\/b><b><img loading=\"lazy\" decoding=\"async\" class=\"wp-image-10830 alignleft\" src=\"https:\/\/agora.xtec.cat\/ceiprieraderibes\/wp-content\/uploads\/usu901\/2020\/11\/1A-2-225x300.jpg\" alt=\"\" width=\"159\" height=\"212\" srcset=\"https:\/\/agora.xtec.cat\/ceiprieraderibes\/wp-content\/uploads\/usu901\/2020\/11\/1A-2-225x300.jpg 225w, https:\/\/agora.xtec.cat\/ceiprieraderibes\/wp-content\/uploads\/usu901\/2020\/11\/1A-2-768x1024.jpg 768w\" sizes=\"auto, (max-width: 159px) 100vw, 159px\" \/><\/b> <span style=\"font-weight: 400\">\u00a0\u00a0<\/span> <img loading=\"lazy\" decoding=\"async\" class=\"wp-image-10842 alignnone\" src=\"https:\/\/agora.xtec.cat\/ceiprieraderibes\/wp-content\/uploads\/usu901\/2020\/11\/2B-1-225x300.jpg\" alt=\"\" width=\"175\" height=\"233\" srcset=\"https:\/\/agora.xtec.cat\/ceiprieraderibes\/wp-content\/uploads\/usu901\/2020\/11\/2B-1-225x300.jpg 225w, https:\/\/agora.xtec.cat\/ceiprieraderibes\/wp-content\/uploads\/usu901\/2020\/11\/2B-1-768x1024.jpg 768w, https:\/\/agora.xtec.cat\/ceiprieraderibes\/wp-content\/uploads\/usu901\/2020\/11\/2B-1.jpg 1512w\" sizes=\"auto, (max-width: 175px) 100vw, 175px\" \/> <img loading=\"lazy\" decoding=\"async\" class=\"alignnone wp-image-10843\" src=\"https:\/\/agora.xtec.cat\/ceiprieraderibes\/wp-content\/uploads\/usu901\/2020\/11\/2C-300x225.jpg\" alt=\"\" width=\"307\" height=\"230\" srcset=\"https:\/\/agora.xtec.cat\/ceiprieraderibes\/wp-content\/uploads\/usu901\/2020\/11\/2C-300x225.jpg 300w, https:\/\/agora.xtec.cat\/ceiprieraderibes\/wp-content\/uploads\/usu901\/2020\/11\/2C-768x576.jpg 768w, https:\/\/agora.xtec.cat\/ceiprieraderibes\/wp-content\/uploads\/usu901\/2020\/11\/2C-1024x768.jpg 1024w, https:\/\/agora.xtec.cat\/ceiprieraderibes\/wp-content\/uploads\/usu901\/2020\/11\/2C-200x150.jpg 200w, https:\/\/agora.xtec.cat\/ceiprieraderibes\/wp-content\/uploads\/usu901\/2020\/11\/2C.jpg 2016w\" sizes=\"auto, (max-width: 307px) 100vw, 307px\" \/><\/p>\n<p><span style=\"font-weight: 400\">Un dia\u2026 SORPRESA!! Quina il\u00b7lusi\u00f3!! Els nens i nenes de 2n ens han fet unes b\u00fasties pels tres grups bombolla de P4 i ens les han regalat!! Molt\u00edssimes gr\u00e0cies!!\u00a0<\/span><\/p>\n<p><span style=\"font-weight: 400\">I\u2026.. les notes ja les tenim llestes per deixar a les b\u00fasties de les altres classes!! Anem a entregar-les!!<\/span><b> \u00a0<\/b><\/p>\n<p><img loading=\"lazy\" decoding=\"async\" class=\"alignleft wp-image-10844 size-medium\" src=\"https:\/\/agora.xtec.cat\/ceiprieraderibes\/wp-content\/uploads\/usu901\/2020\/11\/3A-300x225.jpg\" alt=\"\" width=\"300\" height=\"225\" srcset=\"https:\/\/agora.xtec.cat\/ceiprieraderibes\/wp-content\/uploads\/usu901\/2020\/11\/3A-300x225.jpg 300w, https:\/\/agora.xtec.cat\/ceiprieraderibes\/wp-content\/uploads\/usu901\/2020\/11\/3A-768x576.jpg 768w, https:\/\/agora.xtec.cat\/ceiprieraderibes\/wp-content\/uploads\/usu901\/2020\/11\/3A-1024x768.jpg 1024w, https:\/\/agora.xtec.cat\/ceiprieraderibes\/wp-content\/uploads\/usu901\/2020\/11\/3A-200x150.jpg 200w\" sizes=\"auto, (max-width: 300px) 100vw, 300px\" \/> <img loading=\"lazy\" decoding=\"async\" class=\"alignright wp-image-10846 size-medium\" src=\"https:\/\/agora.xtec.cat\/ceiprieraderibes\/wp-content\/uploads\/usu901\/2020\/11\/3C-e1605528268915-225x300.jpg\" alt=\"\" width=\"225\" height=\"300\" srcset=\"https:\/\/agora.xtec.cat\/ceiprieraderibes\/wp-content\/uploads\/usu901\/2020\/11\/3C-e1605528268915-225x300.jpg 225w, https:\/\/agora.xtec.cat\/ceiprieraderibes\/wp-content\/uploads\/usu901\/2020\/11\/3C-e1605528268915-768x1024.jpg 768w, https:\/\/agora.xtec.cat\/ceiprieraderibes\/wp-content\/uploads\/usu901\/2020\/11\/3C-e1605528268915.jpg 1728w\" sizes=\"auto, (max-width: 225px) 100vw, 225px\" \/><\/p>\n<p>&nbsp;<\/p>\n<p><span style=\"font-weight: 400\">Ara que ja tenim b\u00fasties, ens podem comunicar entre nosaltres!! Volem seguir mantenint la connexi\u00f3 entre els P4 i cuidem el contacte amb les altres classes.<\/span><\/p>\n<p>&nbsp;<\/p>\n<p>&nbsp;<\/p>\n<p><span style=\"font-weight: 400\">Primer de tot, escrivim els nostres noms i els enganxem a la b\u00fastia perqu\u00e8 els altres grups bombolla s\u00e0piguen que \u00e9s nostra i si volen ens puguin deixar missatges.\u00a0 \u00a0\u00a0<\/span><\/p>\n<p><img loading=\"lazy\" decoding=\"async\" class=\"alignleft wp-image-10831 size-medium\" src=\"https:\/\/agora.xtec.cat\/ceiprieraderibes\/wp-content\/uploads\/usu901\/2020\/11\/4A-300x225.jpg\" alt=\"\" width=\"300\" height=\"225\" srcset=\"https:\/\/agora.xtec.cat\/ceiprieraderibes\/wp-content\/uploads\/usu901\/2020\/11\/4A-300x225.jpg 300w, https:\/\/agora.xtec.cat\/ceiprieraderibes\/wp-content\/uploads\/usu901\/2020\/11\/4A-768x576.jpg 768w, https:\/\/agora.xtec.cat\/ceiprieraderibes\/wp-content\/uploads\/usu901\/2020\/11\/4A-1024x768.jpg 1024w, https:\/\/agora.xtec.cat\/ceiprieraderibes\/wp-content\/uploads\/usu901\/2020\/11\/4A-200x150.jpg 200w\" sizes=\"auto, (max-width: 300px) 100vw, 300px\" \/> <img loading=\"lazy\" decoding=\"async\" class=\"alignnone wp-image-10832 size-medium\" src=\"https:\/\/agora.xtec.cat\/ceiprieraderibes\/wp-content\/uploads\/usu901\/2020\/11\/4B-300x225.jpg\" alt=\"\" width=\"300\" height=\"225\" srcset=\"https:\/\/agora.xtec.cat\/ceiprieraderibes\/wp-content\/uploads\/usu901\/2020\/11\/4B-300x225.jpg 300w, https:\/\/agora.xtec.cat\/ceiprieraderibes\/wp-content\/uploads\/usu901\/2020\/11\/4B-768x576.jpg 768w, https:\/\/agora.xtec.cat\/ceiprieraderibes\/wp-content\/uploads\/usu901\/2020\/11\/4B-1024x768.jpg 1024w, https:\/\/agora.xtec.cat\/ceiprieraderibes\/wp-content\/uploads\/usu901\/2020\/11\/4B-200x150.jpg 200w\" sizes=\"auto, (max-width: 300px) 100vw, 300px\" \/><\/p>\n<p><span style=\"font-weight: 400\">Oh!! Quina sorpresa!! nosaltres tamb\u00e9 rebem missatges dels altres grups bombolla de P4!! Ens fan arribar v\u00eddeos!!\u00a0 \u00a0 \u00a0 <\/span><b>\u00a0<\/b><b><img loading=\"lazy\" decoding=\"async\" class=\"wp-image-10833 aligncenter\" src=\"https:\/\/agora.xtec.cat\/ceiprieraderibes\/wp-content\/uploads\/usu901\/2020\/11\/5A-e1605468218204-225x300.jpg\" alt=\"\" width=\"362\" height=\"482\" srcset=\"https:\/\/agora.xtec.cat\/ceiprieraderibes\/wp-content\/uploads\/usu901\/2020\/11\/5A-e1605468218204-225x300.jpg 225w, https:\/\/agora.xtec.cat\/ceiprieraderibes\/wp-content\/uploads\/usu901\/2020\/11\/5A-e1605468218204-768x1024.jpg 768w, https:\/\/agora.xtec.cat\/ceiprieraderibes\/wp-content\/uploads\/usu901\/2020\/11\/5A-e1605468218204.jpg 1512w\" sizes=\"auto, (max-width: 362px) 100vw, 362px\" \/><\/b><\/p>\n<p><span style=\"font-weight: 400\">Estem molt il\u00b7lusionats perqu\u00e8 ens seguim comunicant amb els altres grups bombolla, sabem que els hi podem preguntar coses i ens contesten, i els altres grups tamb\u00e9 s\u2019interessen i volen saber de nosaltres.\u00a0<\/span><span style=\"font-weight: 400\">A m\u00e9s, treballem l&#8217;escriptura d&#8217;una forma significativa i amb sentit per nosaltres, escriure cartes ens agrada i ens emociona.\u00a0<\/span><span style=\"font-weight: 400\">Tanta \u00e9s l&#8217;emoci\u00f3, que aquest proc\u00e9s continua i tamb\u00e9 ens comuniquem amb els grups bombolla de P5 i P3.<\/span><b> \u00a0\u00a0<\/b><\/p>\n<p><img loading=\"lazy\" decoding=\"async\" class=\"alignleft wp-image-10838 \" src=\"https:\/\/agora.xtec.cat\/ceiprieraderibes\/wp-content\/uploads\/usu901\/2020\/11\/6D-300x225.jpg\" alt=\"\" width=\"229\" height=\"172\" srcset=\"https:\/\/agora.xtec.cat\/ceiprieraderibes\/wp-content\/uploads\/usu901\/2020\/11\/6D-300x225.jpg 300w, https:\/\/agora.xtec.cat\/ceiprieraderibes\/wp-content\/uploads\/usu901\/2020\/11\/6D-768x576.jpg 768w, https:\/\/agora.xtec.cat\/ceiprieraderibes\/wp-content\/uploads\/usu901\/2020\/11\/6D-1024x768.jpg 1024w, https:\/\/agora.xtec.cat\/ceiprieraderibes\/wp-content\/uploads\/usu901\/2020\/11\/6D-200x150.jpg 200w\" sizes=\"auto, (max-width: 229px) 100vw, 229px\" \/> <img loading=\"lazy\" decoding=\"async\" class=\"wp-image-10839 alignleft\" src=\"https:\/\/agora.xtec.cat\/ceiprieraderibes\/wp-content\/uploads\/usu901\/2020\/11\/6E-1-300x225.jpg\" alt=\"\" width=\"247\" height=\"185\" srcset=\"https:\/\/agora.xtec.cat\/ceiprieraderibes\/wp-content\/uploads\/usu901\/2020\/11\/6E-1-300x225.jpg 300w, https:\/\/agora.xtec.cat\/ceiprieraderibes\/wp-content\/uploads\/usu901\/2020\/11\/6E-1-768x576.jpg 768w, https:\/\/agora.xtec.cat\/ceiprieraderibes\/wp-content\/uploads\/usu901\/2020\/11\/6E-1-1024x768.jpg 1024w, https:\/\/agora.xtec.cat\/ceiprieraderibes\/wp-content\/uploads\/usu901\/2020\/11\/6E-1-200x150.jpg 200w\" sizes=\"auto, (max-width: 247px) 100vw, 247px\" \/><\/p>\n<p><img loading=\"lazy\" decoding=\"async\" class=\"alignleft wp-image-10836 \" src=\"https:\/\/agora.xtec.cat\/ceiprieraderibes\/wp-content\/uploads\/usu901\/2020\/11\/6B-300x225.jpg\" alt=\"\" width=\"239\" height=\"179\" srcset=\"https:\/\/agora.xtec.cat\/ceiprieraderibes\/wp-content\/uploads\/usu901\/2020\/11\/6B-300x225.jpg 300w, https:\/\/agora.xtec.cat\/ceiprieraderibes\/wp-content\/uploads\/usu901\/2020\/11\/6B-768x576.jpg 768w, https:\/\/agora.xtec.cat\/ceiprieraderibes\/wp-content\/uploads\/usu901\/2020\/11\/6B-1024x768.jpg 1024w, https:\/\/agora.xtec.cat\/ceiprieraderibes\/wp-content\/uploads\/usu901\/2020\/11\/6B-200x150.jpg 200w\" sizes=\"auto, (max-width: 239px) 100vw, 239px\" \/><\/p>\n<p>&nbsp;<\/p>\n<p>&nbsp;<\/p>\n<p>&nbsp;<\/p>\n<p>&nbsp;<\/p>\n<p>&nbsp;<\/p>\n<p><span style=\"font-weight: 400\">Continuem escrivint missatges bonics!!\u00a0<\/span><\/p>\n","protected":false},"excerpt":{"rendered":"<p>Comen\u00e7a un curs estrany, on no podrem estar amb els nens i nenes de les altres classes compartint els racons que tant ens agraden.\u00a0Els primers dies a l\u2019escola han estat diferents aquest curs, i la comunicaci\u00f3 entre tots nosaltres tamb\u00e9 \u00e9s diferent.\u00a0Haurem d&#8217;aprendre a comunicar-nos&hellip;  <a href=\"https:\/\/agora.xtec.cat\/ceiprieraderibes\/general\/les-cartes\/\" title=\"Read LES CARTES\">Llegeix m\u00e9s\u00bb<\/a><\/p>\n","protected":false},"author":357,"featured_media":10844,"comment_status":"open","ping_status":"closed","sticky":false,"template":"","format":"standard","meta":{"_bbp_topic_count":0,"_bbp_reply_count":0,"_bbp_total_topic_count":0,"_bbp_total_reply_count":0,"_bbp_voice_count":0,"_bbp_anonymous_reply_count":0,"_bbp_topic_count_hidden":0,"_bbp_reply_count_hidden":0,"_bbp_forum_subforum_count":0,"footnotes":""},"categories":[196,201,228,1,4],"tags":[],"class_list":["post-10827","post","type-post","status-publish","format-standard","has-post-thumbnail","hentry","category-generacio-2015","category-generacio-2016","category-generacio-2017","category-general","category-portada"],"post_mailing_queue_ids":[],"_links":{"self":[{"href":"https:\/\/agora.xtec.cat\/ceiprieraderibes\/wp-json\/wp\/v2\/posts\/10827","targetHints":{"allow":["GET"]}}],"collection":[{"href":"https:\/\/agora.xtec.cat\/ceiprieraderibes\/wp-json\/wp\/v2\/posts"}],"about":[{"href":"https:\/\/agora.xtec.cat\/ceiprieraderibes\/wp-json\/wp\/v2\/types\/post"}],"author":[{"embeddable":true,"href":"https:\/\/agora.xtec.cat\/ceiprieraderibes\/wp-json\/wp\/v2\/users\/357"}],"replies":[{"embeddable":true,"href":"https:\/\/agora.xtec.cat\/ceiprieraderibes\/wp-json\/wp\/v2\/comments?post=10827"}],"version-history":[{"count":4,"href":"https:\/\/agora.xtec.cat\/ceiprieraderibes\/wp-json\/wp\/v2\/posts\/10827\/revisions"}],"predecessor-version":[{"id":10920,"href":"https:\/\/agora.xtec.cat\/ceiprieraderibes\/wp-json\/wp\/v2\/posts\/10827\/revisions\/10920"}],"wp:featuredmedia":[{"embeddable":true,"href":"https:\/\/agora.xtec.cat\/ceiprieraderibes\/wp-json\/wp\/v2\/media\/10844"}],"wp:attachment":[{"href":"https:\/\/agora.xtec.cat\/ceiprieraderibes\/wp-json\/wp\/v2\/media?parent=10827"}],"wp:term":[{"taxonomy":"category","embeddable":true,"href":"https:\/\/agora.xtec.cat\/ceiprieraderibes\/wp-json\/wp\/v2\/categories?post=10827"},{"taxonomy":"post_tag","embeddable":true,"href":"https:\/\/agora.xtec.cat\/ceiprieraderibes\/wp-json\/wp\/v2\/tags?post=10827"}],"curies":[{"name":"wp","href":"https:\/\/api.w.org\/{rel}","templated":true}]}}