{"id":10817,"date":"2020-11-15T19:28:56","date_gmt":"2020-11-15T18:28:56","guid":{"rendered":"http:\/\/agora.xtec.cat\/ceiprieraderibes\/?p=10817"},"modified":"2020-11-16T13:06:01","modified_gmt":"2020-11-16T12:06:01","slug":"el-proces-dadaptacio-de-p3","status":"publish","type":"post","link":"https:\/\/agora.xtec.cat\/ceiprieraderibes\/general\/el-proces-dadaptacio-de-p3\/","title":{"rendered":"EL PROC\u00c9S D&#8217;ADAPTACI\u00d3 DE P3"},"content":{"rendered":"<p>Comen\u00e7ar l&#8217;escola a P3 ha sigut tot un repte per als nens i nenes i un esdeveniment molt important per ells i elles. Tot i que hi ha molts infants que ja havien tingut una primera experi\u00e8ncia en la llar d&#8217;infants, per a altres ha sigut un primer contacte amb el medi escolar, lluny de la fam\u00edlia i amb companys, companyes i mestres que no coneixen.<\/p>\n<p>Durant aquest proc\u00e9s d&#8217;adaptaci\u00f3 les mestres ens hem centrat molt\u00a0en el fet que\u00a0els infants\u00a0s&#8217;habitu\u00efn\u00a0a poc a poc a unes rutines, es familiaritzin a uns espais i materials nous, creen vincles amb persones noves, siguin m\u00e9s aut\u00f2noms i tinguin un bon saber estar per aconseguir un clima d&#8217;aula tranquil i relaxat.<\/p>\n<p><img loading=\"lazy\" decoding=\"async\" class=\"aligncenter wp-image-10818 size-full\" src=\"https:\/\/agora.xtec.cat\/ceiprieraderibes\/wp-content\/uploads\/usu901\/2020\/11\/REUNI\u00d3-NIVELL-P3-10-DE-NOVEMBRE-.pptx.jpg\" alt=\"\" width=\"960\" height=\"720\" srcset=\"https:\/\/agora.xtec.cat\/ceiprieraderibes\/wp-content\/uploads\/usu901\/2020\/11\/REUNI\u00d3-NIVELL-P3-10-DE-NOVEMBRE-.pptx.jpg 960w, https:\/\/agora.xtec.cat\/ceiprieraderibes\/wp-content\/uploads\/usu901\/2020\/11\/REUNI\u00d3-NIVELL-P3-10-DE-NOVEMBRE-.pptx-300x225.jpg 300w, https:\/\/agora.xtec.cat\/ceiprieraderibes\/wp-content\/uploads\/usu901\/2020\/11\/REUNI\u00d3-NIVELL-P3-10-DE-NOVEMBRE-.pptx-768x576.jpg 768w, https:\/\/agora.xtec.cat\/ceiprieraderibes\/wp-content\/uploads\/usu901\/2020\/11\/REUNI\u00d3-NIVELL-P3-10-DE-NOVEMBRE-.pptx-200x150.jpg 200w\" sizes=\"auto, (max-width: 960px) 100vw, 960px\" \/><\/p>\n<p><img loading=\"lazy\" decoding=\"async\" class=\"aligncenter size-large wp-image-10820\" src=\"https:\/\/agora.xtec.cat\/ceiprieraderibes\/wp-content\/uploads\/usu901\/2020\/11\/SABER-ESTAR_page-0001-1024x724.jpg\" alt=\"\" width=\"1024\" height=\"724\" srcset=\"https:\/\/agora.xtec.cat\/ceiprieraderibes\/wp-content\/uploads\/usu901\/2020\/11\/SABER-ESTAR_page-0001-1024x724.jpg 1024w, https:\/\/agora.xtec.cat\/ceiprieraderibes\/wp-content\/uploads\/usu901\/2020\/11\/SABER-ESTAR_page-0001-300x212.jpg 300w, https:\/\/agora.xtec.cat\/ceiprieraderibes\/wp-content\/uploads\/usu901\/2020\/11\/SABER-ESTAR_page-0001-768x543.jpg 768w, https:\/\/agora.xtec.cat\/ceiprieraderibes\/wp-content\/uploads\/usu901\/2020\/11\/SABER-ESTAR_page-0001.jpg 1755w\" sizes=\"auto, (max-width: 1024px) 100vw, 1024px\" \/><\/p>\n<p>A partir d&#8217;un generar i remoure amb els diferents materials i racons els estem iniciant a indagar. \u00a0Els infants estan en un moment molt inicial i els seus interessos canvien molt. Hem comen\u00e7at a donar-los petites eines perqu\u00e8 facin preguntes, s&#8217;escoltin, es mirin, contrasten amb altres companys i companyes&#8230;\u00a0Etc<\/p>\n<p>Un exemple molt aclaridor del que passa a les aules seria aquest:<\/p>\n<p>En el rac\u00f3 de llums i obres els nens i nenes deien que totes les ombres eren negres. Despr\u00e9s van provar amb paper transparent de colors i van veure que les ombres tamb\u00e9 podien ser de colors. Doncs un nen va agafar seguidament una capsa groga pensant que l&#8217;ombra seria groga. I es va sobtar que l&#8217;ombra no fos groga, per\u00f2, no va fer cap pregunta, va seguir experimentant.<\/p>\n<p><img loading=\"lazy\" decoding=\"async\" class=\"alignright wp-image-10822\" src=\"https:\/\/agora.xtec.cat\/ceiprieraderibes\/wp-content\/uploads\/usu901\/2020\/11\/IMG_20201029_145908_opt-1.jpg\" alt=\"\" width=\"159\" height=\"283\" \/><img loading=\"lazy\" decoding=\"async\" class=\"alignleft wp-image-10821 size-medium\" src=\"https:\/\/agora.xtec.cat\/ceiprieraderibes\/wp-content\/uploads\/usu901\/2020\/11\/photo_2020-11-03_22-25-35-225x300.jpg\" alt=\"\" width=\"225\" height=\"300\" srcset=\"https:\/\/agora.xtec.cat\/ceiprieraderibes\/wp-content\/uploads\/usu901\/2020\/11\/photo_2020-11-03_22-25-35-225x300.jpg 225w, https:\/\/agora.xtec.cat\/ceiprieraderibes\/wp-content\/uploads\/usu901\/2020\/11\/photo_2020-11-03_22-25-35-768x1024.jpg 768w, https:\/\/agora.xtec.cat\/ceiprieraderibes\/wp-content\/uploads\/usu901\/2020\/11\/photo_2020-11-03_22-25-35.jpg 960w\" sizes=\"auto, (max-width: 225px) 100vw, 225px\" \/><br \/>\nPer aquest motiu, el nostre objectiu en P3 \u00e9s que experimentin i que arribin a interessar-se per trobar resposta a interrogants que surtin a l&#8217;aula, i aix\u00ed poder comen\u00e7ar a indagar. El nostre rol ara mateix \u00e9s donar eines i recursos .<\/p>\n<p>Fins aquest moment hem investigat qu\u00e8 passa a la tardor a trav\u00e9s de l&#8217;observaci\u00f3 de les fulles, les garrofes i les pinyes del bosquet i dels caragols que hem trobat els dies de pluja. A partir d&#8217;a\u00e7\u00f2 ha sorgit algun inter\u00e8s que ens ha perm\u00e8s iniciar-los en el proc\u00e9s d&#8217;indagar.<br \/>\n<img loading=\"lazy\" decoding=\"async\" class=\"aligncenter size-full wp-image-10823\" src=\"https:\/\/agora.xtec.cat\/ceiprieraderibes\/wp-content\/uploads\/usu901\/2020\/11\/REUNI\u00d3-NIVELL-P3-10-DE-NOVEMBRE-.pptx-1.jpg\" alt=\"\" width=\"960\" height=\"720\" srcset=\"https:\/\/agora.xtec.cat\/ceiprieraderibes\/wp-content\/uploads\/usu901\/2020\/11\/REUNI\u00d3-NIVELL-P3-10-DE-NOVEMBRE-.pptx-1.jpg 960w, https:\/\/agora.xtec.cat\/ceiprieraderibes\/wp-content\/uploads\/usu901\/2020\/11\/REUNI\u00d3-NIVELL-P3-10-DE-NOVEMBRE-.pptx-1-300x225.jpg 300w, https:\/\/agora.xtec.cat\/ceiprieraderibes\/wp-content\/uploads\/usu901\/2020\/11\/REUNI\u00d3-NIVELL-P3-10-DE-NOVEMBRE-.pptx-1-768x576.jpg 768w, https:\/\/agora.xtec.cat\/ceiprieraderibes\/wp-content\/uploads\/usu901\/2020\/11\/REUNI\u00d3-NIVELL-P3-10-DE-NOVEMBRE-.pptx-1-200x150.jpg 200w\" sizes=\"auto, (max-width: 960px) 100vw, 960px\" \/><\/p>\n<p><img loading=\"lazy\" decoding=\"async\" class=\"size-full wp-image-10824 alignleft\" src=\"https:\/\/agora.xtec.cat\/ceiprieraderibes\/wp-content\/uploads\/usu901\/2020\/11\/IMG_20201103_171325_opt.jpg\" alt=\"\" width=\"400\" height=\"225\" srcset=\"https:\/\/agora.xtec.cat\/ceiprieraderibes\/wp-content\/uploads\/usu901\/2020\/11\/IMG_20201103_171325_opt.jpg 400w, https:\/\/agora.xtec.cat\/ceiprieraderibes\/wp-content\/uploads\/usu901\/2020\/11\/IMG_20201103_171325_opt-300x169.jpg 300w\" sizes=\"auto, (max-width: 400px) 100vw, 400px\" \/><img loading=\"lazy\" decoding=\"async\" class=\"aligncenter size-full wp-image-10825\" src=\"https:\/\/agora.xtec.cat\/ceiprieraderibes\/wp-content\/uploads\/usu901\/2020\/11\/IMG_20201021_183311_opt.jpg\" alt=\"\" width=\"400\" height=\"535\" srcset=\"https:\/\/agora.xtec.cat\/ceiprieraderibes\/wp-content\/uploads\/usu901\/2020\/11\/IMG_20201021_183311_opt.jpg 400w, https:\/\/agora.xtec.cat\/ceiprieraderibes\/wp-content\/uploads\/usu901\/2020\/11\/IMG_20201021_183311_opt-224x300.jpg 224w\" sizes=\"auto, (max-width: 400px) 100vw, 400px\" \/><\/p>\n","protected":false},"excerpt":{"rendered":"<p>Comen\u00e7ar l&#8217;escola a P3 ha sigut tot un repte per als nens i nenes i un esdeveniment molt important per ells i elles. Tot i que hi ha molts infants que ja havien tingut una primera experi\u00e8ncia en la llar d&#8217;infants, per a altres ha&hellip;  <a href=\"https:\/\/agora.xtec.cat\/ceiprieraderibes\/general\/el-proces-dadaptacio-de-p3\/\" title=\"Read EL PROC\u00c9S D&#8217;ADAPTACI\u00d3 DE P3\">Llegeix m\u00e9s\u00bb<\/a><\/p>\n","protected":false},"author":357,"featured_media":10818,"comment_status":"open","ping_status":"closed","sticky":false,"template":"","format":"standard","meta":{"_bbp_topic_count":0,"_bbp_reply_count":0,"_bbp_total_topic_count":0,"_bbp_total_reply_count":0,"_bbp_voice_count":0,"_bbp_anonymous_reply_count":0,"_bbp_topic_count_hidden":0,"_bbp_reply_count_hidden":0,"_bbp_forum_subforum_count":0,"footnotes":""},"categories":[196,201,228,1,4],"tags":[],"class_list":["post-10817","post","type-post","status-publish","format-standard","has-post-thumbnail","hentry","category-generacio-2015","category-generacio-2016","category-generacio-2017","category-general","category-portada"],"post_mailing_queue_ids":[],"_links":{"self":[{"href":"https:\/\/agora.xtec.cat\/ceiprieraderibes\/wp-json\/wp\/v2\/posts\/10817","targetHints":{"allow":["GET"]}}],"collection":[{"href":"https:\/\/agora.xtec.cat\/ceiprieraderibes\/wp-json\/wp\/v2\/posts"}],"about":[{"href":"https:\/\/agora.xtec.cat\/ceiprieraderibes\/wp-json\/wp\/v2\/types\/post"}],"author":[{"embeddable":true,"href":"https:\/\/agora.xtec.cat\/ceiprieraderibes\/wp-json\/wp\/v2\/users\/357"}],"replies":[{"embeddable":true,"href":"https:\/\/agora.xtec.cat\/ceiprieraderibes\/wp-json\/wp\/v2\/comments?post=10817"}],"version-history":[{"count":1,"href":"https:\/\/agora.xtec.cat\/ceiprieraderibes\/wp-json\/wp\/v2\/posts\/10817\/revisions"}],"predecessor-version":[{"id":10826,"href":"https:\/\/agora.xtec.cat\/ceiprieraderibes\/wp-json\/wp\/v2\/posts\/10817\/revisions\/10826"}],"wp:featuredmedia":[{"embeddable":true,"href":"https:\/\/agora.xtec.cat\/ceiprieraderibes\/wp-json\/wp\/v2\/media\/10818"}],"wp:attachment":[{"href":"https:\/\/agora.xtec.cat\/ceiprieraderibes\/wp-json\/wp\/v2\/media?parent=10817"}],"wp:term":[{"taxonomy":"category","embeddable":true,"href":"https:\/\/agora.xtec.cat\/ceiprieraderibes\/wp-json\/wp\/v2\/categories?post=10817"},{"taxonomy":"post_tag","embeddable":true,"href":"https:\/\/agora.xtec.cat\/ceiprieraderibes\/wp-json\/wp\/v2\/tags?post=10817"}],"curies":[{"name":"wp","href":"https:\/\/api.w.org\/{rel}","templated":true}]}}