{"id":10802,"date":"2020-11-05T20:26:45","date_gmt":"2020-11-05T19:26:45","guid":{"rendered":"http:\/\/agora.xtec.cat\/ceiprieraderibes\/?p=10802"},"modified":"2020-11-05T22:11:42","modified_gmt":"2020-11-05T21:11:42","slug":"ens-mesurem","status":"publish","type":"post","link":"https:\/\/agora.xtec.cat\/ceiprieraderibes\/portada\/ens-mesurem\/","title":{"rendered":"ENS MESUREM"},"content":{"rendered":"<p>A la classe de p5 ens va sorgir una pregunta al veure els aniversaris al calendari:<\/p>\n<p>-Les nenes sempre som m\u00e9s altes o els nens?<\/p>\n<p>-Si fem l\u2019aniversari abans voldr\u00e0 dir que mesuro m\u00e9s que un altre company o companya que el fa m\u00e9s tard?<\/p>\n<p>Despr\u00e9s d\u2019estar conversant\u00a0 sobre aquests aspectes vam decidir que la millor soluci\u00f3 era mesurar-nos ara que estem a p5.<br \/>\n<img loading=\"lazy\" decoding=\"async\" class=\"alignright wp-image-10803 size-large\" src=\"https:\/\/agora.xtec.cat\/ceiprieraderibes\/wp-content\/uploads\/usu901\/2020\/11\/photo_2020-11-05_20-13-57-768x1024.jpg\" alt=\"\" width=\"384\" height=\"512\" srcset=\"https:\/\/agora.xtec.cat\/ceiprieraderibes\/wp-content\/uploads\/usu901\/2020\/11\/photo_2020-11-05_20-13-57.jpg 768w, https:\/\/agora.xtec.cat\/ceiprieraderibes\/wp-content\/uploads\/usu901\/2020\/11\/photo_2020-11-05_20-13-57-225x300.jpg 225w\" sizes=\"auto, (max-width: 384px) 100vw, 384px\" \/><\/p>\n<p>Per\u00f2&#8230; va sorgir una altra pregunta:<\/p>\n<ul>\n<li>I quan vam n\u00e9ixer&#8230; quant mesur\u00e0vem?<\/li>\n<\/ul>\n<p>Per resoldre aquest dubte, vam preguntar a casa quina va ser la nostra mesura al n\u00e9ixer. I quina sorpresa!<\/p>\n<p>Els que mesurem m\u00e9s ara a P5 potser al n\u00e9ixer no \u00e9rem els m\u00e9s llargs!<\/p>\n<p><img loading=\"lazy\" decoding=\"async\" class=\"alignleft wp-image-10804 size-medium\" src=\"https:\/\/agora.xtec.cat\/ceiprieraderibes\/wp-content\/uploads\/usu901\/2020\/11\/photo_2020-11-05_20-15-06-195x300.jpg\" alt=\"\" width=\"195\" height=\"300\" srcset=\"https:\/\/agora.xtec.cat\/ceiprieraderibes\/wp-content\/uploads\/usu901\/2020\/11\/photo_2020-11-05_20-15-06-195x300.jpg 195w, https:\/\/agora.xtec.cat\/ceiprieraderibes\/wp-content\/uploads\/usu901\/2020\/11\/photo_2020-11-05_20-15-06.jpg 665w\" sizes=\"auto, (max-width: 195px) 100vw, 195px\" \/> <img loading=\"lazy\" decoding=\"async\" class=\"aligncenter wp-image-10805 size-medium\" src=\"https:\/\/agora.xtec.cat\/ceiprieraderibes\/wp-content\/uploads\/usu901\/2020\/11\/photo_2020-11-05_20-14-55-195x300.jpg\" alt=\"\" width=\"195\" height=\"300\" srcset=\"https:\/\/agora.xtec.cat\/ceiprieraderibes\/wp-content\/uploads\/usu901\/2020\/11\/photo_2020-11-05_20-14-55-195x300.jpg 195w, https:\/\/agora.xtec.cat\/ceiprieraderibes\/wp-content\/uploads\/usu901\/2020\/11\/photo_2020-11-05_20-14-55.jpg 667w\" sizes=\"auto, (max-width: 195px) 100vw, 195px\" \/><\/p>\n<p>A m\u00e9s a m\u00e9s, ara que sab\u00edem la nostra mesura al n\u00e9ixer i enguany, pod\u00edem calcular quants cent\u00edmetres hav\u00edem crescut en 5 anys!<\/p>\n<p><img loading=\"lazy\" decoding=\"async\" class=\"wp-image-10807 size-medium alignleft\" src=\"https:\/\/agora.xtec.cat\/ceiprieraderibes\/wp-content\/uploads\/usu901\/2020\/11\/photo_2020-11-05_20-14-29-300x225.jpg\" alt=\"\" width=\"300\" height=\"225\" srcset=\"https:\/\/agora.xtec.cat\/ceiprieraderibes\/wp-content\/uploads\/usu901\/2020\/11\/photo_2020-11-05_20-14-29-300x225.jpg 300w, https:\/\/agora.xtec.cat\/ceiprieraderibes\/wp-content\/uploads\/usu901\/2020\/11\/photo_2020-11-05_20-14-29-768x576.jpg 768w, https:\/\/agora.xtec.cat\/ceiprieraderibes\/wp-content\/uploads\/usu901\/2020\/11\/photo_2020-11-05_20-14-29.jpg 1024w, https:\/\/agora.xtec.cat\/ceiprieraderibes\/wp-content\/uploads\/usu901\/2020\/11\/photo_2020-11-05_20-14-29-200x150.jpg 200w\" sizes=\"auto, (max-width: 300px) 100vw, 300px\" \/><\/p>\n<p><img loading=\"lazy\" decoding=\"async\" class=\"wp-image-10809 size-medium aligncenter\" src=\"https:\/\/agora.xtec.cat\/ceiprieraderibes\/wp-content\/uploads\/usu901\/2020\/11\/photo_2020-11-05_20-13-49-300x225.jpg\" alt=\"\" width=\"300\" height=\"225\" srcset=\"https:\/\/agora.xtec.cat\/ceiprieraderibes\/wp-content\/uploads\/usu901\/2020\/11\/photo_2020-11-05_20-13-49-300x225.jpg 300w, https:\/\/agora.xtec.cat\/ceiprieraderibes\/wp-content\/uploads\/usu901\/2020\/11\/photo_2020-11-05_20-13-49-768x576.jpg 768w, https:\/\/agora.xtec.cat\/ceiprieraderibes\/wp-content\/uploads\/usu901\/2020\/11\/photo_2020-11-05_20-13-49.jpg 1024w, https:\/\/agora.xtec.cat\/ceiprieraderibes\/wp-content\/uploads\/usu901\/2020\/11\/photo_2020-11-05_20-13-49-200x150.jpg 200w\" sizes=\"auto, (max-width: 300px) 100vw, 300px\" \/><\/p>\n<p><img loading=\"lazy\" decoding=\"async\" class=\"aligncenter wp-image-10806 size-medium\" src=\"https:\/\/agora.xtec.cat\/ceiprieraderibes\/wp-content\/uploads\/usu901\/2020\/11\/photo_2020-11-05_20-14-41-300x225.jpg\" alt=\"\" width=\"300\" height=\"225\" srcset=\"https:\/\/agora.xtec.cat\/ceiprieraderibes\/wp-content\/uploads\/usu901\/2020\/11\/photo_2020-11-05_20-14-41-300x225.jpg 300w, https:\/\/agora.xtec.cat\/ceiprieraderibes\/wp-content\/uploads\/usu901\/2020\/11\/photo_2020-11-05_20-14-41-768x576.jpg 768w, https:\/\/agora.xtec.cat\/ceiprieraderibes\/wp-content\/uploads\/usu901\/2020\/11\/photo_2020-11-05_20-14-41.jpg 1024w, https:\/\/agora.xtec.cat\/ceiprieraderibes\/wp-content\/uploads\/usu901\/2020\/11\/photo_2020-11-05_20-14-41-200x150.jpg 200w\" sizes=\"auto, (max-width: 300px) 100vw, 300px\" \/><\/p>\n<p>Amb tot aquest proc\u00e9s ens hem pogut adonar de moltes coses, alguns mesurem el mateix que un altre company o companya, hem observat que petits \u00e9rem al n\u00e9ixer i la diferencia comparant l\u2019al\u00e7ada d\u2019ara o que els m\u00e9s menuts de petits potser ara s\u00f3n els m\u00e9s alts!<\/p>\n<p>&nbsp;<\/p>\n<p><img loading=\"lazy\" decoding=\"async\" class=\"aligncenter wp-image-10808 size-large\" src=\"https:\/\/agora.xtec.cat\/ceiprieraderibes\/wp-content\/uploads\/usu901\/2020\/11\/photo_2020-11-05_20-14-22-1024x836.jpg\" alt=\"\" width=\"1024\" height=\"836\" srcset=\"https:\/\/agora.xtec.cat\/ceiprieraderibes\/wp-content\/uploads\/usu901\/2020\/11\/photo_2020-11-05_20-14-22.jpg 1024w, https:\/\/agora.xtec.cat\/ceiprieraderibes\/wp-content\/uploads\/usu901\/2020\/11\/photo_2020-11-05_20-14-22-300x245.jpg 300w, https:\/\/agora.xtec.cat\/ceiprieraderibes\/wp-content\/uploads\/usu901\/2020\/11\/photo_2020-11-05_20-14-22-768x627.jpg 768w\" sizes=\"auto, (max-width: 1024px) 100vw, 1024px\" \/><\/p>\n","protected":false},"excerpt":{"rendered":"<p>A la classe de p5 ens va sorgir una pregunta al veure els aniversaris al calendari:<br \/>\n-Les nenes sempre som m\u00e9s altes o els nens?<br \/>\n-Si fem l\u2019aniversari abans voldr\u00e0 dir que mesuro m\u00e9s que un altre company o companya que el fa m\u00e9s tard?<br \/>\nDespr\u00e9s d\u2019estar conversant\u00a0&hellip;  <a href=\"https:\/\/agora.xtec.cat\/ceiprieraderibes\/portada\/ens-mesurem\/\" title=\"Read ENS MESUREM\">Llegeix m\u00e9s\u00bb<\/a><\/p>\n","protected":false},"author":357,"featured_media":10808,"comment_status":"open","ping_status":"closed","sticky":false,"template":"","format":"standard","meta":{"_bbp_topic_count":0,"_bbp_reply_count":0,"_bbp_total_topic_count":0,"_bbp_total_reply_count":0,"_bbp_voice_count":0,"_bbp_anonymous_reply_count":0,"_bbp_topic_count_hidden":0,"_bbp_reply_count_hidden":0,"_bbp_forum_subforum_count":0,"footnotes":""},"categories":[196,201,228,4],"tags":[],"class_list":["post-10802","post","type-post","status-publish","format-standard","has-post-thumbnail","hentry","category-generacio-2015","category-generacio-2016","category-generacio-2017","category-portada"],"post_mailing_queue_ids":[],"_links":{"self":[{"href":"https:\/\/agora.xtec.cat\/ceiprieraderibes\/wp-json\/wp\/v2\/posts\/10802","targetHints":{"allow":["GET"]}}],"collection":[{"href":"https:\/\/agora.xtec.cat\/ceiprieraderibes\/wp-json\/wp\/v2\/posts"}],"about":[{"href":"https:\/\/agora.xtec.cat\/ceiprieraderibes\/wp-json\/wp\/v2\/types\/post"}],"author":[{"embeddable":true,"href":"https:\/\/agora.xtec.cat\/ceiprieraderibes\/wp-json\/wp\/v2\/users\/357"}],"replies":[{"embeddable":true,"href":"https:\/\/agora.xtec.cat\/ceiprieraderibes\/wp-json\/wp\/v2\/comments?post=10802"}],"version-history":[{"count":2,"href":"https:\/\/agora.xtec.cat\/ceiprieraderibes\/wp-json\/wp\/v2\/posts\/10802\/revisions"}],"predecessor-version":[{"id":10811,"href":"https:\/\/agora.xtec.cat\/ceiprieraderibes\/wp-json\/wp\/v2\/posts\/10802\/revisions\/10811"}],"wp:featuredmedia":[{"embeddable":true,"href":"https:\/\/agora.xtec.cat\/ceiprieraderibes\/wp-json\/wp\/v2\/media\/10808"}],"wp:attachment":[{"href":"https:\/\/agora.xtec.cat\/ceiprieraderibes\/wp-json\/wp\/v2\/media?parent=10802"}],"wp:term":[{"taxonomy":"category","embeddable":true,"href":"https:\/\/agora.xtec.cat\/ceiprieraderibes\/wp-json\/wp\/v2\/categories?post=10802"},{"taxonomy":"post_tag","embeddable":true,"href":"https:\/\/agora.xtec.cat\/ceiprieraderibes\/wp-json\/wp\/v2\/tags?post=10802"}],"curies":[{"name":"wp","href":"https:\/\/api.w.org\/{rel}","templated":true}]}}