{"id":10801,"date":"2020-11-06T19:12:08","date_gmt":"2020-11-06T18:12:08","guid":{"rendered":"http:\/\/agora.xtec.cat\/ceiprieraderibes\/?p=10801"},"modified":"2020-11-06T21:38:14","modified_gmt":"2020-11-06T20:38:14","slug":"celebrem-la-catanyada","status":"publish","type":"post","link":"https:\/\/agora.xtec.cat\/ceiprieraderibes\/general\/celebrem-la-catanyada\/","title":{"rendered":"Celebrem la Castanyada!!"},"content":{"rendered":"<p style=\"text-align: justify;\">Arribada la tardor, tal i com mana la tradici\u00f3, era moment de celebrar la castanyada i els nens i nenes de l&#8217;escola no es volien perdre aquesta oportunitat de saludar a la castanyera i fer unes danses que tant havien estat preparant.<\/p>\n<p style=\"text-align: justify;\">Durant la setmana passada vam estar compartint escenari grups d&#8217;infants de diferents edats i vam gaudir de les danses tradicionals que la resta de companys i companyes s&#8217;havien preparat.<\/p>\n<p>Les voleu veure?<\/p>\n<p><strong>Dimarts 27 d&#8217;octubre<\/strong><\/p>\n<p><span style=\"font-weight: 400;\">Grups: P3 Montse, P4 Noe, P5 Marta H, 2n Estefania, 3r Andrea, 5\u00e8 Lola i 6\u00e8 N\u00faria.<\/span><\/p>\n<p><iframe loading=\"lazy\" src=\"https:\/\/player.vimeo.com\/video\/475424824\" width=\"640\" height=\"564\" frameborder=\"0\"><\/iframe><\/p>\n<p><strong>Dimecres 28 d&#8217;octubre<\/strong><\/p>\n<p><span style=\"font-weight: 400;\">Grups: P3 Ester, P4 Marta C, 1r Gemma, 3r Maria, 3r Sergi, 4t N\u00faria i 6\u00e8 Mar.<\/span><br \/>\n<iframe loading=\"lazy\" src=\"https:\/\/player.vimeo.com\/video\/475426394\" width=\"640\" height=\"564\" frameborder=\"0\"><\/iframe><\/p>\n<p><strong>Dijous 29 d&#8217;octubre<\/strong><\/p>\n<p><span style=\"font-weight: 400;\">Grups: P3 Sofia, P5 N\u00faria, 1r Oscar, 2n Elena, 4t Johanna, 5\u00e8 Jordi i 6\u00e8 Carlos.<\/span><br \/>\n<iframe loading=\"lazy\" src=\"https:\/\/player.vimeo.com\/video\/475426892\" width=\"640\" height=\"564\" frameborder=\"0\"><\/iframe><\/p>\n<p><strong>Divendres 30 d&#8217;octubre<\/strong><\/p>\n<p><span style=\"font-weight: 400;\">Grups: P4 Rosa Maria, P5 Merc\u00e8, 1r Sandra, 2n M\u00f2nica, 4t Marga i 5\u00e8 Laura.<\/span><br \/>\n<iframe loading=\"lazy\" src=\"https:\/\/player.vimeo.com\/video\/475763238\" width=\"640\" height=\"564\" frameborder=\"0\"><\/iframe><\/p>\n<p>Esperem que us agradin!!<\/p>\n<p>&nbsp;<\/p>\n<p>&nbsp;<\/p>\n","protected":false},"excerpt":{"rendered":"<p>Arribada la tardor, tal i com mana la tradici\u00f3, era moment de celebrar la castanyada i els nens i nenes de l&#8217;escola no es volien perdre aquesta oportunitat de saludar a la castanyera i fer unes danses que tant havien estat preparant.<br \/>\nDurant la setmana passada&hellip;  <a href=\"https:\/\/agora.xtec.cat\/ceiprieraderibes\/general\/celebrem-la-catanyada\/\" title=\"Read Celebrem la Castanyada!!\">Llegeix m\u00e9s\u00bb<\/a><\/p>\n","protected":false},"author":175,"featured_media":10772,"comment_status":"open","ping_status":"closed","sticky":false,"template":"","format":"standard","meta":{"_bbp_topic_count":0,"_bbp_reply_count":0,"_bbp_total_topic_count":0,"_bbp_total_reply_count":0,"_bbp_voice_count":0,"_bbp_anonymous_reply_count":0,"_bbp_topic_count_hidden":0,"_bbp_reply_count_hidden":0,"_bbp_forum_subforum_count":0,"footnotes":""},"categories":[1,4],"tags":[],"class_list":["post-10801","post","type-post","status-publish","format-standard","has-post-thumbnail","hentry","category-general","category-portada"],"post_mailing_queue_ids":[],"_links":{"self":[{"href":"https:\/\/agora.xtec.cat\/ceiprieraderibes\/wp-json\/wp\/v2\/posts\/10801","targetHints":{"allow":["GET"]}}],"collection":[{"href":"https:\/\/agora.xtec.cat\/ceiprieraderibes\/wp-json\/wp\/v2\/posts"}],"about":[{"href":"https:\/\/agora.xtec.cat\/ceiprieraderibes\/wp-json\/wp\/v2\/types\/post"}],"author":[{"embeddable":true,"href":"https:\/\/agora.xtec.cat\/ceiprieraderibes\/wp-json\/wp\/v2\/users\/175"}],"replies":[{"embeddable":true,"href":"https:\/\/agora.xtec.cat\/ceiprieraderibes\/wp-json\/wp\/v2\/comments?post=10801"}],"version-history":[{"count":3,"href":"https:\/\/agora.xtec.cat\/ceiprieraderibes\/wp-json\/wp\/v2\/posts\/10801\/revisions"}],"predecessor-version":[{"id":10815,"href":"https:\/\/agora.xtec.cat\/ceiprieraderibes\/wp-json\/wp\/v2\/posts\/10801\/revisions\/10815"}],"wp:featuredmedia":[{"embeddable":true,"href":"https:\/\/agora.xtec.cat\/ceiprieraderibes\/wp-json\/wp\/v2\/media\/10772"}],"wp:attachment":[{"href":"https:\/\/agora.xtec.cat\/ceiprieraderibes\/wp-json\/wp\/v2\/media?parent=10801"}],"wp:term":[{"taxonomy":"category","embeddable":true,"href":"https:\/\/agora.xtec.cat\/ceiprieraderibes\/wp-json\/wp\/v2\/categories?post=10801"},{"taxonomy":"post_tag","embeddable":true,"href":"https:\/\/agora.xtec.cat\/ceiprieraderibes\/wp-json\/wp\/v2\/tags?post=10801"}],"curies":[{"name":"wp","href":"https:\/\/api.w.org\/{rel}","templated":true}]}}