{"id":10665,"date":"2020-10-06T18:52:35","date_gmt":"2020-10-06T16:52:35","guid":{"rendered":"http:\/\/agora.xtec.cat\/ceiprieraderibes\/?p=10665"},"modified":"2020-10-20T09:52:11","modified_gmt":"2020-10-20T07:52:11","slug":"els-primers-dies-a-lescola","status":"publish","type":"post","link":"https:\/\/agora.xtec.cat\/ceiprieraderibes\/general\/els-primers-dies-a-lescola\/","title":{"rendered":"Els primers dies a l&#8217;escola"},"content":{"rendered":"<p>Fa unes setmanes que hem comen\u00e7at un curs amb unes mesures de seguretat i organitzacions una mica diferents.<\/p>\n<p>Per\u00f2 sabeu qu\u00e8 \u00e9s el que no ha canviat? La il\u00b7lusi\u00f3 de venir a escola! Les ganes d&#8217;aprendre, de millorar, de compartir moments, de fer&#8230; Amb aquest video volem mostrar-vos com estan sent aquestes primeres setmanes a les classes de Primer Cicle.<br \/>\nEsperem que us agradi!!<\/p>\n<p><iframe loading=\"lazy\" src=\"https:\/\/player.vimeo.com\/video\/465098666\" width=\"640\" height=\"564\" frameborder=\"0\"><\/iframe><\/p>\n","protected":false},"excerpt":{"rendered":"<p>Fa unes setmanes que hem comen\u00e7at un curs amb unes mesures de seguretat i organitzacions una mica diferents.<br \/>\nPer\u00f2 sabeu qu\u00e8 \u00e9s el que no ha canviat? La il\u00b7lusi\u00f3 de venir a escola! Les ganes d&#8217;aprendre, de millorar, de compartir moments, de fer&#8230; Amb aquest video&hellip;  <a href=\"https:\/\/agora.xtec.cat\/ceiprieraderibes\/general\/els-primers-dies-a-lescola\/\" title=\"Read Els primers dies a l&#8217;escola\">Llegeix m\u00e9s\u00bb<\/a><\/p>\n","protected":false},"author":175,"featured_media":10670,"comment_status":"open","ping_status":"closed","sticky":false,"template":"","format":"standard","meta":{"_bbp_topic_count":0,"_bbp_reply_count":0,"_bbp_total_topic_count":0,"_bbp_total_reply_count":0,"_bbp_voice_count":0,"_bbp_anonymous_reply_count":0,"_bbp_topic_count_hidden":0,"_bbp_reply_count_hidden":0,"_bbp_forum_subforum_count":0,"footnotes":""},"categories":[47,157,177,1,4],"tags":[],"class_list":["post-10665","post","type-post","status-publish","format-standard","has-post-thumbnail","hentry","category-generacio-2012","category-generacio-2013","category-generacio-2014","category-general","category-portada"],"post_mailing_queue_ids":[],"_links":{"self":[{"href":"https:\/\/agora.xtec.cat\/ceiprieraderibes\/wp-json\/wp\/v2\/posts\/10665","targetHints":{"allow":["GET"]}}],"collection":[{"href":"https:\/\/agora.xtec.cat\/ceiprieraderibes\/wp-json\/wp\/v2\/posts"}],"about":[{"href":"https:\/\/agora.xtec.cat\/ceiprieraderibes\/wp-json\/wp\/v2\/types\/post"}],"author":[{"embeddable":true,"href":"https:\/\/agora.xtec.cat\/ceiprieraderibes\/wp-json\/wp\/v2\/users\/175"}],"replies":[{"embeddable":true,"href":"https:\/\/agora.xtec.cat\/ceiprieraderibes\/wp-json\/wp\/v2\/comments?post=10665"}],"version-history":[{"count":3,"href":"https:\/\/agora.xtec.cat\/ceiprieraderibes\/wp-json\/wp\/v2\/posts\/10665\/revisions"}],"predecessor-version":[{"id":10685,"href":"https:\/\/agora.xtec.cat\/ceiprieraderibes\/wp-json\/wp\/v2\/posts\/10665\/revisions\/10685"}],"wp:featuredmedia":[{"embeddable":true,"href":"https:\/\/agora.xtec.cat\/ceiprieraderibes\/wp-json\/wp\/v2\/media\/10670"}],"wp:attachment":[{"href":"https:\/\/agora.xtec.cat\/ceiprieraderibes\/wp-json\/wp\/v2\/media?parent=10665"}],"wp:term":[{"taxonomy":"category","embeddable":true,"href":"https:\/\/agora.xtec.cat\/ceiprieraderibes\/wp-json\/wp\/v2\/categories?post=10665"},{"taxonomy":"post_tag","embeddable":true,"href":"https:\/\/agora.xtec.cat\/ceiprieraderibes\/wp-json\/wp\/v2\/tags?post=10665"}],"curies":[{"name":"wp","href":"https:\/\/api.w.org\/{rel}","templated":true}]}}