{"id":10604,"date":"2020-07-23T13:59:33","date_gmt":"2020-07-23T11:59:33","guid":{"rendered":"http:\/\/agora.xtec.cat\/ceiprieraderibes\/?p=10604"},"modified":"2020-11-15T21:14:35","modified_gmt":"2020-11-15T20:14:35","slug":"pla-dobertura-de-setembre-provisional","status":"publish","type":"post","link":"https:\/\/agora.xtec.cat\/ceiprieraderibes\/general\/pla-dobertura-de-setembre-provisional\/","title":{"rendered":"Pla d&#8217;Obertura de setembre (Provisional)"},"content":{"rendered":"<p style=\"text-align: justify;\">A continuaci\u00f3 trobareu els documents referents al Pla d&#8217;Obertura de setembre.<\/p>\n<p style=\"text-align: justify;\">Aquest document \u00e9s el Pla d\u2019Organitzaci\u00f3 B\u00e0sic i Provisional de l\u2019Escola Riera de Ribes elaborat per l\u2019equip directiu a partir de les aportacions del Claustre i altres estaments i, aprovat per Consell Escolar el dimarts 21 de juliol de 2020. Cont\u00e9 aspectes organitzatius i pedag\u00f2gics pel curs 2020-2021 en la situaci\u00f3 actual de pand\u00e8mia.<\/p>\n<p style=\"text-align: justify;\">El pla definitiu que es conclour\u00e0 la primera setmana de setembre, ser\u00e0 un element clau de la Programaci\u00f3 General Anual (PGA) del curs 2020-2021, incorporant els horaris definitius i alguns altres aspectes m\u00e9s concrets.<\/p>\n<p><a href=\"https:\/\/agora.xtec.cat\/ceiprieraderibes\/wp-content\/uploads\/usu901\/2020\/07\/RIERA-PLA-DOBERTURA-SETEMBRE-__PROVISIONAL-juliol-2020-1.pdf\">RIERA PLA D&#8217;OBERTURA SETEMBRE __PROVISIONAL juliol 2020<\/a><\/p>\n<p><a href=\"https:\/\/agora.xtec.cat\/ceiprieraderibes\/wp-content\/uploads\/usu901\/2020\/07\/PROTOCOL-INTERN-empresa-neteja-LA-BRUIXA-_-CORONAVIRUS.pdf\">PROTOCOL INTERN empresa neteja LA BRUIXA _ CORONAVIRUS<\/a><\/p>\n<p><a href=\"https:\/\/agora.xtec.cat\/ceiprieraderibes\/wp-content\/uploads\/usu901\/2020\/07\/neteja-desinfeccio-establiments-locals-concurrencia-humana.pdf\">Neteja-desinfeccio-establiments-locals-concurrencia-humana<\/a><\/p>\n<p><a href=\"https:\/\/agora.xtec.cat\/ceiprieraderibes\/wp-content\/uploads\/usu901\/2020\/07\/neteja-desinfeccio-espais-exteriors-concurrencia-humana.pdf\">Neteja-desinfeccio-espais-exteriors-concurrencia-humana<\/a><\/p>\n","protected":false},"excerpt":{"rendered":"<p>A continuaci\u00f3 trobareu els documents referents al Pla d&#8217;Obertura de setembre.<br \/>\nAquest document \u00e9s el Pla d\u2019Organitzaci\u00f3 B\u00e0sic i Provisional de l\u2019Escola Riera de Ribes elaborat per l\u2019equip directiu a partir de les aportacions del Claustre i altres estaments i, aprovat per Consell Escolar el dimarts&hellip;  <a href=\"https:\/\/agora.xtec.cat\/ceiprieraderibes\/general\/pla-dobertura-de-setembre-provisional\/\" title=\"Read Pla d&#8217;Obertura de setembre (Provisional)\">Llegeix m\u00e9s\u00bb<\/a><\/p>\n","protected":false},"author":175,"featured_media":0,"comment_status":"open","ping_status":"closed","sticky":false,"template":"","format":"standard","meta":{"_bbp_topic_count":0,"_bbp_reply_count":0,"_bbp_total_topic_count":0,"_bbp_total_reply_count":0,"_bbp_voice_count":0,"_bbp_anonymous_reply_count":0,"_bbp_topic_count_hidden":0,"_bbp_reply_count_hidden":0,"_bbp_forum_subforum_count":0,"footnotes":""},"categories":[1],"tags":[],"class_list":["post-10604","post","type-post","status-publish","format-standard","hentry","category-general"],"post_mailing_queue_ids":[],"_links":{"self":[{"href":"https:\/\/agora.xtec.cat\/ceiprieraderibes\/wp-json\/wp\/v2\/posts\/10604","targetHints":{"allow":["GET"]}}],"collection":[{"href":"https:\/\/agora.xtec.cat\/ceiprieraderibes\/wp-json\/wp\/v2\/posts"}],"about":[{"href":"https:\/\/agora.xtec.cat\/ceiprieraderibes\/wp-json\/wp\/v2\/types\/post"}],"author":[{"embeddable":true,"href":"https:\/\/agora.xtec.cat\/ceiprieraderibes\/wp-json\/wp\/v2\/users\/175"}],"replies":[{"embeddable":true,"href":"https:\/\/agora.xtec.cat\/ceiprieraderibes\/wp-json\/wp\/v2\/comments?post=10604"}],"version-history":[{"count":3,"href":"https:\/\/agora.xtec.cat\/ceiprieraderibes\/wp-json\/wp\/v2\/posts\/10604\/revisions"}],"predecessor-version":[{"id":10614,"href":"https:\/\/agora.xtec.cat\/ceiprieraderibes\/wp-json\/wp\/v2\/posts\/10604\/revisions\/10614"}],"wp:attachment":[{"href":"https:\/\/agora.xtec.cat\/ceiprieraderibes\/wp-json\/wp\/v2\/media?parent=10604"}],"wp:term":[{"taxonomy":"category","embeddable":true,"href":"https:\/\/agora.xtec.cat\/ceiprieraderibes\/wp-json\/wp\/v2\/categories?post=10604"},{"taxonomy":"post_tag","embeddable":true,"href":"https:\/\/agora.xtec.cat\/ceiprieraderibes\/wp-json\/wp\/v2\/tags?post=10604"}],"curies":[{"name":"wp","href":"https:\/\/api.w.org\/{rel}","templated":true}]}}