{"id":10601,"date":"2020-07-02T10:31:39","date_gmt":"2020-07-02T08:31:39","guid":{"rendered":"http:\/\/agora.xtec.cat\/ceiprieraderibes\/?p=10601"},"modified":"2020-07-08T16:37:39","modified_gmt":"2020-07-08T14:37:39","slug":"gracies-families","status":"publish","type":"post","link":"https:\/\/agora.xtec.cat\/ceiprieraderibes\/general\/gracies-families\/","title":{"rendered":"GR\u00c0CIES FAM\u00cdLIES!!!"},"content":{"rendered":"<p style=\"text-align: justify;\">Benvolgudes fam\u00edlies,<\/p>\n<p style=\"text-align: justify;\">Avui volem dedicar aquest espai per fer-vos arribar el nostre m\u00e9s profund agra\u00efment per la vostra implicaci\u00f3 i sensibilitat en aquests moments que hem viscut tant dif\u00edcils! Ens hem sentit molt a prop vostre, tot i la dist\u00e0ncia! heu realitzat una gran tasca des de cada casa tot aquest temps!!!<\/p>\n<p style=\"text-align: justify;\">En aquest temps de tanta incertesa, de patiment i de tant d\u2019esfor\u00e7 de tothom, des d\u2019aqu\u00ed volem felicitar a aquests infants que ho han fet tan b\u00e9!! i que s\u2019han adaptat a la nova situaci\u00f3 d\u2019una manera tan madura i conscient&#8230;que en moltes ocasions han sigut un exemple per nosaltres com adults!<\/p>\n<p style=\"text-align: justify;\">Tamb\u00e9 volem agrair-vos a les fam\u00edlies per recolzar la nostra tasca, per haver tingut la paci\u00e8ncia d&#8217;adaptar-vos a les noves modalitats de contacte. Hem estat pendents dels vostres fills i filles, per\u00f2 sense vosaltres no hagu\u00e9s estat possible!! Tots sabem que la tecnologia no pot transmetre la nostra pres\u00e8ncia, les nostres emocions\u2026 amb la vostra dedicaci\u00f3 us heu convertit en grans mestres dels vostres fills\/es!!<\/p>\n<p style=\"text-align: justify;\">Algunes fam\u00edlies heu sentit que el confinament us ha donat l\u2019oportunitat de crear un vincle encara m\u00e9s fort i segur amb els vostres fills\/es. Totes heu remarcat que heu viscut situacions noves i excepcionals, compartint angoixes, alegries, dubtes, preocupacions, idees i noves il\u00b7lusions. Moltes fam\u00edlies heu viscut moments de gran dificultat, sabem que no ha estat gens f\u00e0cil i ho heu fet amb la millor qualitat que heu pogut en cada cas!! Acompanyant al m\u00e0xim tot i les adversitats que heu trobat!<\/p>\n<p style=\"text-align: justify;\">Esperem que aquesta viv\u00e8ncia, esdevingui un bon aprenentatge, ens faci reflexionar com individus i societat, i serveixi per adonar-nos de les prioritats de la vida i de la necessitat de canviar certes coses.<\/p>\n<p style=\"text-align: justify;\">Per la nostra part, a l\u2019escola continuarem disposades a mantenir-nos amb la mateixa for\u00e7a!! mantenint l&#8217;ess\u00e8ncia Riera i com sempre, estant a la vostra disposici\u00f3 per tot el que necessiteu!!<\/p>\n<p style=\"text-align: justify;\"><strong>SENZILLAMENT GR\u00c0CIES A TOTES I TOTS PER LA VOSTRA CONFIAN\u00c7A!<\/strong><\/p>\n<p style=\"text-align: justify;\">Una abra\u00e7ada ben forta des de la dist\u00e0ncia de cada membre de l&#8217;ESCOLA RIERA DE RIBES.<\/p>\n<p><a href=\"https:\/\/agora.xtec.cat\/ceiprieraderibes\/wp-content\/uploads\/usu901\/2020\/07\/BON-ESTIU.jpg\"><img loading=\"lazy\" decoding=\"async\" class=\"alignnone size-full wp-image-10602\" src=\"https:\/\/agora.xtec.cat\/ceiprieraderibes\/wp-content\/uploads\/usu901\/2020\/07\/BON-ESTIU.jpg\" alt=\"\" width=\"800\" height=\"675\" srcset=\"https:\/\/agora.xtec.cat\/ceiprieraderibes\/wp-content\/uploads\/usu901\/2020\/07\/BON-ESTIU.jpg 800w, https:\/\/agora.xtec.cat\/ceiprieraderibes\/wp-content\/uploads\/usu901\/2020\/07\/BON-ESTIU-300x253.jpg 300w, https:\/\/agora.xtec.cat\/ceiprieraderibes\/wp-content\/uploads\/usu901\/2020\/07\/BON-ESTIU-768x648.jpg 768w\" sizes=\"auto, (max-width: 800px) 100vw, 800px\" \/><\/a><\/p>\n","protected":false},"excerpt":{"rendered":"<p>Benvolgudes fam\u00edlies,<br \/>\nAvui volem dedicar aquest espai per fer-vos arribar el nostre m\u00e9s profund agra\u00efment per la vostra implicaci\u00f3 i sensibilitat en aquests moments que hem viscut tant dif\u00edcils! Ens hem sentit molt a prop vostre, tot i la dist\u00e0ncia! heu realitzat una gran tasca des&hellip;  <a href=\"https:\/\/agora.xtec.cat\/ceiprieraderibes\/general\/gracies-families\/\" title=\"Read GR\u00c0CIES FAM\u00cdLIES!!!\">Llegeix m\u00e9s\u00bb<\/a><\/p>\n","protected":false},"author":174,"featured_media":10602,"comment_status":"open","ping_status":"closed","sticky":false,"template":"","format":"standard","meta":{"_bbp_topic_count":0,"_bbp_reply_count":0,"_bbp_total_topic_count":0,"_bbp_total_reply_count":0,"_bbp_voice_count":0,"_bbp_anonymous_reply_count":0,"_bbp_topic_count_hidden":0,"_bbp_reply_count_hidden":0,"_bbp_forum_subforum_count":0,"footnotes":""},"categories":[1,4],"tags":[],"class_list":["post-10601","post","type-post","status-publish","format-standard","has-post-thumbnail","hentry","category-general","category-portada"],"post_mailing_queue_ids":[],"_links":{"self":[{"href":"https:\/\/agora.xtec.cat\/ceiprieraderibes\/wp-json\/wp\/v2\/posts\/10601","targetHints":{"allow":["GET"]}}],"collection":[{"href":"https:\/\/agora.xtec.cat\/ceiprieraderibes\/wp-json\/wp\/v2\/posts"}],"about":[{"href":"https:\/\/agora.xtec.cat\/ceiprieraderibes\/wp-json\/wp\/v2\/types\/post"}],"author":[{"embeddable":true,"href":"https:\/\/agora.xtec.cat\/ceiprieraderibes\/wp-json\/wp\/v2\/users\/174"}],"replies":[{"embeddable":true,"href":"https:\/\/agora.xtec.cat\/ceiprieraderibes\/wp-json\/wp\/v2\/comments?post=10601"}],"version-history":[{"count":1,"href":"https:\/\/agora.xtec.cat\/ceiprieraderibes\/wp-json\/wp\/v2\/posts\/10601\/revisions"}],"predecessor-version":[{"id":10603,"href":"https:\/\/agora.xtec.cat\/ceiprieraderibes\/wp-json\/wp\/v2\/posts\/10601\/revisions\/10603"}],"wp:featuredmedia":[{"embeddable":true,"href":"https:\/\/agora.xtec.cat\/ceiprieraderibes\/wp-json\/wp\/v2\/media\/10602"}],"wp:attachment":[{"href":"https:\/\/agora.xtec.cat\/ceiprieraderibes\/wp-json\/wp\/v2\/media?parent=10601"}],"wp:term":[{"taxonomy":"category","embeddable":true,"href":"https:\/\/agora.xtec.cat\/ceiprieraderibes\/wp-json\/wp\/v2\/categories?post=10601"},{"taxonomy":"post_tag","embeddable":true,"href":"https:\/\/agora.xtec.cat\/ceiprieraderibes\/wp-json\/wp\/v2\/tags?post=10601"}],"curies":[{"name":"wp","href":"https:\/\/api.w.org\/{rel}","templated":true}]}}