{"id":10553,"date":"2020-06-22T08:50:42","date_gmt":"2020-06-22T06:50:42","guid":{"rendered":"http:\/\/agora.xtec.cat\/ceiprieraderibes\/?p=10553"},"modified":"2020-06-22T08:50:42","modified_gmt":"2020-06-22T06:50:42","slug":"segon-cicle-proposta-del-13-al-26-dabril","status":"publish","type":"post","link":"https:\/\/agora.xtec.cat\/ceiprieraderibes\/general\/segon-cicle-proposta-del-13-al-26-dabril\/","title":{"rendered":"Segon Cicle: proposta del 13 al 26 d&#8217;abril"},"content":{"rendered":"<p style=\"text-align: justify\"><strong>Proposta setmanal del 13 al 19 d\u2019Abril de 2020 <\/strong><\/p>\n<p style=\"text-align: justify\">Benvolgudes fam\u00edlies i alumnes,<\/p>\n<p style=\"text-align: justify\">Segurament a cada casa estareu visquent aquests dies realitats variades i diferents, amb emocions\u00a0 tamb\u00e9 variades i diferents.<\/p>\n<p style=\"text-align: justify\">A partir d\u2019aquesta setmana iniciem el tercer trimestre, confinats i virtual!!!. Qui ens ho havia de dir! Ara, segur que tot anir\u00e0 b\u00e9\u00a0 i ens podrem tornar a trobar aviat.<\/p>\n<p style=\"text-align: justify\">A partir d\u2019ara ens anirem posant en contacte a quatre bandes: via tel\u00e8fon (trucada de seguiment), correu per enviar les tasques, app per a rebre les tasques i, tamb\u00e9, un cop a la setmana compartirem impressions en el grup de lectura.<\/p>\n<p style=\"text-align: justify\">Cada dimecres anireu rebent un seguit de propostes globals amb la intenci\u00f3 de poder treballar des de l\u2019 inter\u00e8s, el moment i les necessitats de cadasc\u00fa.<\/p>\n<p style=\"text-align: justify\">Com ho heu de fer?<\/p>\n<p style=\"text-align: justify\">1- Fer la proposta d\u2019Educaci\u00f3 F\u00edsica<\/p>\n<p style=\"text-align: justify\">2- Unir-vos\u00a0 al Grup de lectura\u00a0 quan us convoqui el mestre\u00a0 que ja haur\u00e0s preparat amb les indicacions que trobar\u00e0s m\u00e9s endavant en aquest document.<\/p>\n<p style=\"text-align: justify\">3-Triar dues activitats per fer, del conjunt d\u2019aquestes propostes del llistat de sota, i enviar-les al correu <a href=\"mailto:segoncicleriera@gmail.com\">segoncicleriera<span class=\"\"><span class=\"\"><span class=\"\">@gmail.com<\/span><\/span><\/span><\/a><\/p>\n<p style=\"text-align: justify\">\u00a0Aqu\u00ed teniu el document amb les diferents propostes: <a href=\"https:\/\/agora.xtec.cat\/ceiprieraderibes\/wp-content\/uploads\/usu901\/2020\/06\/Propostes-setmanals-13-dabril.pdf\">Propostes setmanals 13 d&#8217;abril<\/a><\/p>\n<p>Gr\u00e0cies i endavant amb la feina!<\/p>\n<p>Equip de Mestres de 2n Cicle<\/p>\n<p>&nbsp;<\/p>\n","protected":false},"excerpt":{"rendered":"<p>Proposta setmanal del 13 al 19 d\u2019Abril de 2020<br \/>\nBenvolgudes fam\u00edlies i alumnes,<br \/>\nSegurament a cada casa estareu visquent aquests dies realitats variades i diferents, amb emocions\u00a0 tamb\u00e9 variades i diferents.<br \/>\nA partir d\u2019aquesta setmana iniciem el tercer trimestre, confinats i virtual!!!. Qui ens ho havia de&hellip;  <a href=\"https:\/\/agora.xtec.cat\/ceiprieraderibes\/general\/segon-cicle-proposta-del-13-al-26-dabril\/\" title=\"Read Segon Cicle: proposta del 13 al 26 d&#8217;abril\">Llegeix m\u00e9s\u00bb<\/a><\/p>\n","protected":false},"author":1,"featured_media":7820,"comment_status":"open","ping_status":"closed","sticky":false,"template":"","format":"standard","meta":{"_bbp_topic_count":0,"_bbp_reply_count":0,"_bbp_total_topic_count":0,"_bbp_total_reply_count":0,"_bbp_voice_count":0,"_bbp_anonymous_reply_count":0,"_bbp_topic_count_hidden":0,"_bbp_reply_count_hidden":0,"_bbp_forum_subforum_count":0,"footnotes":""},"categories":[1],"tags":[],"class_list":["post-10553","post","type-post","status-publish","format-standard","has-post-thumbnail","hentry","category-general"],"post_mailing_queue_ids":[],"_links":{"self":[{"href":"https:\/\/agora.xtec.cat\/ceiprieraderibes\/wp-json\/wp\/v2\/posts\/10553","targetHints":{"allow":["GET"]}}],"collection":[{"href":"https:\/\/agora.xtec.cat\/ceiprieraderibes\/wp-json\/wp\/v2\/posts"}],"about":[{"href":"https:\/\/agora.xtec.cat\/ceiprieraderibes\/wp-json\/wp\/v2\/types\/post"}],"author":[{"embeddable":true,"href":"https:\/\/agora.xtec.cat\/ceiprieraderibes\/wp-json\/wp\/v2\/users\/1"}],"replies":[{"embeddable":true,"href":"https:\/\/agora.xtec.cat\/ceiprieraderibes\/wp-json\/wp\/v2\/comments?post=10553"}],"version-history":[{"count":2,"href":"https:\/\/agora.xtec.cat\/ceiprieraderibes\/wp-json\/wp\/v2\/posts\/10553\/revisions"}],"predecessor-version":[{"id":10556,"href":"https:\/\/agora.xtec.cat\/ceiprieraderibes\/wp-json\/wp\/v2\/posts\/10553\/revisions\/10556"}],"wp:featuredmedia":[{"embeddable":true,"href":"https:\/\/agora.xtec.cat\/ceiprieraderibes\/wp-json\/wp\/v2\/media\/7820"}],"wp:attachment":[{"href":"https:\/\/agora.xtec.cat\/ceiprieraderibes\/wp-json\/wp\/v2\/media?parent=10553"}],"wp:term":[{"taxonomy":"category","embeddable":true,"href":"https:\/\/agora.xtec.cat\/ceiprieraderibes\/wp-json\/wp\/v2\/categories?post=10553"},{"taxonomy":"post_tag","embeddable":true,"href":"https:\/\/agora.xtec.cat\/ceiprieraderibes\/wp-json\/wp\/v2\/tags?post=10553"}],"curies":[{"name":"wp","href":"https:\/\/api.w.org\/{rel}","templated":true}]}}