{"id":10530,"date":"2020-06-19T13:47:08","date_gmt":"2020-06-19T11:47:08","guid":{"rendered":"http:\/\/agora.xtec.cat\/ceiprieraderibes\/?p=10530"},"modified":"2020-06-19T13:47:08","modified_gmt":"2020-06-19T11:47:08","slug":"segon-cicle-suggeriments-per-lestiu","status":"publish","type":"post","link":"https:\/\/agora.xtec.cat\/ceiprieraderibes\/general\/segon-cicle-suggeriments-per-lestiu\/","title":{"rendered":"Segon Cicle: Suggeriments per l&#8217;estiu"},"content":{"rendered":"<p>Benvolgudes fam\u00edlies i nens i nenes,<\/p>\n<p style=\"text-align: justify\">Avui arriba el final d\u2019un curs diferent, per\u00f2 que mai oblidarem. Ens agradaria felicitar-vos per com us heu adaptat i com heu treballat. Gr\u00e0cies per fer-ho tot m\u00e9s f\u00e0cil!<\/p>\n<p style=\"text-align: justify\">Ara toca descansar. Les vacances d\u2019estiu s\u00f3n un bon moment per a gaudir de la natura, l\u2019oci, els amics, la fam\u00edlia, el bon temps, i, \u00a0alhora \u00e9s un moment ideal per a potenciar les vostres capacitats intel\u00b7lectuals de manera molt l\u00fadica i vivencial.<\/p>\n<p style=\"text-align: justify\">Vosaltres ja en sabeu molt d\u2019aprendre descobrint, experimentant, provant i gaudint, per\u00f2 nosaltres us deixem aqu\u00ed unes recomanacions i suggeriments perqu\u00e8 tingueu algunes idees.<\/p>\n<p style=\"text-align: justify\"><a href=\"https:\/\/agora.xtec.cat\/ceiprieraderibes\/wp-content\/uploads\/usu901\/2020\/06\/Suggeriments-per-l-estiu-1.pdf\">Suggeriments per l&#8217; estiu<\/a><\/p>\n<p style=\"text-align: justify\">A m\u00e9s a m\u00e9s, tamb\u00e9 volem compartir amb vosaltres l\u2019\u00faltim recull que hem fet de les vostres tasques. Aquest mostra les ganes que teniu de tornar a l&#8217;escola. Aix\u00ed que, no veiem millor manera d&#8217;acomiadar-nos de tots vosaltres.<\/p>\n<p style=\"text-align: justify\">Gaudiu molt de l\u2019estiu, la fam\u00edlia i els amics!<\/p>\n<p style=\"text-align: justify\">ENS RETROBAREM AL SETEMBRE AMB M\u00c9S GANES QUE MAI!<\/p>\n<p style=\"text-align: justify\">L&#8217;Equip de Mestres de 2n Cicle<\/p>\n<p style=\"text-align: justify\"><iframe loading=\"lazy\" src=\"https:\/\/player.vimeo.com\/video\/430647532\" width=\"640\" height=\"480\" frameborder=\"0\"><\/iframe><\/p>\n","protected":false},"excerpt":{"rendered":"<p>Benvolgudes fam\u00edlies i nens i nenes,<br \/>\nAvui arriba el final d\u2019un curs diferent, per\u00f2 que mai oblidarem. Ens agradaria felicitar-vos per com us heu adaptat i com heu treballat. Gr\u00e0cies per fer-ho tot m\u00e9s f\u00e0cil!<br \/>\nAra toca descansar. Les vacances d\u2019estiu s\u00f3n un bon moment per a&hellip;  <a href=\"https:\/\/agora.xtec.cat\/ceiprieraderibes\/general\/segon-cicle-suggeriments-per-lestiu\/\" title=\"Read Segon Cicle: Suggeriments per l&#8217;estiu\">Llegeix m\u00e9s\u00bb<\/a><\/p>\n","protected":false},"author":1,"featured_media":10532,"comment_status":"open","ping_status":"closed","sticky":false,"template":"","format":"standard","meta":{"_bbp_topic_count":0,"_bbp_reply_count":0,"_bbp_total_topic_count":0,"_bbp_total_reply_count":0,"_bbp_voice_count":0,"_bbp_anonymous_reply_count":0,"_bbp_topic_count_hidden":0,"_bbp_reply_count_hidden":0,"_bbp_forum_subforum_count":0,"footnotes":""},"categories":[51,50,49,1,4],"tags":[],"class_list":["post-10530","post","type-post","status-publish","format-standard","has-post-thumbnail","hentry","category-generacio-2008","category-generacio-2009","category-generacio-2010","category-general","category-portada"],"post_mailing_queue_ids":[],"_links":{"self":[{"href":"https:\/\/agora.xtec.cat\/ceiprieraderibes\/wp-json\/wp\/v2\/posts\/10530","targetHints":{"allow":["GET"]}}],"collection":[{"href":"https:\/\/agora.xtec.cat\/ceiprieraderibes\/wp-json\/wp\/v2\/posts"}],"about":[{"href":"https:\/\/agora.xtec.cat\/ceiprieraderibes\/wp-json\/wp\/v2\/types\/post"}],"author":[{"embeddable":true,"href":"https:\/\/agora.xtec.cat\/ceiprieraderibes\/wp-json\/wp\/v2\/users\/1"}],"replies":[{"embeddable":true,"href":"https:\/\/agora.xtec.cat\/ceiprieraderibes\/wp-json\/wp\/v2\/comments?post=10530"}],"version-history":[{"count":3,"href":"https:\/\/agora.xtec.cat\/ceiprieraderibes\/wp-json\/wp\/v2\/posts\/10530\/revisions"}],"predecessor-version":[{"id":10542,"href":"https:\/\/agora.xtec.cat\/ceiprieraderibes\/wp-json\/wp\/v2\/posts\/10530\/revisions\/10542"}],"wp:featuredmedia":[{"embeddable":true,"href":"https:\/\/agora.xtec.cat\/ceiprieraderibes\/wp-json\/wp\/v2\/media\/10532"}],"wp:attachment":[{"href":"https:\/\/agora.xtec.cat\/ceiprieraderibes\/wp-json\/wp\/v2\/media?parent=10530"}],"wp:term":[{"taxonomy":"category","embeddable":true,"href":"https:\/\/agora.xtec.cat\/ceiprieraderibes\/wp-json\/wp\/v2\/categories?post=10530"},{"taxonomy":"post_tag","embeddable":true,"href":"https:\/\/agora.xtec.cat\/ceiprieraderibes\/wp-json\/wp\/v2\/tags?post=10530"}],"curies":[{"name":"wp","href":"https:\/\/api.w.org\/{rel}","templated":true}]}}