{"id":10513,"date":"2020-06-09T19:29:17","date_gmt":"2020-06-09T17:29:17","guid":{"rendered":"http:\/\/agora.xtec.cat\/ceiprieraderibes\/?p=10513"},"modified":"2020-06-09T19:29:17","modified_gmt":"2020-06-09T17:29:17","slug":"propostes-per-primer-cicle-setmana-del-9-al-16-de-juny","status":"publish","type":"post","link":"https:\/\/agora.xtec.cat\/ceiprieraderibes\/portada\/propostes-per-primer-cicle-setmana-del-9-al-16-de-juny\/","title":{"rendered":"Propostes per Primer Cicle: setmana del 9 al 16 de juny"},"content":{"rendered":"<h4><span style=\"color: #ff6600;\">Propostes per Primer Cicle: setmana del 9 al 16 de juny<\/span><\/h4>\n<p><span style=\"font-weight: 400;\">Hola nens i nenes, sembla mentida, per\u00f2 el curs arriba a la seva fi. \u00c9s per aix\u00f2 que aquestes seran les \u00faltimes propostes que enviarem. Durant la setmana que ve convocarem diferents reunions grupals que ens serviran per tancar el curs i acomiadar-nos.<\/span><\/p>\n<p><span style=\"font-weight: 400;\">Vinga, us animem a fer algunes d\u2019aquestes \u00faltimes propostes que, de segur, us encantaran.\u00a0<\/span><\/p>\n<p style=\"text-align: justify;\"><span style=\"font-weight: 400;\">Quan les tinguis, envia-les per correu electr\u00f2nic en forma de foto, petit video, document&#8230; El email \u00e9s <\/span><a href=\"mailto:primercicleriera@gmail.com\"><span style=\"font-weight: 400;\">primercicleriera@gmail.com<\/span><\/a><span style=\"font-weight: 400;\">.<\/span><\/p>\n<ul>\n<li style=\"text-align: justify;\"><em><span style=\"font-weight: 400;\">Fes clic <\/span><span style=\"font-weight: 400;\"><a href=\"https:\/\/drive.google.com\/open?id=1x2GMMsiGLrv3h3trIy45ChvgghRBM5jc5RcZKRkIhAs\">aqu\u00ed<\/a> <\/span><span style=\"font-weight: 400;\">per accedir al document amb lletra de PAL.<\/span><\/em><\/li>\n<li style=\"text-align: justify;\"><em><span style=\"font-weight: 400;\">Fes clic <\/span><a href=\"https:\/\/drive.google.com\/open?id=1qwoezecJyeI6Ri5tdcCl05qZZcDSbyXJ8D6PtaRKB-Q\"><span style=\"font-weight: 400;\">aqu\u00ed <\/span><\/a><span style=\"font-weight: 400;\">per accedir al document amb lletra d&#8217;impremta.<\/span><\/em><\/li>\n<\/ul>\n<pre><i><span style=\"font-weight: 400;\">Si vas a \u201cArchivo\u201d, i busques \u201cDescargar\u201d, podr\u00e0s descarregar-te el document al teu dispositiu.\r\n\r\n<\/span><\/i><\/pre>\n","protected":false},"excerpt":{"rendered":"<p>Propostes per Primer Cicle: setmana del 9 al 16 de juny<br \/>\nHola nens i nenes, sembla mentida, per\u00f2 el curs arriba a la seva fi. \u00c9s per aix\u00f2 que aquestes seran les \u00faltimes propostes que enviarem. Durant la setmana que ve convocarem diferents reunions grupals que&hellip;  <a href=\"https:\/\/agora.xtec.cat\/ceiprieraderibes\/portada\/propostes-per-primer-cicle-setmana-del-9-al-16-de-juny\/\" title=\"Read Propostes per Primer Cicle: setmana del 9 al 16 de juny\">Llegeix m\u00e9s\u00bb<\/a><\/p>\n","protected":false},"author":175,"featured_media":10514,"comment_status":"open","ping_status":"closed","sticky":false,"template":"","format":"standard","meta":{"_bbp_topic_count":0,"_bbp_reply_count":0,"_bbp_total_topic_count":0,"_bbp_total_reply_count":0,"_bbp_voice_count":0,"_bbp_anonymous_reply_count":0,"_bbp_topic_count_hidden":0,"_bbp_reply_count_hidden":0,"_bbp_forum_subforum_count":0,"footnotes":""},"categories":[48,47,157,4],"tags":[],"class_list":["post-10513","post","type-post","status-publish","format-standard","has-post-thumbnail","hentry","category-generacio-2011","category-generacio-2012","category-generacio-2013","category-portada"],"post_mailing_queue_ids":[],"_links":{"self":[{"href":"https:\/\/agora.xtec.cat\/ceiprieraderibes\/wp-json\/wp\/v2\/posts\/10513","targetHints":{"allow":["GET"]}}],"collection":[{"href":"https:\/\/agora.xtec.cat\/ceiprieraderibes\/wp-json\/wp\/v2\/posts"}],"about":[{"href":"https:\/\/agora.xtec.cat\/ceiprieraderibes\/wp-json\/wp\/v2\/types\/post"}],"author":[{"embeddable":true,"href":"https:\/\/agora.xtec.cat\/ceiprieraderibes\/wp-json\/wp\/v2\/users\/175"}],"replies":[{"embeddable":true,"href":"https:\/\/agora.xtec.cat\/ceiprieraderibes\/wp-json\/wp\/v2\/comments?post=10513"}],"version-history":[{"count":1,"href":"https:\/\/agora.xtec.cat\/ceiprieraderibes\/wp-json\/wp\/v2\/posts\/10513\/revisions"}],"predecessor-version":[{"id":10515,"href":"https:\/\/agora.xtec.cat\/ceiprieraderibes\/wp-json\/wp\/v2\/posts\/10513\/revisions\/10515"}],"wp:featuredmedia":[{"embeddable":true,"href":"https:\/\/agora.xtec.cat\/ceiprieraderibes\/wp-json\/wp\/v2\/media\/10514"}],"wp:attachment":[{"href":"https:\/\/agora.xtec.cat\/ceiprieraderibes\/wp-json\/wp\/v2\/media?parent=10513"}],"wp:term":[{"taxonomy":"category","embeddable":true,"href":"https:\/\/agora.xtec.cat\/ceiprieraderibes\/wp-json\/wp\/v2\/categories?post=10513"},{"taxonomy":"post_tag","embeddable":true,"href":"https:\/\/agora.xtec.cat\/ceiprieraderibes\/wp-json\/wp\/v2\/tags?post=10513"}],"curies":[{"name":"wp","href":"https:\/\/api.w.org\/{rel}","templated":true}]}}